{"id":136837,"date":"2021-07-05T17:51:04","date_gmt":"2021-07-05T20:51:04","guid":{"rendered":"https:\/\/www.novaconcursos.com.br\/portal\/?p=136837"},"modified":"2021-07-05T17:51:09","modified_gmt":"2021-07-05T20:51:09","slug":"concurso-sefa-pa-bancas-disputa","status":"publish","type":"post","link":"https:\/\/www.novaconcursos.com.br\/portal\/noticias\/concurso-sefa-pa-bancas-disputa\/","title":{"rendered":"Concurso Sefa PA: 5 bancas organizadoras continuam na disputa!"},"content":{"rendered":"<p>Aten\u00e7\u00e3o concurseiros! <strong>Cinco bancas<\/strong> continuam na disputa pela organiza\u00e7\u00e3o do <a href=\"https:\/\/www.novaconcursos.com.br\/portal\/concursos\/concurso-sefa-pa\/\">concurso Sefa PA<\/a>\u00a0(Secretaria de Fazenda do Par\u00e1). As <strong>provas <\/strong>est\u00e3o previstas para o<strong> \u00faltimo trimestre<\/strong>\u00a0de 2021 e a sele\u00e7\u00e3o poder\u00e1 contar com\u00a0<strong>110 vagas<\/strong>\u00a0ofertadas.<\/p>\n\n\n\n<ul class=\"wp-block-list\"><li><strong>Confira: <\/strong><a rel=\"noreferrer noopener\" aria-label=\"Guia Definitivo Plano de Estudos (Gr\u00e1tis) (abre numa nova aba)\" href=\"https:\/\/www.novaconcursos.com.br\/eventos\/guia-definitivo-plano-de-estudos-passo-a-passo\/\" target=\"_blank\">Guia Definitivo Plano de Estudos (Gr\u00e1tis)<\/a><\/li><\/ul><p><\/p>\n\n\n\n<h2 class=\"wp-block-heading\" id=\"concurso-sefa-pa-bancas-continuam-na-disputa\">Concurso Sefa PA: bancas continuam na disputa<\/h2>\n\n\n\n<p>O <strong>processo de escolha da banda<\/strong> organizadora do concurso da Secretaria de Fazenda do <a href=\"https:\/\/www.novaconcursos.com.br\/portal\/concursos-previstos\/pa\/\">Par\u00e1 <\/a>teve <strong>avan\u00e7os <\/strong>nesta semana. <\/p>\n\n\n\n<p>As <strong>cinco bancas <\/strong>que enviaram suas propostas foram <strong>consideradas habilitadas<\/strong> e seguem para a pr\u00f3xima etapa.<\/p>\n\n\n\n<p>O <strong>extrato do resultado<\/strong> foi confirmado em publica\u00e7\u00e3o nesta segunda-feira (05), no Di\u00e1rio Oficial do estado.<\/p>\n\n\n\n<p><em>\u201cAnalisados os documentos apresentados \u00e0 ocasi\u00e3o da an\u00e1lise e julgamento da 1\u00ba\u00a0fase da concorr\u00eancia\u201d<\/em>, afirmou a publica\u00e7\u00e3o. <\/p>\n\n\n\n<p>As bancas habilitadas s\u00e3o:<\/p>\n\n\n\n<ul class=\"wp-block-list\"><li>Cetap;<\/li><li>Consulplan;<\/li><li>Ibam;<\/li><li>Fadesp; e<\/li><li>Fundatec.<\/li><\/ul><p><\/p>\n\n\n\n<p>Vale lembrar que, recentemente, a\u00a0<strong>Cetap\u00a0<\/strong>foi confirmada como\u00a0<strong>organizadora dos concursos<\/strong>\u00a0Jucepa, PGE, Seplad e AGE; isso pode ser um ponto positivo para que a banca organize mais este concurso.<\/p>\n\n\n\n<h2 class=\"wp-block-heading\" id=\"seplad-abre-prazo-para-recursos-das-bancas-homologadas\"><strong>Seplad abre prazo para recursos<\/strong> das bancas homologadas<\/h2>\n\n\n\n<p>Agora, ap\u00f3s o resultado das homologa\u00e7\u00f5es, a Seplad abrir\u00e1 o <strong>prazo para recursos<\/strong>, para que as bancas que n\u00e3o concordarem com os resultados possam <strong>contestar a decis\u00e3o.<\/strong><\/p>\n\n\n\n<p>Para realizar a contesta\u00e7\u00e3o, os interessados dever\u00e3o, <strong>enviar as reclama\u00e7\u00f5es em at\u00e9 cinco\u00a0dias \u00fateis<\/strong>, contados a partir da publica\u00e7\u00e3o do ato, ou seja, at\u00e9 a pr\u00f3xima segunda-feira (12).<\/p>\n\n\n\n<p>Vale ressaltar que o <strong>documento est\u00e1 assinado<\/strong> pelo presidente da comiss\u00e3o, Edemilson Fagundes Barbosa. <\/p>\n\n\n\n<p><em>\u201cO avan\u00e7o na realiza\u00e7\u00e3o do concurso da Sefa reafirma o compromisso da atual gest\u00e3o para com a popula\u00e7\u00e3o, que merece mais aten\u00e7\u00e3o e uma boa presta\u00e7\u00e3o nos servi\u00e7os, al\u00e9m do Estado gerar oportunidades no funcionalismo p\u00fablico\u201d<\/em>, disse Josyn\u00e9lia Raiol, secret\u00e1ria adjunta de Moderniza\u00e7\u00e3o e Gest\u00e3o da Seplad.<\/p>\n\n\n\n<p>Vale lembrar tamb\u00e9m que o <strong>edital s\u00f3 poder\u00e1 ser lan\u00e7ado <\/strong>ap\u00f3s a escolha da banca organizadora do certame do\u00a0<a href=\"https:\/\/www.novaconcursos.com.br\/portal\/concursos-abertos\/pa\/\">Par\u00e1<\/a>.<\/p>\n\n\n\n<p><em>\u201cO avan\u00e7o na realiza\u00e7\u00e3o do concurso da Sefa reafirma o compromisso da atual gest\u00e3o para com a popula\u00e7\u00e3o, que merece mais aten\u00e7\u00e3o e uma boa presta\u00e7\u00e3o nos servi\u00e7os, al\u00e9m do Estado gerar oportunidades no funcionalismo p\u00fablico\u201d,<\/em>\u00a0disse Josyn\u00e9lia Raiol, secret\u00e1ria adjunta de Moderniza\u00e7\u00e3o e Gest\u00e3o da Seplad.<\/p>\n\n\n\n<h2 class=\"wp-block-heading\" id=\"concurso-sefa-pa-cargos-vagas-e-taxas-confirmadas\"><strong>Concurso Sefa PA: cargos, vagas e taxas confirmadas<\/strong><\/h2>\n\n\n\n<p>Enquanto o\u00a0<strong>edital e a banca<\/strong>\u00a0n\u00e3o s\u00e3o anunciados, v\u00e1rias outras informa\u00e7\u00f5es j\u00e1 foram divulgadas, atrav\u00e9s do <strong>projeto b\u00e1sico.<\/strong><\/p>\n\n\n\n<p>O documento confirmou que ser\u00e3o<strong>\u00a0ofertadas 110 vagas<\/strong>\u00a0e revelou os\u00a0<strong>sal\u00e1rios, carga hor\u00e1ria de trabalho, etapas de sele\u00e7\u00e3o e informa\u00e7\u00f5es sobre as inscri\u00e7\u00f5es.<\/strong> Confira abaixo:<\/p>\n\n\n\n<h3 class=\"wp-block-heading\"><strong>Cargos e vagas<\/strong><\/h3>\n\n\n\n<p>Com oportunidades para carreiras de\u00a0<strong>Fiscal e Auditor<\/strong>\u00a0da Secretaria da Fazenda do Par\u00e1, o concurso ofertar\u00e1 110 vaga, sendo:<\/p>\n\n\n\n<ul class=\"wp-block-list\"><li><strong>Fiscal de receitas estaduais<\/strong>\u00a0\u2013 10 vagas imediatas;<\/li><li><strong>Auditor fiscal de receitas estaduais<\/strong>\u00a0\u2013 38 vagas imediatas e 62 em cadastro de reserva.<\/li><\/ul><p><\/p>\n\n\n\n<h3 class=\"wp-block-heading\"><strong>Requisito e carga hor\u00e1ria<\/strong><\/h3>\n\n\n\n<p>Os candidatos interessados em uma das vagas dever\u00e3o apresentar documenta\u00e7\u00e3o de\u00a0<strong>n\u00edvel superior.\u00a0<\/strong>Al\u00e9m disso, \u00e9 preciso se atentar aos outros requisitos, por exemplo, no \u00faltimo certame, foram cobrados:<\/p>\n\n\n\n<ul class=\"wp-block-list\"><li>Estar quite com as obriga\u00e7\u00f5es eleitorais e militares (para homens);<\/li><li>Estar em pleno exerc\u00edcio dos direitos pol\u00edticos;<\/li><li>Gozar de sa\u00fade f\u00edsica e mental;<\/li><li>N\u00e3o haver sido condenado criminalmente por senten\u00e7a judicial transitada em julgado ou sofrido san\u00e7\u00e3o administrativa impeditiva do exerc\u00edcio de cargo p\u00fablico;<\/li><li>Reputa\u00e7\u00e3o Ilibada.<\/li><\/ul><p><\/p>\n\n\n\n<p>A carga hor\u00e1ria de trabalho \u00e9 de\u00a0<strong>30 horas<\/strong> semanais e o regime jur\u00eddico de contrata\u00e7\u00e3o \u00e9 o\u00a0<strong>Estatut\u00e1rio<\/strong>, ou seja, que assegura a estabilidade ao servidor.<\/p>\n\n\n\n<h3 class=\"wp-block-heading\"><strong>Sal\u00e1rios<\/strong><\/h3>\n\n\n\n<p>Os\u00a0<strong>sal\u00e1rios\u00a0<\/strong>ofertados tamb\u00e9m foram divulgados pelo documento:<\/p>\n\n\n\n<ul class=\"wp-block-list\"><li>Fiscal de receitas \u2013\u00a0R$ 11.910,51 \u2013 vencimento base + Gratifica\u00e7\u00e3o de Escolaridade;<\/li><li>Auditor fiscal de receitas \u2013 R$ 15.076,58 \u2013 vencimento base + Gratifica\u00e7\u00e3o de Escolaridade.<\/li><\/ul><p><\/p>\n\n\n\n<h3 class=\"wp-block-heading\"><strong>Inscritos e taxas<\/strong><\/h3>\n\n\n\n<p>Ainda sem data definida, as\u00a0<strong>inscri\u00e7\u00f5es<\/strong> ser\u00e3o de responsabilidade da banca organizadora que for contratada. A taxa, segundo a secretaria, ser\u00e1 de\u00a0<strong>R$ 150,63<\/strong>, para ambos os cargos.<\/p>\n\n\n\n<p><em>\u201cN\u00e3o ser\u00e3o aceitos dep\u00f3sitos banc\u00e1rios ou qualquer forma de transfer\u00eancia em favor da empresa ou institui\u00e7\u00e3o como forma de pagamento da taxa de inscri\u00e7\u00e3o, que dever\u00e1 ser feita exclusivamente por meio do boleto de pagamento da taxa de inscri\u00e7\u00e3o\u201d<\/em>, informou a secretaria.<\/p>\n\n\n\n<h3 class=\"wp-block-heading\"><strong>Locais de prova<\/strong><\/h3>\n\n\n\n<p>A\u00a0<strong>aplica\u00e7\u00e3o das provas est\u00e1 prevista para acontecer em outubro<\/strong>, segundo a secret\u00e1ria de Planejamento e Administra\u00e7\u00e3o, Hana Ghassan. Entretanto, a data exata ainda n\u00e3o foi confirmada. <\/p>\n\n\n\n<p>Mas, para isso, vale lembrar que o processo licitat\u00f3rio precisa ser conclu\u00eddo ainda este m\u00eas, para que o edital possa ser preparado e publicado a tempo. <\/p>\n\n\n\n<p>As provas objetivas ser\u00e3o aplicadas em\u00a0<strong>Altamira, Bel\u00e9m, Marab\u00e1, Santar\u00e9m, Itaituba e Reden\u00e7\u00e3o<\/strong>. Cabe ressaltar, no entanto, que os locais poder\u00e3o ser mudados.<\/p>\n\n\n\n<h3 class=\"wp-block-heading\"><strong>Etapas de sele\u00e7\u00e3o<\/strong><\/h3>\n\n\n\n<p>Os inscritos no certame ser\u00e3o avaliados por uma\u00a0<strong>\u00fanica etapa<\/strong>, o Exame de Avalia\u00e7\u00e3o de Conhecimentos, com Provas Objetivas de conhecimento b\u00e1sico, gerais e espec\u00edficos.<\/p>\n\n\n\n<p>Em\u00a0<strong>car\u00e1ter eliminat\u00f3rio e classificat\u00f3rio<\/strong>, o exame abordar\u00e1 todas as disciplinas constantes do conte\u00fado program\u00e1tico a ser informado posteriormente, na publica\u00e7\u00e3o do edital.<\/p>","protected":false},"excerpt":{"rendered":"<p>Aten\u00e7\u00e3o concurseiros! Cinco bancas continuam na disputa pela organiza\u00e7\u00e3o do concurso Sefa PA\u00a0(Secretaria de Fazenda do Par\u00e1). As provas est\u00e3o previstas para o \u00faltimo trimestre\u00a0de 2021 e a sele\u00e7\u00e3o poder\u00e1 contar com\u00a0110 vagas\u00a0ofertadas. Confira: Guia Definitivo Plano de Estudos (Gr\u00e1tis) Concurso Sefa PA: bancas continuam na disputa O processo de escolha da banda organizadora do [&hellip;]<\/p>\n","protected":false},"author":54671,"featured_media":127984,"comment_status":"closed","ping_status":"closed","sticky":false,"template":"","format":"standard","meta":{"_acf_changed":false,"footnotes":"","_wp_rev_ctl_limit":""},"categories":[228],"tags":[39520,776,37438,36666,2506,36860,198,2578,37440,36667,115,784,13408,36669,39519,37434,37437,37439,39521,36668],"class_list":["post-136837","post","type-post","status-publish","format-standard","has-post-thumbnail","hentry","category-noticias","tag-cargos-concurso-sefa-pa","tag-concurso-pa","tag-concurso-secretaria-de-fazenda-do-para","tag-concurso-sefa-pa","tag-concursos-nacionais","tag-concursos-para","tag-concursos-previstos","tag-concursos-publicos","tag-concursos-secretaria-de-fazenda","tag-edital-concurso-sefa-pa","tag-nova-concursos","tag-pa","tag-para","tag-provas-concurso-sefa-pa","tag-salario-concurso-sefa-pa","tag-secretaria-de-fazenda","tag-secretaria-de-fazenda-do-para","tag-sefa-pa","tag-ultimo-concurso-sefa-pa","tag-vagas-concurso-sefa-pa"],"acf":[],"_links":{"self":[{"href":"https:\/\/www.novaconcursos.com.br\/portal\/wp-json\/wp\/v2\/posts\/136837","targetHints":{"allow":["GET"]}}],"collection":[{"href":"https:\/\/www.novaconcursos.com.br\/portal\/wp-json\/wp\/v2\/posts"}],"about":[{"href":"https:\/\/www.novaconcursos.com.br\/portal\/wp-json\/wp\/v2\/types\/post"}],"author":[{"embeddable":true,"href":"https:\/\/www.novaconcursos.com.br\/portal\/wp-json\/wp\/v2\/users\/54671"}],"replies":[{"embeddable":true,"href":"https:\/\/www.novaconcursos.com.br\/portal\/wp-json\/wp\/v2\/comments?post=136837"}],"version-history":[{"count":5,"href":"https:\/\/www.novaconcursos.com.br\/portal\/wp-json\/wp\/v2\/posts\/136837\/revisions"}],"predecessor-version":[{"id":136849,"href":"https:\/\/www.novaconcursos.com.br\/portal\/wp-json\/wp\/v2\/posts\/136837\/revisions\/136849"}],"wp:featuredmedia":[{"embeddable":true,"href":"https:\/\/www.novaconcursos.com.br\/portal\/wp-json\/wp\/v2\/media\/127984"}],"wp:attachment":[{"href":"https:\/\/www.novaconcursos.com.br\/portal\/wp-json\/wp\/v2\/media?parent=136837"}],"wp:term":[{"taxonomy":"category","embeddable":true,"href":"https:\/\/www.novaconcursos.com.br\/portal\/wp-json\/wp\/v2\/categories?post=136837"},{"taxonomy":"post_tag","embeddable":true,"href":"https:\/\/www.novaconcursos.com.br\/portal\/wp-json\/wp\/v2\/tags?post=136837"}],"curies":[{"name":"wp","href":"https:\/\/api.w.org\/{rel}","templated":true}]}}