{"id":136861,"date":"2021-07-07T08:34:34","date_gmt":"2021-07-07T11:34:34","guid":{"rendered":"https:\/\/www.novaconcursos.com.br\/portal\/?p=136861"},"modified":"2025-05-06T15:44:36","modified_gmt":"2025-05-06T18:44:36","slug":"concurso-publico-22-editais-publicados","status":"publish","type":"post","link":"https:\/\/www.novaconcursos.com.br\/portal\/noticias\/concurso-publico-22-editais-publicados\/","title":{"rendered":"Concurso P\u00fablico: 22 editais Publicados nas 2 \u00faltimas semanas!"},"content":{"rendered":"<p>Com o in\u00edcio do <strong>m\u00eas de julho<\/strong>, muitos <strong>concursos p\u00fablicos<\/strong> foram disponibilizados em <strong>diversas regi\u00f5es<\/strong> do Brasil. Os concursos s\u00e3o para \u00f3rg\u00e3os municipais, federais, estaduais ou distritais. <\/p>\n\n\n\n<p><\/p>\n\n\n\n<p>Veja aqui quais s\u00e3o esses <strong>concursos que est\u00e3o abertos<\/strong> e fique por dentro de todas as principais <strong>informa\u00e7\u00f5es<\/strong> dos certames. Confira:<\/p>\n\n\n\n<h2 class=\"wp-block-heading\" id=\"concursos-abertos\">Concursos Abertos<\/h2>\n\n\n\n<h3 class=\"wp-block-heading\">Concurso Prefeitura de Seara (SC)<\/h3>\n\n\n\n<p>O <strong>concurso Prefeitura de Seara<\/strong> em Santa Catarina <strong>disponibiliza vagas<\/strong> para profissionais alfabetizados de n\u00edvel fundamental, m\u00e9dio\/t\u00e9cnico ou n\u00edvel superior.<\/p>\n\n\n\n<p>A <strong>inscri\u00e7\u00e3o<\/strong> pode ser feita pelo site da Amauc entre os dias <strong>2 de julho e 2 de agosto de 2021<\/strong>. Tamb\u00e9m haver\u00e1 <strong>isen\u00e7\u00e3o de taxa<\/strong> para doares de sangue, de acordo com o edital.<\/p>\n\n\n\n<p>Das etapas, ser\u00e3o cobradas <strong>provas objetivas e pr\u00e1ticas<\/strong>.<\/p>\n\n\n\n<h3 class=\"wp-block-heading\">Concurso Prefeitura de Paranava\u00ed (PR)<\/h3>\n\n\n\n<p>A princ\u00edpio, o <strong>concurso est\u00e1 com processo seletivo<\/strong> aberto e \u00e9 para preenchimento de <strong>cadastros reservas<\/strong> para n\u00edvel fundamental, m\u00e9dio ou superior. As candidaturas ser\u00e3o recebidas pelo site da prefeitura.<\/p>\n\n\n\n<p>Al\u00e9m disso, as <strong>etapas do concurso p\u00fablico<\/strong> se dar\u00e3o por meio de an\u00e1lise de t\u00edtulos e exame m\u00e9dico pericial. Confira no edital.<\/p>\n\n\n\n<h3 class=\"wp-block-heading\">Concurso Prefeitura de Iaciara (GO)<\/h3>\n\n\n\n<p>O <strong>concurso da prefeitura de Iaciara<\/strong> \u00e9 destinado para preencher <strong>vagas tempor\u00e1rias<\/strong> por profissionais de diversas \u00e1reas, por meio da Secretaria de Obras e Urbanismo. <\/p>\n\n\n\n<p>Os <strong>requisitos<\/strong> para <strong>preencher os cargos<\/strong> \u00e9 ter idade m\u00ednima de 18 anos, o ensino fundamental completo e CNH nas categorias \u201cA\u201d, \u201cC\u201d, \u201cD\u201d ou \u201cE\u201d.<\/p>\n\n\n\n<p>As <strong>inscri\u00e7\u00f5es <\/strong>foram recebidas exclusivamente de forma presencial, na Escola Municipal Professor Sebasti\u00e3o Marques de Souza, veja o edital.<\/p>\n\n\n\n<h3 class=\"wp-block-heading\">Concurso Prefeitura de Paraty (RJ)<\/h3>\n\n\n\n<p>J\u00e1 no Rio de Janeiro, o <strong>concurso Prefeitura de Paraty <\/strong>publicou um <strong>novo edital<\/strong>, para <strong>contrata\u00e7\u00e3o de servidores<\/strong> no cargo de Agente de Apoio \u00e0 Educa\u00e7\u00e3o. As inscri\u00e7\u00f5es <strong>podem ser feitas<\/strong> no site do IBAM (Instituto Brasileiro de Administra\u00e7\u00e3o Municipal).<\/p>\n\n\n\n<p>Para participar do concurso \u00e9 necess\u00e1rio que o candidato possua o Ensino M\u00e9dio Completo, bem como um Curso Espec\u00edfico na \u00c1rea de Educa\u00e7\u00e3o Especial. As etapas ser\u00e3o provas objetivas e discursivas.<\/p>\n\n\n\n<h3 class=\"wp-block-heading\">Concurso Cefet MG<\/h3>\n\n\n\n<p>O <a href=\"https:\/\/www.novaconcursos.com.br\/portal\/concursos\/concurso-cefet-mg\/\">concurso Cefet MG<\/a> teve <strong>edital publicado<\/strong> com <strong>vagas e forma\u00e7\u00e3o de cadastros reservas<\/strong> em cargos de n\u00edvel m\u00e9dio e superior.<\/p>\n\n\n\n<p>Ademais, a remunera\u00e7\u00e3o oferecida \u00e9 de <strong>R$ 2.446,90 e R$ 4.180,66<\/strong> de acordo com o <strong>cargo escolhido<\/strong> para atuar. Conta com jornada de trabalho de 40h semanais. Al\u00e9m de <strong>benef\u00edcios como aux\u00edlios<\/strong>.<\/p>\n\n\n\n<h3 class=\"wp-block-heading\">Concurso Prefeitura de Arroio Grande (RS)<\/h3>\n\n\n\n<p>As inscri\u00e7\u00f5es do <strong>concurso da Prefeitura de Arroio Grande<\/strong> foram reabertas.  <\/p>\n\n\n\n<p>Os candidatos <strong>dever\u00e3o passar <\/strong>pelas <strong>etapas de <\/strong>provas objetivas, com disciplinas como: l\u00edngua portuguesa, matem\u00e1tica, inform\u00e1tica, conhecimentos gerais, b\u00e1sico ou espec\u00edficos por fun\u00e7\u00e3o. Confira no edital.<\/p>\n\n\n\n<h3 class=\"wp-block-heading\">Concurso Prefeitura de Get\u00falio Vargas (RS)<\/h3>\n\n\n\n<p>O <strong>concurso Prefeitura Get\u00falio Vargas<\/strong> divulgou um edital com <strong>vagas imediatas<\/strong> e oportunidades de cadastros reservas.<\/p>\n\n\n\n<p>Ser\u00e3o aplicadas <strong>provas objetivas<\/strong> que est\u00e3o <strong>previstas para agosto <\/strong>e consistir\u00e1 em quest\u00f5es como: l\u00edngua portuguesa, matem\u00e1tica, inform\u00e1tica, legisla\u00e7\u00e3o e conhecimentos espec\u00edficos.<\/p>\n\n\n\n<h3 class=\"wp-block-heading\">Concurso Seap PA<\/h3>\n\n\n\n<p>O edital do <a href=\"https:\/\/www.novaconcursos.com.br\/portal\/concursos\/concurso-seap-pa\/\">concurso Seap PA<\/a> <strong>foi publicado<\/strong> e s\u00e3o <strong>milhares de vagas imediatas<\/strong> para o cargo de Policial Penal, que <strong>exigem ensino m\u00e9dio<\/strong> completo. Al\u00e9m disso, ser\u00e1 oferecidos cadastros reservas. <\/p>\n\n\n\n<p>S\u00e3o <strong>1.945 vagas<\/strong> e o sal\u00e1rio para Policiais Penais fica em torno de <strong>R$ 2.810,00<\/strong>. As provas objetivas do concurso est\u00e3o previstas para o dia <strong>24 de outubro<\/strong>.<\/p>\n\n\n\n<h3 class=\"wp-block-heading\">Concurso Prefeitura de Guaruj\u00e1 (SP)<\/h3>\n\n\n\n<p>J\u00e1 em S\u00e3o Paulo, o edital do <a href=\"https:\/\/www.novaconcursos.com.br\/portal\/concursos\/concurso-prefeitura-de-guaruja-sp\/\">concurso Prefeitura de Guaruj\u00e1<\/a> <strong>oferece vagas<\/strong> para n\u00edvel m\u00e9dio, t\u00e9cnico e superior de car\u00e1ter tempor\u00e1rio.<\/p>\n\n\n\n<p>Das <strong>etapas do concurso<\/strong>, os candidatos dever\u00e3o ser <strong>submetidos<\/strong> a prova objetiva de <strong>car\u00e1ter classificat\u00f3rio e eliminat\u00f3rio<\/strong>. E s\u00e3o quest\u00f5es de m\u00faltipla escolha, com disciplinas de: l\u00edngua portuguesa, matem\u00e1tica, conhecimentos espec\u00edficos, inform\u00e1tica e conhecimentos sobre sistema \u00fanico de sa\u00fade.<\/p>\n\n\n\n<h3 class=\"wp-block-heading\">Concurso Seed Roraima<\/h3>\n\n\n\n<p>O edital do <a href=\"https:\/\/www.novaconcursos.com.br\/portal\/concursos\/concurso-seed-rr\/\">concurso Seed RR<\/a> (Secretaria de Educa\u00e7\u00e3o e Desporto do Estado de Roraima) <strong>foi divulgado<\/strong> e traz vagas para <strong>candidatos<\/strong> de n\u00edvel superior. As <strong>inscri\u00e7\u00f5es<\/strong> para o <strong>concurso p\u00fablico<\/strong> podem ser feitas pela internet, no site do IBFC, banca organizadora do concurso.<\/p>\n\n\n\n<h3 class=\"wp-block-heading\">Concurso CRT 1\u00aa Regi\u00e3o<\/h3>\n\n\n\n<p>O <a href=\"https:\/\/www.novaconcursos.com.br\/portal\/concursos\/concurso-crt-1a-regiao\/\">concurso CRT 1<\/a> (Conselho dos T\u00e9cnicos Industriais da 1\u00aa Regi\u00e3o) <strong>abrange as cidades de<\/strong> Bras\u00edlia, Boa Vista, Campo Grande, Cuiab\u00e1, Goi\u00e2nia, Manaus, Palmas, Porto Velho, Rio Branco. S\u00e3o <strong>v\u00e1rios cargos<\/strong> ofertados.<\/p>\n\n\n\n<p>As <strong>inscri\u00e7\u00f5es est\u00e3o abertas<\/strong> e podem ser feitas pelo site do Instituto Quadrix, a banca respons\u00e1vel pelas <strong>etapas do concurso<\/strong>. As provas objetivas devem acontecer em outubro.<\/p>\n\n\n\n<h3 class=\"wp-block-heading\">Concurso UERR<\/h3>\n\n\n\n<p>Foi aberto um novo <a href=\"https:\/\/www.novaconcursos.com.br\/portal\/concursos\/uerr-concurso\/\">concurso UERR<\/a> (Universidade Estadual de Roraima). E o edital \u00e9 <strong>destinado \u00e0 contrata\u00e7\u00e3o<\/strong> de diversos professores efetivos de especialista, mestre e doutor. S\u00e3o <strong>vagas para os cursos<\/strong> de: Administra\u00e7\u00e3o, Ci\u00eancia da Computa\u00e7\u00e3o, Ci\u00eancias Cont\u00e1beis, Direito, Educa\u00e7\u00e3o F\u00edsica e outros.<\/p>\n\n\n\n<h3 class=\"wp-block-heading\">Concurso C\u00e2mara Municipal de Heliodora<\/h3>\n\n\n\n<p>O edital para o <strong>concurso da C\u00e2mara Municipal de Helidora<\/strong> foi publicado e <strong>traz vagas<\/strong> para o cargo de Auxiliar de Servi\u00e7os Internos e Externos, com <strong>exig\u00eancia do ensino fundamental<\/strong>.<\/p>\n\n\n\n<p>Al\u00e9m disso, os candidatos passar\u00e3o por <strong>provas objetivas previstas<\/strong> para outubro, com as disciplinas de l\u00edngua portuguesa e matem\u00e1tica.<\/p>\n\n\n\n<h3 class=\"wp-block-heading\">Concurso Prefeitura de Erv\u00e1lia (MG)<\/h3>\n\n\n\n<p>O <a href=\"https:\/\/www.novaconcursos.com.br\/portal\/concursos\/concurso-prefeitura-de-ervalia-mg\/\">concurso da Prefeitura de Erv\u00e1lia<\/a> publicou um <strong>edital<\/strong> do concurso p\u00fablico com centenas de <strong>vagas imediatas<\/strong>, o certame \u00e9 organizado pelo Instituto Consulplan. Os <strong>cargos ofertados<\/strong> s\u00e3o de diversos n\u00edveis de escolaridade, tanto de fundamental, m\u00e9dio e superior.<\/p>\n\n\n\n<h3 class=\"wp-block-heading\">Concurso PC SE<\/h3>\n\n\n\n<p>O edital do <a href=\"https:\/\/www.novaconcursos.com.br\/portal\/concursos\/concurso-pc-se\/\">concurso PC SE<\/a> foi publicado e trouxe <strong>60 vagas<\/strong> para Escriv\u00e3o e Agente, os sal\u00e1rios iniciais s\u00e3o de <strong>R$ 4,5 mil<\/strong> e jornada de trabalho de 36 horas semanais.<\/p>\n\n\n\n<ul class=\"wp-block-list\"><li><strong>Adquira: <\/strong><a href=\"https:\/\/www.novaconcursos.com.br\/concurso\/pc-se-policia-civil-do-estado-do-sergipe\/apostila\">Apostila concurso PC SE<\/a><\/li>\n\n\n\n<li><strong>Adquira:<\/strong> <a href=\"https:\/\/www.novaconcursos.com.br\/concurso\/pc-se-policia-civil-do-estado-do-sergipe\/curso-online\">Cursos Online concurso PC SE<\/a><\/li>\n<\/ul><p><\/p>\n\n\n\n<p>Ademais o concurso tem as inscri\u00e7\u00f5es abertas at\u00e9 o dia <strong>27 de julho<\/strong>, e a taxa de inscri\u00e7\u00e3o \u00e9 de <strong>R$ 150,00<\/strong>. O concurso ter\u00e1 as etapas organizadas pelo Cebraspe.<\/p>\n\n\n\n<h3 class=\"wp-block-heading\">Concurso Bombeiros RJ<\/h3>\n\n\n\n<p>O <a href=\"https:\/\/www.novaconcursos.com.br\/portal\/concursos\/bombeiros-rj\/\">concurso Bombeiros RJ<\/a> (Rio de Janeiro) <strong>publicou um novo edital<\/strong> com oferta de <strong>3 mil vagas<\/strong> tempor\u00e1rias, para Soldados e Oficiais do quadro de sa\u00fade. <\/p>\n\n\n\n<p>As inscri\u00e7\u00e3o est\u00e3o abertas pelo prazo de <strong>30 dias<\/strong>, a partir do dia <strong>2 de julho<\/strong>, e podem ser feitas pelo site da Funrio. A taxa de inscri\u00e7\u00e3o ser\u00e1 no valor de <strong>R$ 71,53<\/strong> para o cargo de Soldado e <strong>R$ 95,31<\/strong> para Oficial. <\/p>\n\n\n\n<p>O servi\u00e7o militar tempor\u00e1rio tem dura\u00e7\u00e3o inicial de <strong>12 meses<\/strong>, e podem ser prorrogados os contratos para at\u00e9 o limite de <strong>8 anos<\/strong>.<\/p>\n\n\n\n<p>Os sal\u00e1rios iniciais v\u00e3o de <strong>R$ 1.226,94 a R$ 7.940,78<\/strong> dependendo do cargo escolhido e com progress\u00f5es na carreira. Confira o edital.<\/p>\n\n\n\n<h3 class=\"wp-block-heading\">Concurso Umuarama PR<\/h3>\n\n\n\n<p>O concurso teve <strong>edital publicado<\/strong> com dezenas de <strong>vagas imediatas<\/strong> para o n\u00edvel m\u00e9dio e superior. A UNIOESTE \u00e9 a <strong>banca respons\u00e1vel <\/strong>pelo certame. Os cargos s\u00e3o para Professor e Secret\u00e1rio Escolar. As <strong>provas do concurso<\/strong> est\u00e3o previstas para <strong>setembro<\/strong> deste ano.<\/p>\n\n\n\n<h3 class=\"wp-block-heading\">Concurso Prefeitura de Itabirito (MG)<\/h3>\n\n\n\n<p>Foram publicados <strong>3 editais<\/strong> para o <strong>concurso Prefeitura de Itabirito<\/strong>, s\u00e3o para as \u00e1reas de Assist\u00eancia Social, Sa\u00fade e Educa\u00e7\u00e3o. S\u00e3o exigidos diferentes n\u00edveis de escolaridade para as vagas.<\/p>\n\n\n\n<p>Os <strong>cargos s\u00e3o para<\/strong> Assistentes Administrativos, Orientador, Assistente Social, Psic\u00f3logo, Cozinheiro, Servente, Auxiliar Administrativo, Professor, T\u00e9cnicos (diversos) e muito mais.<\/p>\n\n\n\n<h3 class=\"wp-block-heading\">Concurso SAD\/SEE PE<\/h3>\n\n\n\n<p>O <strong>concurso SAD\/SEE PE<\/strong>, em Pernambuco, ter\u00e1 centenas de vagas para profissionais na \u00e1rea da educa\u00e7\u00e3o. As<strong> oportunidades<\/strong> s\u00e3o para candidatos de n\u00edvel t\u00e9cnico ou superior de escolaridade. Os candidatos devem realizar as <strong>inscri\u00e7\u00f5es<\/strong> no site do IDIB, banca organizadora das <strong>etapas do certame<\/strong>.<\/p>\n\n\n\n<h3 class=\"wp-block-heading\">Concurso Funsa\u00fade CE<\/h3>\n\n\n\n<p>Foram publicados os editais para o <a href=\"https:\/\/www.novaconcursos.com.br\/portal\/concursos\/concurso-funsaude\/\">concurso Funsa\u00fade CE<\/a> e s\u00e3o <strong>6 mil vagas<\/strong> imediatas e cadastros reservas. S\u00e3o oportunidades para a <strong>\u00e1rea de sa\u00fade<\/strong>, com organiza\u00e7\u00e3o da Funda\u00e7\u00e3o Get\u00falio Vargas.<\/p>\n\n\n\n<p>O concurso \u00e9 organizado pela Funda\u00e7\u00e3o Get\u00falio Vargas. As <strong>inscri\u00e7\u00f5es<\/strong> v\u00e3o at\u00e9 o dia <strong>12 de agosto<\/strong>, e podem ser feitos atrav\u00e9s do site da FGV.<\/p>\n\n\n\n<p>As <strong>taxas de inscri\u00e7\u00e3o<\/strong> s\u00e3o de acordo com o n\u00edvel de escolaridade, sendo:<\/p>\n\n\n\n<ul class=\"wp-block-list\"><li>N\u00edvel M\u00e9dio: <strong>R$ 70,00<\/strong>;<\/li>\n\n\n\n<li>Superior: <strong>R$ 150,00<\/strong>;<\/li>\n\n\n\n<li>M\u00e9dicos: <strong>R$ 300,00<\/strong>.<\/li>\n<\/ul><p><\/p>\n\n\n\n<p>Agora a <strong>isen\u00e7\u00e3o da taxa<\/strong> poder\u00e1 <strong>ser solicitada<\/strong> por servidor p\u00fablico, doador de sangue, alunos que estudam ou conclu\u00edram os estudos em entidades de ensino p\u00fablico, deficientes, alunos cujas fam\u00edlias recebam at\u00e9 2 sal\u00e1rios m\u00ednimos e pessoa hipossuficiente.<\/p>\n\n\n\n<h3 class=\"wp-block-heading\">Concurso Banco do Brasil<\/h3>\n\n\n\n<p>O edital para o <a href=\"https:\/\/www.novaconcursos.com.br\/portal\/concursos\/concurso-banco-do-brasil\/\">concurso Banco do Brasil<\/a> j\u00e1 est\u00e1 dispon\u00edvel e oferta <strong>4.480 vagas <\/strong>para cargos de n\u00edvel m\u00e9dio. Os sal\u00e1rios iniciais s\u00e3o de <strong>R$ 3 mil<\/strong>. <\/p>\n\n\n\n<ul class=\"wp-block-list\"><li><strong>Adquira: <\/strong><a href=\"https:\/\/www.novaconcursos.com.br\/concurso\/bb-banco-do-brasil\/apostila\">Apostilas concurso Banco do Brasil<\/a><\/li>\n\n\n\n<li><strong>Adquira:<\/strong> <a href=\"https:\/\/www.novaconcursos.com.br\/concurso\/bb-banco-do-brasil\/curso-online\">Curso Online concurso Banco do Brasil<\/a><\/li>\n<\/ul><p><\/p>\n\n\n\n<p>Al\u00e9m disso, os candidatos tem at\u00e9 o dia <strong>28 de julho<\/strong> para realizar a inscri\u00e7\u00e3o, que custa <strong>R$ 38,00<\/strong>. A inscri\u00e7\u00e3o deve ser feita pelo site da Funda\u00e7\u00e3o Cesgranrio. <\/p>\n\n\n\n<h3 class=\"wp-block-heading\">Concurso Funda\u00e7\u00e3o Sa\u00fade PB<\/h3>\n\n\n\n<p>O edital do <a href=\"https:\/\/www.novaconcursos.com.br\/portal\/concursos\/concurso-fundacao-pb-saude\/\">concurso Funda\u00e7\u00e3o Sa\u00fade PB<\/a> foi publicado e conta com <strong>4.401 vagas <\/strong>para n\u00edveis m\u00e9dio e superior. As \u00e1reas ofertadas s\u00e3o Administrativa, Assist\u00eancial e M\u00e9dica.<\/p>\n\n\n\n<p>Os sal\u00e1rios iniciais variam de <strong>R$ 1.100,00 a R$ 1.500,00<\/strong> com jornada de trabalho de 44 horas semanais.<\/p>\n\n\n\n<p>As <strong>provas objetivas<\/strong> est\u00e3o marcadas para o dia <strong>5 de setembro<\/strong> nas cidades de Jo\u00e3o Pessoa, na Para\u00edba. As inscri\u00e7\u00f5es ser\u00e3o do dia <strong>7 ao dia 29 de julho<\/strong>, e podem ser feitas por meio do site da Funda\u00e7\u00e3o Vunesp.<\/p>\n\n\n\n<p>J\u00e1 a taxa de inscri\u00e7\u00e3o ser\u00e1 de <strong>R$ 50,00<\/strong> para n\u00edvel m\u00e9dio, <strong>R$ 70,00<\/strong> para n\u00edvel t\u00e9cnico e <strong>R$ 90,00<\/strong> para n\u00edvel superior. A isen\u00e7\u00e3o de taxa pode ser solicitada entre os dias <strong>7 e 8 de julho<\/strong> por candidatos nos crit\u00e9rios estabelecidos pelo edital.<\/p>","protected":false},"excerpt":{"rendered":"<p>Com o in\u00edcio do m\u00eas de julho, muitos concursos p\u00fablicos foram disponibilizados em diversas regi\u00f5es do Brasil. Os concursos s\u00e3o para \u00f3rg\u00e3os municipais, federais, estaduais ou distritais. Veja aqui quais s\u00e3o esses concursos que est\u00e3o abertos e fique por dentro de todas as principais informa\u00e7\u00f5es dos certames. Confira: Concursos Abertos Concurso Prefeitura de Seara (SC) [&hellip;]<\/p>\n","protected":false},"author":16,"featured_media":136927,"comment_status":"closed","ping_status":"closed","sticky":false,"template":"","format":"standard","meta":{"_acf_changed":false,"footnotes":"","_wp_rev_ctl_limit":""},"categories":[228],"tags":[39182,2582,4922,40009,40003,40007,40004,38439,28150,40005,6275,40002,3043,39999,39998,40010,40012,36657,40006,40008,40011,39997,39996,40001,2578,40013,37495,39179,39181],"class_list":["post-136861","post","type-post","status-publish","format-standard","has-post-thumbnail","hentry","category-noticias","tag-cargos-concursos","tag-concurso-banco-do-brasil","tag-concurso-bombeiros-rj","tag-concurso-camara-municipal-de-heliodora","tag-concurso-cefet-mg","tag-concurso-crt-1-regiao","tag-concurso-de-arroio-grande","tag-concurso-funsaude-ce","tag-concurso-prefeitura-de-ervalia","tag-concurso-prefeitura-de-getulio-vargas","tag-concurso-prefeitura-de-guaruja","tag-concurso-prefeitura-de-iaciara","tag-concurso-prefeitura-de-itabirito","tag-concurso-prefeitura-de-paranavai","tag-concurso-prefeitura-de-seara","tag-concurso-publico-pc-se","tag-concurso-sad-see-pe","tag-concurso-seap-pa","tag-concurso-seed-roraima","tag-concurso-uerr","tag-concurso-umuarama","tag-concursos-abertos-2021","tag-concursos-pelo-brasil","tag-concursos-prefeitura-de-paraty","tag-concursos-publicos","tag-inscricoes-concursos","tag-provas-concursos","tag-salarios-concursos","tag-vagas-concursos"],"acf":[],"_links":{"self":[{"href":"https:\/\/www.novaconcursos.com.br\/portal\/wp-json\/wp\/v2\/posts\/136861","targetHints":{"allow":["GET"]}}],"collection":[{"href":"https:\/\/www.novaconcursos.com.br\/portal\/wp-json\/wp\/v2\/posts"}],"about":[{"href":"https:\/\/www.novaconcursos.com.br\/portal\/wp-json\/wp\/v2\/types\/post"}],"author":[{"embeddable":true,"href":"https:\/\/www.novaconcursos.com.br\/portal\/wp-json\/wp\/v2\/users\/16"}],"replies":[{"embeddable":true,"href":"https:\/\/www.novaconcursos.com.br\/portal\/wp-json\/wp\/v2\/comments?post=136861"}],"version-history":[{"count":8,"href":"https:\/\/www.novaconcursos.com.br\/portal\/wp-json\/wp\/v2\/posts\/136861\/revisions"}],"predecessor-version":[{"id":281634,"href":"https:\/\/www.novaconcursos.com.br\/portal\/wp-json\/wp\/v2\/posts\/136861\/revisions\/281634"}],"wp:featuredmedia":[{"embeddable":true,"href":"https:\/\/www.novaconcursos.com.br\/portal\/wp-json\/wp\/v2\/media\/136927"}],"wp:attachment":[{"href":"https:\/\/www.novaconcursos.com.br\/portal\/wp-json\/wp\/v2\/media?parent=136861"}],"wp:term":[{"taxonomy":"category","embeddable":true,"href":"https:\/\/www.novaconcursos.com.br\/portal\/wp-json\/wp\/v2\/categories?post=136861"},{"taxonomy":"post_tag","embeddable":true,"href":"https:\/\/www.novaconcursos.com.br\/portal\/wp-json\/wp\/v2\/tags?post=136861"}],"curies":[{"name":"wp","href":"https:\/\/api.w.org\/{rel}","templated":true}]}}