{"id":137035,"date":"2021-07-08T09:00:20","date_gmt":"2021-07-08T12:00:20","guid":{"rendered":"https:\/\/www.novaconcursos.com.br\/portal\/?p=137035"},"modified":"2024-11-08T15:45:40","modified_gmt":"2024-11-08T18:45:40","slug":"concurso-seed-rr-edital-1-000-vagas-aguarda-contrato-banca","status":"publish","type":"post","link":"https:\/\/www.novaconcursos.com.br\/portal\/noticias\/concurso-seed-rr-edital-1-000-vagas-aguarda-contrato-banca\/","title":{"rendered":"Concurso Seed RR: Edital com 1.000 vagas aguarda contrato com banca!"},"content":{"rendered":"<p>O segundo <a href=\"https:\/\/www.novaconcursos.com.br\/portal\/concursos\/concurso-seed-rr\/\">concurso Seed RR<\/a> pode ser lan\u00e7ado em breve ofertando <strong>1.000 vagas<\/strong> para o magist\u00e9rio ind\u00edgena!<\/p>\n\n\n\n<ul class=\"wp-block-list\"><li><strong>Confira<\/strong>: <a href=\"https:\/\/www.novaconcursos.com.br\/eventos\/guia-definitivo-plano-de-estudos-passo-a-passo-v2\/\" target=\"_blank\" rel=\"noreferrer noopener\" aria-label=\"Plano de Estudos Passo a Passo (abre numa nova aba)\">Plano de Estudos Passo a Passo<\/a> (Gr\u00e1tis)<\/li>\n<\/ul><p><\/p>\n\n\n\n<p>O certame tem uma <strong>banca <\/strong>escolhida desde janeiro, o <strong>Idecan <\/strong>(Instituto de Desenvolvimento Educacional Cultural e Assist\u00eancia Nacional), por\u00e9m ainda n\u00e3o h\u00e1 um contrato firmado entre a Seed RR e a organizadora.<\/p>\n\n\n\n<p>De acordo com informa\u00e7\u00f5es, o <strong>contrato <\/strong>deve ser assinado ainda neste m\u00eas de julho e o <strong>edital <\/strong>ser\u00e1 lan\u00e7ado logo em seguida.<\/p>\n\n\n\n<p>A <strong>abertura dessa sele\u00e7\u00e3o<\/strong> ser\u00e1 um grande avan\u00e7o para a melhoria do ensino no Estado, segundo a coordenadora da Organiza\u00e7\u00e3o dos Professores Ind\u00edgenas de <a href=\"https:\/\/www.novaconcursos.com.br\/portal\/concursos-abertos\/rr\/\">Roraima <\/a>(Opirr), Edite Andrade. Confira a fala da coordenadora:<\/p>\n\n\n\n<p>\u201c<em>O seletivo que \u00e9 feito a cada dois anos tem trazido bons resultados, mas, pedagogicamente, ter um profissional no quadro efetivo ser\u00e1 bem melhor, pois n\u00e3o haver\u00e1 rotatividade de professores. Eles poder\u00e3o ter seguran\u00e7a e se dedicar ainda mais para fazer uma educa\u00e7\u00e3o ind\u00edgena de qualidade em nosso estado<\/em>\u201d.<\/p>\n\n\n\n<p>\u00a0Vale ressaltar que a Secretaria de Estado da Educa\u00e7\u00e3o e Desporto de <a href=\"https:\/\/www.novaconcursos.com.br\/portal\/concursos-abertos\/rr\/\">Roraima <\/a>(Seed RR) j\u00e1 tem um outro edital aberto, com oferta de <strong>650 vagas<\/strong>.<\/p>\n\n\n\n<h2 class=\"wp-block-heading\" id=\"concurso-seed-rr-edital-publicado-com-650-vagas\">Concurso Seed RR: Edital publicado com 650 vagas!<\/h2>\n\n\n\n<p>Um edital de <a href=\"https:\/\/www.novaconcursos.com.br\/portal\/concursos\/concurso-seed-rr\/\">concurso Seed RR<\/a> que oferta 650 vagas para professores com forma\u00e7\u00e3o em diversas \u00e1reas est\u00e1 aberto. As \u00e1reas de forma\u00e7\u00e3o exigidas s\u00e3o:<\/p>\n\n\n\n<ul class=\"wp-block-list\"><li>Artes;<\/li>\n\n\n\n<li>Ci\u00eancias Biol\u00f3gicas;<\/li>\n\n\n\n<li>Educa\u00e7\u00e3o F\u00edsica;<\/li>\n\n\n\n<li>Filosofia;<\/li>\n\n\n\n<li>Geografia;<\/li>\n\n\n\n<li>Hist\u00f3ria;<\/li>\n\n\n\n<li>L\u00edngua Espanhola;<\/li>\n\n\n\n<li>L\u00edngua Inglesa;<\/li>\n\n\n\n<li>L\u00edngua Portuguesa;<\/li>\n\n\n\n<li>Matem\u00e1tica;<\/li>\n\n\n\n<li>Qu\u00edmica; ou<\/li>\n\n\n\n<li>Sociologia.<\/li>\n<\/ul><p><\/p>\n\n\n\n<p>Das 650 vagas, 566 s\u00e3o para ampla concorr\u00eancia e 84 s\u00e3o para candidatos PcDs.<\/p>\n\n\n\n<p>Os candidatos que forem aprovados e nomeados ao cargo receber\u00e3o R$ 3.782,94 por m\u00eas.<\/p>\n\n\n\n<p>As provas est\u00e3o previstas para acontecer no dia 26 de setembro e os locais onde ser\u00e3o aplicadas estar\u00e3o dispon\u00edveis no dia 20 de setembro no site da banca organizadora, IBFC.<\/p>\n\n\n\n<h2 class=\"wp-block-heading\" id=\"concurso-seed-rr-abrir-inscries-em-julho-\">Concurso Seed RR abrir\u00e1 inscri\u00e7\u00f5es em julho! <\/h2>\n\n\n\n<p>As <strong>inscri\u00e7\u00f5es <\/strong>para o edital que j\u00e1 est\u00e1 publicado estar\u00e3o abertas entre os dias <strong>15 de julho e 16 de agosto<\/strong>. Os interessados poder\u00e3o acessar o site da organizadora, o IBFC (Instituto Brasileiro de Forma\u00e7\u00e3o e Capacita\u00e7\u00e3o), para se inscreverem.<\/p>\n\n\n\n<p>Haver\u00e1 uma <strong>taxa de R$ 100,00<\/strong> a ser paga no ato da inscri\u00e7\u00e3o, por\u00e9m os candidatos que forem inscritos no Cad\u00danico (Cadastro \u00danico para Programas Sociais) ou que forem doadores de sangue ter\u00e3o direito \u00e0 <strong>isen\u00e7\u00e3o <\/strong>do valor.<\/p>\n\n\n\n<h2 class=\"wp-block-heading\" id=\"como-sero-as-provas-do-concurso-\">Como ser\u00e3o as provas do concurso? <\/h2>\n\n\n\n<p>O certame ter\u00e1 <strong>provas objetivas<\/strong> como forma de exame, al\u00e9m de uma reda\u00e7\u00e3o e avalia\u00e7\u00e3o de t\u00edtulos.<\/p>\n\n\n\n<p>Tanto a Prova Objetiva quanto a Discursiva ser\u00e3o aplicadas no dia <strong>26 de setembro.<\/strong><\/p>\n\n\n\n<p>A prova de m\u00faltipla escolha ser\u00e1 dividida em blocos de quest\u00f5es sobre Conhecimentos <strong>B\u00e1sicos <\/strong>e Conhecimentos <strong>Espec\u00edficos<\/strong>. Ao todo ser\u00e3o 60 perguntas.<\/p>\n\n\n\n<p>As <strong>mat\u00e9rias <\/strong>cobradas em Conhecimentos B\u00e1sicos ser\u00e3o:<\/p>\n\n\n\n<ul class=\"wp-block-list\"><li>L\u00edngua Portuguesa;<\/li>\n\n\n\n<li>Did\u00e1tica;<\/li>\n\n\n\n<li>Psicologia da Educa\u00e7\u00e3o;<\/li>\n\n\n\n<li>Legisla\u00e7\u00e3o; e <\/li>\n\n\n\n<li>No\u00e7\u00f5es de Inform\u00e1tica.<\/li>\n<\/ul><p><\/p>\n\n\n\n<p>Para aprova\u00e7\u00e3o, ser\u00e1 necess\u00e1rio acertar <strong>40% das quest\u00f5es <\/strong>de Conhecimentos B\u00e1sicos e <strong>60% das perguntas<\/strong> de Conhecimentos Espec\u00edficos. Somente os candidatos que tiverem essas porcentagens ter\u00e3o a Prova Discursiva corrigida.<\/p>","protected":false},"excerpt":{"rendered":"<p>O segundo concurso Seed RR pode ser lan\u00e7ado em breve ofertando 1.000 vagas para o magist\u00e9rio ind\u00edgena! O certame tem uma banca escolhida desde janeiro, o Idecan (Instituto de Desenvolvimento Educacional Cultural e Assist\u00eancia Nacional), por\u00e9m ainda n\u00e3o h\u00e1 um contrato firmado entre a Seed RR e a organizadora. De acordo com informa\u00e7\u00f5es, o contrato [&hellip;]<\/p>\n","protected":false},"author":54673,"featured_media":134075,"comment_status":"closed","ping_status":"closed","sticky":false,"template":"","format":"standard","meta":{"_acf_changed":false,"footnotes":"","_wp_rev_ctl_limit":""},"categories":[228],"tags":[40006,27798,36987,38946,40032,40031,40030],"class_list":["post-137035","post","type-post","status-publish","format-standard","has-post-thumbnail","hentry","category-noticias","tag-concurso-seed-roraima","tag-concurso-seed-rr","tag-concursos-rr","tag-editais-rr","tag-edital-seed-rr","tag-seed-roraima","tag-seed-rr"],"acf":[],"_links":{"self":[{"href":"https:\/\/www.novaconcursos.com.br\/portal\/wp-json\/wp\/v2\/posts\/137035","targetHints":{"allow":["GET"]}}],"collection":[{"href":"https:\/\/www.novaconcursos.com.br\/portal\/wp-json\/wp\/v2\/posts"}],"about":[{"href":"https:\/\/www.novaconcursos.com.br\/portal\/wp-json\/wp\/v2\/types\/post"}],"author":[{"embeddable":true,"href":"https:\/\/www.novaconcursos.com.br\/portal\/wp-json\/wp\/v2\/users\/54673"}],"replies":[{"embeddable":true,"href":"https:\/\/www.novaconcursos.com.br\/portal\/wp-json\/wp\/v2\/comments?post=137035"}],"version-history":[{"count":6,"href":"https:\/\/www.novaconcursos.com.br\/portal\/wp-json\/wp\/v2\/posts\/137035\/revisions"}],"predecessor-version":[{"id":259902,"href":"https:\/\/www.novaconcursos.com.br\/portal\/wp-json\/wp\/v2\/posts\/137035\/revisions\/259902"}],"wp:featuredmedia":[{"embeddable":true,"href":"https:\/\/www.novaconcursos.com.br\/portal\/wp-json\/wp\/v2\/media\/134075"}],"wp:attachment":[{"href":"https:\/\/www.novaconcursos.com.br\/portal\/wp-json\/wp\/v2\/media?parent=137035"}],"wp:term":[{"taxonomy":"category","embeddable":true,"href":"https:\/\/www.novaconcursos.com.br\/portal\/wp-json\/wp\/v2\/categories?post=137035"},{"taxonomy":"post_tag","embeddable":true,"href":"https:\/\/www.novaconcursos.com.br\/portal\/wp-json\/wp\/v2\/tags?post=137035"}],"curies":[{"name":"wp","href":"https:\/\/api.w.org\/{rel}","templated":true}]}}