{"id":137114,"date":"2021-07-07T17:05:39","date_gmt":"2021-07-07T20:05:39","guid":{"rendered":"https:\/\/www.novaconcursos.com.br\/portal\/?p=137114"},"modified":"2025-03-05T14:37:19","modified_gmt":"2025-03-05T17:37:19","slug":"concurso-ses-df-edital-retificado","status":"publish","type":"post","link":"https:\/\/www.novaconcursos.com.br\/portal\/noticias\/concurso-ses-df-edital-retificado\/","title":{"rendered":"Concurso SES DF: Edital para 220 vagas \u00e9 retificado!"},"content":{"rendered":"<p>Aten\u00e7\u00e3o concurseiros! Houve <strong>retifica\u00e7\u00e3o no edital <\/strong>do <a href=\"https:\/\/www.novaconcursos.com.br\/portal\/concursos\/concurso-ses-df\/\">concurso SES DF<\/a>, que est\u00e1 ofertando <strong>220 vagas imediatas<\/strong> para a \u00e1rea da sa\u00fade. As oportunidades s\u00e3o <strong>tempor\u00e1rias <\/strong>e conta com sal\u00e1rios de at\u00e9 <strong>R$ 12.654,00.<\/strong><\/p>\n\n\n\n<ul class=\"wp-block-list\"><li><strong>Confira:<\/strong> <a aria-label=\"Guia como montar um mapa mental (Gr\u00e1tis) (abre numa nova aba)\" href=\"https:\/\/www.novaconcursos.com.br\/eventos\/guia-definitivo-como-montar-um-mapa-mental\/\" target=\"_blank\" rel=\"noreferrer noopener\">Guia como montar um mapa mental (Gr\u00e1tis)<\/a><\/li>\n<\/ul><p><\/p>\n\n\n\n<h2 class=\"wp-block-heading\" id=\"concurso-ses-df-retificao-no-edital\">Concurso SES DF: retifica\u00e7\u00e3o no edital<\/h2>\n\n\n\n<p>O <strong>edital <\/strong>do concurso da Secretaria de Sa\u00fade do <a href=\"https:\/\/www.novaconcursos.com.br\/portal\/concursos-previstos\/df\/\">Distrito Federal<\/a> sofreu uma <strong>retifica\u00e7\u00e3o <\/strong>nesta semana, em publica\u00e7\u00e3o no <strong>Di\u00e1rio Oficial <\/strong>do Estado desta ter\u00e7a-feira (6). <\/p>\n\n\n\n<p><\/p>\n\n\n\n<p>Segundo o documento, <strong>foram alteradas <\/strong>a disposi\u00e7\u00e3o dos cargos nas localidades e regi\u00f5es administrativas.\u00a0<a href=\"https:\/\/dodf.df.gov.br\/index\/visualizar-arquivo\/?pasta=2021%7C07_Julho%7CDODF%20125%2006-07-2021%7C&amp;arquivo=DODF%20125%2006-07-2021%20INTEGRA.pdf\" target=\"_blank\" rel=\"noreferrer noopener\" aria-label=\" (abre numa nova aba)\">Confira aqui<\/a> o documento completo.<\/p>\n\n\n\n<p>A <strong>Secretaria de Sa\u00fade do Estado<\/strong> confirmou que a retifica\u00e7\u00e3o foi para refor\u00e7ar o atendimento aos pacientes com Covid-19. <\/p>\n\n\n\n<h2 class=\"wp-block-heading\" id=\"concurso-ses-df-panorama-geral\">Concurso SES DF: panorama geral<\/h2>\n\n\n\n<p>O processo seletivo simplificado emergencial ser\u00e1 para <strong>contrata\u00e7\u00e3o tempor\u00e1ria de profissionais da sa\u00fade<\/strong>, de n\u00edvel superior e t\u00e9cnico. <\/p>\n\n\n\n<p>Ser\u00e3o ofertadas <strong>220 vagas imediatas<\/strong>, sendo\u00a050 M\u00e9dicos da Fam\u00edlia e Comunidade, 70 Enfermeiros e 100 T\u00e9cnicos de Enfermagem.\u00a0Al\u00e9m disso, haver\u00e1 <strong>forma\u00e7\u00e3o de cadastro reserva.  <\/strong><\/p>\n\n\n\n<p>Sob a organiza\u00e7\u00e3o da banca<strong> Instituto AOCP<\/strong>, as inscri\u00e7\u00f5es foram encerradas no \u00faltimo dia 5 de julho. <\/p>\n\n\n\n<p>Vale ressaltar que os selecionados <strong>prestar\u00e3o assist\u00eancia <\/strong>direta aos pacientes \u2013 especialmente os acometidos pela Covid-19 \u2013 por um ano. Este per\u00edodo, entretanto, poder\u00e1 ser prorrog\u00e1vel uma \u00fanica vez por mais um ano.<\/p>\n\n\n\n<p>Os contratados ter\u00e3o <strong>jornada de trabalho<\/strong> de 40 horas por semana e remunera\u00e7\u00f5es chamativas, sendo: <strong>R$ 12.654,00 <\/strong>para M\u00e9dicos, <strong>R$ 6.110,00 <\/strong>para Enfermeiros e <strong>R$ 2.892,50<\/strong> para  T\u00e9cnicos em Enfermagem.<\/p>\n\n\n\n<p>Al\u00e9m disso, a remunera\u00e7\u00e3o pode ser acrescida por\u00a0<strong>Gratifica\u00e7\u00e3o de Titula\u00e7\u00e3o<\/strong>\u00a0conforme disposi\u00e7\u00e3o abaixo:<\/p>\n\n\n\n<p><strong>I \u2013<\/strong>\u00a015% no caso de o servidor possuir curso de especializa\u00e7\u00e3o com carga hor\u00e1ria m\u00ednima de trezentos e sessenta horas;<br><strong>II \u2013<\/strong>\u00a010% por conclus\u00e3o de curso gradua\u00e7\u00e3o;<br><strong>III \u2013<\/strong>\u00a08% no caso de o servidor possuir curso de aprimoramento profissional, com carga hor\u00e1ria m\u00ednima de oitenta horas.<\/p>\n\n\n\n<p>As vagas ser\u00e3o disponibilizadas por <strong>Regi\u00e3o de Sa\u00fade<\/strong> do <a href=\"https:\/\/www.novaconcursos.com.br\/portal\/concursos-abertos\/df\/\">Distrito Federal<\/a> e os servidores poder\u00e3o ser lotados em outro local, conforme necessidade da secretaria.<\/p>\n\n\n\n<h3 class=\"wp-block-heading\">Contrata\u00e7\u00e3o tempor\u00e1ria<\/h3>\n\n\n\n<p>A contrata\u00e7\u00e3o \u00e9 tempor\u00e1ria, pelo<strong> prazo inicial de 12 meses<\/strong>, segue o disposto na Lei n\u00ba 4.266\/2008, que trata da contrata\u00e7\u00e3o por tempo determinado para atender a necessidade tempor\u00e1ria de excepcional interesse p\u00fablico.<\/p>\n\n\n\n<p>Vale lembrar que a lei est\u00e1 inclu\u00edda a <strong>assist\u00eancia a situa\u00e7\u00f5es de calamidade <\/strong>p\u00fablica oficialmente reconhecidas pelo Poder P\u00fablico.<\/p>\n\n\n\n<p><em>\u201cDesde o in\u00edcio da gest\u00e3o estamos trabalhando de forma cont\u00ednua no provisionamento de pessoal para refor\u00e7ar as equipes. A determina\u00e7\u00e3o dada pelo governador Ibaneis \u00e9 de fortalecimento do servi\u00e7o p\u00fablico de sa\u00fade. Nesse contexto, o chamamento dos concursados tem sido feito, observando as limita\u00e7\u00f5es impostas pela Lei Federal 173\/2020\u2033<\/em>, explicou Silene Almeida, subsecret\u00e1ria de Gest\u00e3o de Pessoas. <\/p>\n\n\n\n<p><em>\u201cComo \u00e9 necess\u00e1rio haver vac\u00e2ncias para convocar, temos utilizado a estrat\u00e9gia prevista nesta normativa que s\u00e3o as sele\u00e7\u00f5es tempor\u00e1rias para garantir assist\u00eancia \u00e0 popula\u00e7\u00e3o e n\u00e3o sobrecarregar as equipes\u201d<\/em>, completou a subsecret\u00e1ria.<\/p>","protected":false},"excerpt":{"rendered":"<p>Aten\u00e7\u00e3o concurseiros! Houve retifica\u00e7\u00e3o no edital do concurso SES DF, que est\u00e1 ofertando 220 vagas imediatas para a \u00e1rea da sa\u00fade. As oportunidades s\u00e3o tempor\u00e1rias e conta com sal\u00e1rios de at\u00e9 R$ 12.654,00. Concurso SES DF: retifica\u00e7\u00e3o no edital O edital do concurso da Secretaria de Sa\u00fade do Distrito Federal sofreu uma retifica\u00e7\u00e3o nesta semana, [&hellip;]<\/p>\n","protected":false},"author":54671,"featured_media":126327,"comment_status":"closed","ping_status":"closed","sticky":false,"template":"","format":"standard","meta":{"_acf_changed":false,"footnotes":"","_wp_rev_ctl_limit":""},"categories":[228],"tags":[39812,37175,11717,6728,579,24832,24833,2578,2031,22695,39814,115,39811,6836,39813,25349],"class_list":["post-137114","post","type-post","status-publish","format-standard","has-post-thumbnail","hentry","category-noticias","tag-cargos-concurso-ses-df","tag-concurco-ses-df","tag-concurso","tag-concurso-ses-df","tag-concursos","tag-concursos-df","tag-concursos-distrito-federal","tag-concursos-publicos","tag-distrito-federal","tag-edital-concurso-ses-df","tag-mudanca-de-escolaridade-concurso-ses-df","tag-nova-concursos","tag-salarios-concurso-ses-df","tag-ses-df","tag-ultimo-concurso-ses-df","tag-vagas-concurso-ses-df"],"acf":[],"_links":{"self":[{"href":"https:\/\/www.novaconcursos.com.br\/portal\/wp-json\/wp\/v2\/posts\/137114","targetHints":{"allow":["GET"]}}],"collection":[{"href":"https:\/\/www.novaconcursos.com.br\/portal\/wp-json\/wp\/v2\/posts"}],"about":[{"href":"https:\/\/www.novaconcursos.com.br\/portal\/wp-json\/wp\/v2\/types\/post"}],"author":[{"embeddable":true,"href":"https:\/\/www.novaconcursos.com.br\/portal\/wp-json\/wp\/v2\/users\/54671"}],"replies":[{"embeddable":true,"href":"https:\/\/www.novaconcursos.com.br\/portal\/wp-json\/wp\/v2\/comments?post=137114"}],"version-history":[{"count":9,"href":"https:\/\/www.novaconcursos.com.br\/portal\/wp-json\/wp\/v2\/posts\/137114\/revisions"}],"predecessor-version":[{"id":274018,"href":"https:\/\/www.novaconcursos.com.br\/portal\/wp-json\/wp\/v2\/posts\/137114\/revisions\/274018"}],"wp:featuredmedia":[{"embeddable":true,"href":"https:\/\/www.novaconcursos.com.br\/portal\/wp-json\/wp\/v2\/media\/126327"}],"wp:attachment":[{"href":"https:\/\/www.novaconcursos.com.br\/portal\/wp-json\/wp\/v2\/media?parent=137114"}],"wp:term":[{"taxonomy":"category","embeddable":true,"href":"https:\/\/www.novaconcursos.com.br\/portal\/wp-json\/wp\/v2\/categories?post=137114"},{"taxonomy":"post_tag","embeddable":true,"href":"https:\/\/www.novaconcursos.com.br\/portal\/wp-json\/wp\/v2\/tags?post=137114"}],"curies":[{"name":"wp","href":"https:\/\/api.w.org\/{rel}","templated":true}]}}