{"id":137186,"date":"2021-07-08T17:02:42","date_gmt":"2021-07-08T20:02:42","guid":{"rendered":"https:\/\/www.novaconcursos.com.br\/portal\/?p=137186"},"modified":"2021-07-08T17:02:46","modified_gmt":"2021-07-08T20:02:46","slug":"concurso-pc-mg-684-vagas-autorizadas-conheca-cargos","status":"publish","type":"post","link":"https:\/\/www.novaconcursos.com.br\/portal\/noticias\/concurso-pc-mg-684-vagas-autorizadas-conheca-cargos\/","title":{"rendered":"Concurso PC MG: 684 vagas autorizadas; conhe\u00e7a os cargos!"},"content":{"rendered":"<p>O governador de Minas Gerais, Romeu Zema, autorizou novo <strong>edital <\/strong>de <a href=\"https:\/\/www.novaconcursos.com.br\/portal\/concursos\/concurso-pc-mg\/\">concurso PC MG<\/a> com <strong>684 vagas<\/strong>!<\/p>\n\n\n\n<ul class=\"wp-block-list\"><li><strong>Confira<\/strong>: <a href=\"https:\/\/www.novaconcursos.com.br\/eventos\/guia-definitivo-como-montar-um-mapa-mental\/\" target=\"_blank\" rel=\"noreferrer noopener\" aria-label=\"Como Montar Mapas Mentais (abre numa nova aba)\">Como Montar Mapas Mentais<\/a> (Gr\u00e1tis)<\/li><\/ul><p><\/p>\n\n\n\n<p>A autoriza\u00e7\u00e3o foi dada no \u00faltimo dia 7 de julho\ne na ocasi\u00e3o, Zema pronunciou:<\/p>\n\n\n\n<p>\u201c<em>Teremos, depois de 8 anos, um novo concurso com 684 vagas para todas as carreiras, visando fortalecer a seguran\u00e7a do povo mineiro.<\/em>\u201d<\/p>\n\n\n\n<ul class=\"wp-block-list\"><li><strong>Adquira<\/strong>:<a href=\"https:\/\/www.novaconcursos.com.br\/concurso\/pc-mg-policia-civil-minas-gerais\/apostila\"> Apostila Completa PC MG<\/a><\/li><li><strong>Adquira<\/strong>: <a href=\"https:\/\/www.novaconcursos.com.br\/concurso\/pc-mg-policia-civil-minas-gerais\/curso-online\">Curso Online Completo PC MG<\/a><\/li><\/ul><p><\/p>\n\n\n\n<p>O comunicado feito, primeiramente, indicava<strong> 688 vagas<\/strong>, mas foi corrigido pelo governo de <a href=\"https:\/\/www.novaconcursos.com.br\/portal\/concursos-abertos\/mg\/\">Minas Gerais <\/a>para<strong> 684 oportunidades<\/strong>. <\/p>\n\n\n\n<p>Segundo divulga\u00e7\u00f5es do governo, as <strong>vagas ser\u00e3o distribu\u00eddas<\/strong> da seguinte maneira:<\/p>\n\n\n\n<ul class=\"wp-block-list\"><li><strong>Analistas <\/strong>\u2013 at\u00e9 51 vagas (n\u00edvel superior);<\/li><li><strong>Delegados<\/strong> \u2013 at\u00e9 62 vagas (n\u00edvel superior);<\/li><li><strong>Escriv\u00e3es<\/strong> \u2013 at\u00e9 397 vagas (n\u00edvel superior);<\/li><li><strong>Investigadores <\/strong>\u2013 at\u00e9 30 vagas (n\u00edvel superior);<\/li><li><strong>Peritos <\/strong>\u2013 at\u00e9 21 vagas (n\u00edvel superior);<\/li><li><strong>M\u00e9dicos Legistas<\/strong> \u2013 at\u00e9 9 vagas (n\u00edvel superior);<\/li><li><strong>T\u00e9cnicos Assistentes<\/strong> \u2013 at\u00e9 114 vagas (n\u00edvel superior).<\/li><\/ul><p><\/p>\n\n\n\n<h2 class=\"wp-block-heading\" id=\"quais-so-as-atribuies-dos-cargos-que-sero-ofertados\">Quais s\u00e3o as atribui\u00e7\u00f5es dos cargos que ser\u00e3o ofertados?<\/h2>\n\n\n\n<p>O\u00a0<strong>Delegado\u00a0<\/strong>preside\ninvestiga\u00e7\u00f5es criminais<strong> e tamb\u00e9m realiza atividades administrativas, bem como chefiar postos\npoliciais.<\/strong><\/p>\n\n\n\n<p>O<strong>\u00a0Investigador de\nPol\u00edcia\u00a0<\/strong>\u00e9 o respons\u00e1vel por cumprir e formalizar\ndilig\u00eancias policiais, mandados e outras determina\u00e7\u00f5es que o Delegado emite.<\/p>\n\n\n\n<p>O<strong>\u00a0Escriv\u00e3o de\nPol\u00edcia<\/strong>\u00a0\u00e9 o profissional que cumpre as formalidades\nprocessuais em autos de inqu\u00e9rito.<\/p>\n\n\n\n<p>J\u00e1 o\u00a0<strong>M\u00e9dico-Legista\u00a0<\/strong>fica\nrespons\u00e1vel por realizar os<strong>\u00a0exames de\nperito em pessoas vivas ou mortas<\/strong>\u00a0para coletar provas ou\ndeterminar causa de morte e semelhantes.<\/p>\n\n\n\n<p>O<strong>\u00a0Perito Criminal<\/strong>\u00a0realiza\nlaudos de per\u00edcia em locais de crime ou de desastres e tamb\u00e9m em objetos que se\nrelacionam \u00e0 infra\u00e7\u00e3o.<\/p>\n\n\n\n<p>O\u00a0<strong>T\u00e9cnico da\nPol\u00edcia\u00a0<\/strong>\u00e9 quem presta apoio<strong> t\u00e9cnico, administrativo e\nlog\u00edstico<\/strong> nas atividades da corpora\u00e7\u00e3o.<\/p>\n\n\n\n<p>Por \u00faltimo, o\u00a0<strong>Analista<\/strong>\u00a0\u00e9 respons\u00e1vel pela administra\u00e7\u00e3o das \u00e1reas cont\u00e1bil, jur\u00eddica, estat\u00edstica, tecnol\u00f3gica, bibliotecon\u00f4mica, cerimonial, rela\u00e7\u00f5es p\u00fablicas entre outras.<\/p>\n\n\n\n<h2 class=\"wp-block-heading\" id=\"concurso-pc-mg-salrios\">Concurso PC MG: Sal\u00e1rios<\/h2>\n\n\n\n<p>Os <strong>sal\u00e1rios <\/strong>da PC MG passaram por um reajuste recentemente. O aumento autorizado foi de <strong>41,7%<\/strong>, por\u00e9m o governo mineiro decidiu reajustar somente <strong>13%<\/strong>.<\/p>\n\n\n\n<p>Isso se deu por conta do <strong>Regime de Recupera\u00e7\u00e3o Fiscal <\/strong>pelo qual o Estado passa e que inviabiliza o aumento total que foi autorizado.<\/p>\n\n\n\n<p>Os <strong>sal\u00e1rios atuais <\/strong>dos cargos s\u00e3o:<\/p>\n\n\n\n<ul class=\"wp-block-list\"><li>Perito e M\u00e9dico Legista: pode chegar a R$ 12.172,34;<\/li><li>Delegado: pode chegar a R$ 17.353,94;<\/li><li>Escriv\u00e3o e Investigador de Pol\u00edcia: pode chegar a R$ 7.815,26.<\/li><\/ul><p><\/p>\n\n\n\n<h2 class=\"wp-block-heading\" id=\"concurso-pc-mg-ltimas-selees-\">Concurso PC MG: \u00faltimas sele\u00e7\u00f5es <\/h2>\n\n\n\n<p>O \u00faltimo concurso PC MG aconteceu em <strong>2018 <\/strong>e ofertou vagas para Delegados (95) e Escriv\u00e3es (119), cujas remunera\u00e7\u00f5es s\u00e3o de<strong> R$ 11,4 mil e R$ 4 mil<\/strong>, respectivamente.<\/p>\n\n\n\n<p>Em <strong>2013 <\/strong>tamb\u00e9m aconteceu uma sele\u00e7\u00e3o para M\u00e9dicos, Peritos, Analistas e T\u00e9cnicos Assistentes. As oportunidades eram de <strong>n\u00edvel m\u00e9dio e superior<\/strong>.<\/p>\n\n\n\n<p>J\u00e1 em <strong>2014<\/strong>, outro edital foi aberto e as oportunidades foram ofertadas para o cargo de <strong>Investigador de Pol\u00edcia.<\/strong><\/p>\n\n\n\n<p>Todas as tr\u00eas sele\u00e7\u00f5es foram organizadas pela banca <strong>Fumarc.<\/strong><\/p>\n\n\n\n<p><\/p>\n\n\n\n<h2 class=\"wp-block-heading\" id=\"vacncias-na-polcia-civil-de-minas-gerais-\">Vac\u00e2ncias na Pol\u00edcia Civil de Minas Gerais <\/h2>\n\n\n\n<p>A corpora\u00e7\u00e3o da Pol\u00edcia Civil de <a href=\"https:\/\/www.novaconcursos.com.br\/portal\/concursos-previstos\/mg\/\">Minas Gerais<\/a> apresenta uma grande <strong>lacuna <\/strong>no quadro efetivo de funcion\u00e1rios.<\/p>\n\n\n\n<p>De acordo com informa\u00e7\u00f5es, o <strong>deficit <\/strong>de pessoal fica entre os <strong>40% e 50% <\/strong>da quantidade total autorizada de funcion\u00e1rios.<\/p>\n\n\n\n<p>O cargo que apresenta a maios quantidade de vac\u00e2ncia \u00e9 o de <strong>Escriv\u00e3o <\/strong>de Pol\u00edcia Civil, que tem <strong>49,2%<\/strong> de cargos vagos.<\/p>\n\n\n\n<p>Depois, a carreira de <strong>Delegado <\/strong>\u00e9 a que mais sofre com a falta de servidores. S\u00e3o<strong> 44,1%<\/strong> de vac\u00e2ncias nesse cargo.<\/p>\n\n\n\n<p>No total, mais de <strong>7 mil cargos est\u00e3o vagos <\/strong>na estrutura da PC MG, o que indica uma necessidade urgente de novas sele\u00e7\u00f5es.<\/p>","protected":false},"excerpt":{"rendered":"<p>O governador de Minas Gerais, Romeu Zema, autorizou novo edital de concurso PC MG com 684 vagas! Confira: Como Montar Mapas Mentais (Gr\u00e1tis) A autoriza\u00e7\u00e3o foi dada no \u00faltimo dia 7 de julho e na ocasi\u00e3o, Zema pronunciou: \u201cTeremos, depois de 8 anos, um novo concurso com 684 vagas para todas as carreiras, visando fortalecer [&hellip;]<\/p>\n","protected":false},"author":54673,"featured_media":125094,"comment_status":"closed","ping_status":"closed","sticky":false,"template":"","format":"standard","meta":{"_acf_changed":false,"footnotes":"","_wp_rev_ctl_limit":""},"categories":[228],"tags":[6554,23639,20403,38116,6598,3173,20924,6561],"class_list":["post-137186","post","type-post","status-publish","format-standard","has-post-thumbnail","hentry","category-noticias","tag-concurso-pc-mg","tag-concurso-policia-civil-mg-pc-mg","tag-concursos-mg","tag-editais-mg","tag-edital-pc-mg","tag-pc-mg","tag-pcmg","tag-policia-civil-de-minas-gerais"],"acf":[],"_links":{"self":[{"href":"https:\/\/www.novaconcursos.com.br\/portal\/wp-json\/wp\/v2\/posts\/137186","targetHints":{"allow":["GET"]}}],"collection":[{"href":"https:\/\/www.novaconcursos.com.br\/portal\/wp-json\/wp\/v2\/posts"}],"about":[{"href":"https:\/\/www.novaconcursos.com.br\/portal\/wp-json\/wp\/v2\/types\/post"}],"author":[{"embeddable":true,"href":"https:\/\/www.novaconcursos.com.br\/portal\/wp-json\/wp\/v2\/users\/54673"}],"replies":[{"embeddable":true,"href":"https:\/\/www.novaconcursos.com.br\/portal\/wp-json\/wp\/v2\/comments?post=137186"}],"version-history":[{"count":5,"href":"https:\/\/www.novaconcursos.com.br\/portal\/wp-json\/wp\/v2\/posts\/137186\/revisions"}],"predecessor-version":[{"id":137261,"href":"https:\/\/www.novaconcursos.com.br\/portal\/wp-json\/wp\/v2\/posts\/137186\/revisions\/137261"}],"wp:featuredmedia":[{"embeddable":true,"href":"https:\/\/www.novaconcursos.com.br\/portal\/wp-json\/wp\/v2\/media\/125094"}],"wp:attachment":[{"href":"https:\/\/www.novaconcursos.com.br\/portal\/wp-json\/wp\/v2\/media?parent=137186"}],"wp:term":[{"taxonomy":"category","embeddable":true,"href":"https:\/\/www.novaconcursos.com.br\/portal\/wp-json\/wp\/v2\/categories?post=137186"},{"taxonomy":"post_tag","embeddable":true,"href":"https:\/\/www.novaconcursos.com.br\/portal\/wp-json\/wp\/v2\/tags?post=137186"}],"curies":[{"name":"wp","href":"https:\/\/api.w.org\/{rel}","templated":true}]}}