{"id":137363,"date":"2021-07-09T16:45:33","date_gmt":"2021-07-09T19:45:33","guid":{"rendered":"https:\/\/www.novaconcursos.com.br\/portal\/?p=137363"},"modified":"2021-07-09T16:45:36","modified_gmt":"2021-07-09T19:45:36","slug":"concurso-pm-am-edital-autorizado-quem-pode-participar","status":"publish","type":"post","link":"https:\/\/www.novaconcursos.com.br\/portal\/noticias\/concurso-pm-am-edital-autorizado-quem-pode-participar\/","title":{"rendered":"Concurso PM AM: Edital autorizado, saiba quem pode participar!"},"content":{"rendered":"<p>Um novo <strong>edital<\/strong> de <a href=\"https:\/\/www.novaconcursos.com.br\/portal\/concursos\/concurso-pm-am\/\">concurso PM AM <\/a>foi <strong>autorizado <\/strong>no \u00faltimo dia 8 de julho pelo governador Wilson Lima.<\/p>\n\n\n\n<ul class=\"wp-block-list\"><li><strong>Confira<\/strong>: <a href=\"https:\/\/www.novaconcursos.com.br\/eventos\/guia-definitivo-plano-de-estudos-passo-a-passo\/\" target=\"_blank\" rel=\"noreferrer noopener\" aria-label=\"Plano de Estudos Passo a Passo (abre numa nova aba)\">Plano de Estudos Passo a Passo<\/a> (Gr\u00e1tis)<\/li><\/ul><p><\/p>\n\n\n\n<p>O governador do <a href=\"https:\/\/www.novaconcursos.com.br\/portal\/concursos-abertos\/am\/\">Amazonas <\/a>autorizou n\u00e3o s\u00f3 o concurso da <strong>Pol\u00edcia Militar<\/strong>, mas tamb\u00e9m para outras corpora\u00e7\u00f5es da \u00e1rea da<strong> Seguran\u00e7a P\u00fablica<\/strong> que estavam sendo esperado h\u00e1 v\u00e1rios meses.<\/p>\n\n\n\n<ul class=\"wp-block-list\"><li><strong>Adquira<\/strong>: <a href=\"https:\/\/www.novaconcursos.com.br\/concurso\/pm-am-policia-militar-do-amazonas\/curso-online\">Curso Completo Online PM AM<\/a><\/li><\/ul><p><\/p>\n\n\n\n<p>\u00a0Lima <strong>declarou <\/strong>na \u00faltima quinta-feira:<\/p>\n\n\n\n<p><em>\u201cNa semana que vem (de 12 de julho), quando\neu assinar a cria\u00e7\u00e3o das comiss\u00f5es, iremos dar os detalhes de quantas vagas\nser\u00e3o para cada for\u00e7a, para\u00a0Pol\u00edcia Militar, Pol\u00edcia Civil, Detran, Corpo\nde Bombeiros, para a pr\u00f3pria Secretaria de Administra\u00e7\u00e3o Penitenci\u00e1ria\u201d.<\/em><\/p>\n\n\n\n<h2 class=\"wp-block-heading\" id=\"saiba-o-que-necessrio-para-ingressar-na-pm-am-\">Saiba o que \u00e9 necess\u00e1rio para ingressar na PM AM! <\/h2>\n\n\n\n<p>Com base no <strong>editais de edi\u00e7\u00f5es anteriores<\/strong> de sele\u00e7\u00f5es da PM do <a href=\"https:\/\/www.novaconcursos.com.br\/portal\/concursos-previstos\/am\/\">Amazonas<\/a>, os <strong>requisitos <\/strong>b\u00e1sicos para ser um Policial Militar s\u00e3o:<\/p>\n\n\n\n<ul class=\"wp-block-list\"><li>Ter nacionalidade brasileira;<\/li><li>Gozar dos direitos civis e pol\u00edticos;<\/li><li>Estar quite com as obriga\u00e7\u00f5es eleitorais;<\/li><li>Estar quite com as obriga\u00e7\u00f5es do servi\u00e7o militar (somente para candidatos do sexo masculino);<\/li><li>Ser apto f\u00edsica e mentalmente para o exerc\u00edcio das atribui\u00e7\u00f5es do cargo, comprovada por junta m\u00e9dica de \u00f3rg\u00e3o oficial do Estado do Amazonas;<\/li><li>Ter idade m\u00ednima de 18 (dezoito) anos e idade m\u00e1xima de 28 (vinte e oito) anos completos;<\/li><li>Ter, descal\u00e7o e descoberto, altura m\u00ednima de 1,65m (um metro e sessenta e cinco cent\u00edmetros) se for do sexo masculino e,1,60m (um metro e sessenta cent\u00edmetros), se for do sexo feminino;<\/li><li>N\u00e3o possuir antecedentes criminais;<\/li><li>Ter conduta civil compat\u00edvel com o cargo policial militar pretendido, devidamente comprovado em investiga\u00e7\u00e3o \u00e0 cargo da PM AM;<\/li><li>Ter aptid\u00e3o para a carreira policial militar, aferida atrav\u00e9s do exame de aptid\u00e3o intelectual, inspe\u00e7\u00e3o de sa\u00fade, testes de aptid\u00e3o f\u00edsica, avalia\u00e7\u00e3o psicol\u00f3gica, investiga\u00e7\u00f5es aferidas atrav\u00e9s do concurso PM AM;<\/li><li>Caso o candidato seja militar, deve estar classificado no m\u00ednimo no comportamento \u201cBom\u201d.<\/li><\/ul><p><\/p>\n\n\n\n<p>Alguns <strong>cargos <\/strong>possuem, ainda, <strong>requisitos espec\u00edficos<\/strong> como possuir a CNH ou apresentar diploma de conclus\u00e3o de Ensino Superior.<\/p>\n\n\n\n<h2 class=\"wp-block-heading\" id=\"o-concurso-pm-am-esperado-desde-2018-\">O concurso PM AM \u00e9 esperado desde 2018! <\/h2>\n\n\n\n<p>Os\nconcursos da Pol\u00edcia Militar e Civil do Amazonas est\u00e3o sendo esperados desde\n2018.<\/p>\n\n\n\n<p>Naquele ano, a Seguran\u00e7a P\u00fablica chegou a abrir vagas para <strong>1.300 contrata\u00e7\u00f5es<\/strong>, por\u00e9m os editais n\u00e3o foram publicados por quest\u00f5es or\u00e7ament\u00e1rias.<\/p>\n\n\n\n<p>No\ncaso da PM, 681 vagas seriam preenchidas e para os Bombeiros AM, 228 vagas\nforam autorizadas.<\/p>\n\n\n\n<p>J\u00e1 no caso da Pol\u00edcia Civil, oito cargos seriam ofertados e <strong>424 vagas seriam preenchidas<\/strong>, caso o edital tivesse sido oficialmente publicado.<\/p>\n\n\n\n<p>Em\n2020, o governador Wilson Lima, voltou a comentar sobre os concursos e afirmou\nque esperava os editais da \u00e1rea de Seguran\u00e7a P\u00fablica ainda para o primeiro\nsemestre de 2021, o que n\u00e3o aconteceu. Veja o pronunciamento de Lima na\ncerim\u00f4nia de inaugura\u00e7\u00e3o da Delegacia Especializada em Combate \u00e0 Corrup\u00e7\u00e3o no\nano passado:<\/p>\n\n\n\n<p>\u201cAssim\nque o Amazonas tiver condi\u00e7\u00f5es, vamos realizar os concursos p\u00fablicos (para PM E\nPC AM). Trabalhamos com a possibilidade de fazer isso no ano que vem (2021),\nainda no primeiro semestre, mas vai depender muito de como a economia vai se\ncomportar e a situa\u00e7\u00e3o fiscal do estado\u201d.<\/p>\n\n\n\n<p>O\nAmazonas passa por limita\u00e7\u00f5es por conta da Lei de Responsabilidade Fiscal, o\nque dificultou um pouco a abertura de novos concursos.<\/p>","protected":false},"excerpt":{"rendered":"<p>Um novo edital de concurso PM AM foi autorizado no \u00faltimo dia 8 de julho pelo governador Wilson Lima. Confira: Plano de Estudos Passo a Passo (Gr\u00e1tis) O governador do Amazonas autorizou n\u00e3o s\u00f3 o concurso da Pol\u00edcia Militar, mas tamb\u00e9m para outras corpora\u00e7\u00f5es da \u00e1rea da Seguran\u00e7a P\u00fablica que estavam sendo esperado h\u00e1 v\u00e1rios [&hellip;]<\/p>\n","protected":false},"author":54673,"featured_media":137366,"comment_status":"closed","ping_status":"closed","sticky":false,"template":"","format":"standard","meta":{"_acf_changed":false,"footnotes":"","_wp_rev_ctl_limit":""},"categories":[228],"tags":[22638,31948,37852,38227,23833,23329,40039,3985,40088,40089],"class_list":["post-137363","post","type-post","status-publish","format-standard","has-post-thumbnail","hentry","category-noticias","tag-concurso-pm-am","tag-concurso-policia-militar-pm-am","tag-concursos-am","tag-editais-am","tag-edital-pm-am","tag-pm-am","tag-pmam","tag-policia-militar","tag-policia-militar-am","tag-seguranca-publica-am"],"acf":[],"_links":{"self":[{"href":"https:\/\/www.novaconcursos.com.br\/portal\/wp-json\/wp\/v2\/posts\/137363","targetHints":{"allow":["GET"]}}],"collection":[{"href":"https:\/\/www.novaconcursos.com.br\/portal\/wp-json\/wp\/v2\/posts"}],"about":[{"href":"https:\/\/www.novaconcursos.com.br\/portal\/wp-json\/wp\/v2\/types\/post"}],"author":[{"embeddable":true,"href":"https:\/\/www.novaconcursos.com.br\/portal\/wp-json\/wp\/v2\/users\/54673"}],"replies":[{"embeddable":true,"href":"https:\/\/www.novaconcursos.com.br\/portal\/wp-json\/wp\/v2\/comments?post=137363"}],"version-history":[{"count":4,"href":"https:\/\/www.novaconcursos.com.br\/portal\/wp-json\/wp\/v2\/posts\/137363\/revisions"}],"predecessor-version":[{"id":137411,"href":"https:\/\/www.novaconcursos.com.br\/portal\/wp-json\/wp\/v2\/posts\/137363\/revisions\/137411"}],"wp:featuredmedia":[{"embeddable":true,"href":"https:\/\/www.novaconcursos.com.br\/portal\/wp-json\/wp\/v2\/media\/137366"}],"wp:attachment":[{"href":"https:\/\/www.novaconcursos.com.br\/portal\/wp-json\/wp\/v2\/media?parent=137363"}],"wp:term":[{"taxonomy":"category","embeddable":true,"href":"https:\/\/www.novaconcursos.com.br\/portal\/wp-json\/wp\/v2\/categories?post=137363"},{"taxonomy":"post_tag","embeddable":true,"href":"https:\/\/www.novaconcursos.com.br\/portal\/wp-json\/wp\/v2\/tags?post=137363"}],"curies":[{"name":"wp","href":"https:\/\/api.w.org\/{rel}","templated":true}]}}