{"id":137456,"date":"2021-07-13T10:34:56","date_gmt":"2021-07-13T13:34:56","guid":{"rendered":"https:\/\/www.novaconcursos.com.br\/portal\/?p=137456"},"modified":"2021-07-13T10:34:59","modified_gmt":"2021-07-13T13:34:59","slug":"concurso-detran-am-oferta-de-vagas-efetivas","status":"publish","type":"post","link":"https:\/\/www.novaconcursos.com.br\/portal\/noticias\/concurso-detran-am-oferta-de-vagas-efetivas\/","title":{"rendered":"Concurso Detran AM: \u00c9 autorizado e ter\u00e1 oferta de vagas efetivas!"},"content":{"rendered":"<p>O primeiro <a href=\"https:\/\/www.novaconcursos.com.br\/portal\/concursos\/concurso-detran-am\/\">concurso Detran AM<\/a> (Departamento de Tr\u00e2nsito do Estado do Amazonas) <strong>foi autorizado<\/strong>. A <strong>autoriza\u00e7\u00e3o foi dada<\/strong> pelo governador Wilson Lima, feita no \u00faltimo dia <strong>8 de julho<\/strong>. Ao todo, foram liberadas <strong>2.525 vagas<\/strong>.<\/p>\n\n\n\n<ul class=\"wp-block-list\"><li><strong>Adquira:<\/strong> <a rel=\"noreferrer noopener\" aria-label=\"Como Montar Mapas Mentais - guia GR\u00c1TIS (abre numa nova aba)\" href=\"https:\/\/www.novaconcursos.com.br\/eventos\/guia-definitivo-como-montar-um-mapa-mental\/\" target=\"_blank\">Como Montar Mapas Mentais \u2013 guia GR\u00c1TIS<\/a><\/li><\/ul><p><\/p>\n\n\n\n<p>Al\u00e9m disso, essas <strong>vagas ser\u00e3o distribu\u00eddas<\/strong> entre os \u00f3rg\u00e3os de seguran\u00e7a do estado do Amazonas e o Detran.<\/p>\n\n\n\n<p><em>\u201cNa semana que vem (12 de julho), quando eu assinar a cria\u00e7\u00e3o das comiss\u00f5es, iremos dar os detalhes de quantas vagas ser\u00e3o para cada for\u00e7a, para Pol\u00edcia Militar, Pol\u00edcia Civil, Detran, Corpo de Bombeiros, para a pr\u00f3pria Secretaria de Administra\u00e7\u00e3o Penitenci\u00e1ria\u201d<\/em> falou o governador.<\/p>\n\n\n\n<p>S\u00e3o <strong>preenchidos<\/strong> pelo Detran hoje, vagas com celetistas, tempor\u00e1rios e estagi\u00e1rios, sendo o primeiro <a href=\"https:\/\/www.novaconcursos.com.br\/portal\/concursos-abertos\/am\/\">concurso p\u00fablico<\/a> para efetivos. Ademais, o Minist\u00e9rio P\u00fablico do Amazonas j\u00e1 <strong>havia determinado<\/strong> a realiza\u00e7\u00e3o do concurso em 2017.<\/p>\n\n\n\n<h2 class=\"wp-block-heading\" id=\"edital-concurso-detran-am\">Edital concurso Detran AM<\/h2>\n\n\n\n<p>A princ\u00edpio, com a <strong>determina\u00e7\u00e3o do MP<\/strong> do Amazonas em 2017, o \u00f3rg\u00e3o diz que a realiza\u00e7\u00e3o de um <a href=\"https:\/\/www.novaconcursos.com.br\/portal\/concursos-previstos\/am\/\">concurso<\/a> para <strong>contrata\u00e7\u00e3o de servidores<\/strong> \u00e9 mais transparente.<\/p>\n\n\n\n<p>Al\u00e9m disso, o Detran AM possuir <strong>320 servidores celetistas<\/strong> atualmente, com sal\u00e1rio de <strong>R$ 1.000,00 a R$ 23.300,00<\/strong> de acordo com o cargo, e nunca <strong>realizou concurso<\/strong>, segundo informa\u00e7\u00f5es no <strong>inqu\u00e9rito civil<\/strong>.<\/p>\n\n\n\n<p><em>\u201c\u00c0 parte qualquer digress\u00e3o de \u00e2mbito conceitual, as diferentes formas de emana\u00e7\u00e3o do Direito s\u00e3o un\u00edssonas e taxativas quanto \u00e0 necessidade e aos benef\u00edcios decorrentes da realiza\u00e7\u00e3o de concurso p\u00fablico para a sele\u00e7\u00e3o de pessoal, na medida em que tal preceito contribui, consideravelmente, com a verifica\u00e7\u00e3o dos vetores gerais e constitucionalmente expressos de: legalidade, impessoalidade, moralidade, publicidade e efici\u00eancia\u201d<\/em> diz a a\u00e7\u00e3o.<\/p>\n\n\n\n<h2 class=\"wp-block-heading\" id=\"concursos-segurana-am-so-aguardados\">Concursos Seguran\u00e7a AM s\u00e3o aguardados<\/h2>\n\n\n\n<p>Outros <strong>concursos<\/strong> para a Seguran\u00e7a P\u00fablica do Amazonas <strong>s\u00e3o aguardados<\/strong> desde 2018. S\u00e3o<strong> 1.300 vagas<\/strong> anunciadas, por\u00e9m os editais ainda n\u00e3o foram publicados por <strong>quest\u00f5es or\u00e7ament\u00e1rias<\/strong>.<\/p>\n\n\n\n<p>S\u00e3o <strong>vagas para<\/strong> a PC AM (Pol\u00edcia Civil do Amazonas), PM AM (Pol\u00edcia Militar do Amazonas) e para o corpo de Bombeiros do Amazonas. Os parlamentares do estado cobram a realiza\u00e7\u00e3o de <strong>concursos para efetivos<\/strong>.<\/p>\n\n\n\n<p>Em junho, o deputado Roberto Cidade (PV), presidente da Assembleia Legislativa, <strong>protocolou uma emenda<\/strong> \u00e0 Lei de Diretrizes Or\u00e7ament\u00e1rias, de 2022 para <strong>assegurar que o governo promova<\/strong> esses concursos t\u00e3o aguardados.<\/p>\n\n\n\n<p>Ainda segundo Cidade, o deficit no <strong>sistema de Seguran\u00e7a<\/strong> do Amazonas \u00e9 um problema antigo, e foi acentuado nos <strong>\u00faltimos meses<\/strong>, quando uma fac\u00e7\u00e3o criminosa <strong>promoveu ataques<\/strong> a patrim\u00f4nios p\u00fablicos da capital e do interior.<\/p>\n\n\n\n<p><em>\u201cA Pol\u00edcia Militar n\u00e3o faz concurso p\u00fablico h\u00e1 dez anos. Muitas cidades do interior, infelizmente, n\u00e3o t\u00eam policiamento suficiente para suprir a demanda da popula\u00e7\u00e3o. Da mesma maneira, o Corpo de Bombeiros n\u00e3o realiza concurso p\u00fablico desde 2010. A emenda \u00e9 para que o recurso seja especificado na Lei Or\u00e7ament\u00e1ria e o estado, obrigatoriamente, promova o concurso\u201d<\/em> disse o parlamentar.<\/p>\n\n\n\n<p>O <strong>deficit de cada institui\u00e7\u00e3o<\/strong> \u00e9 de: 5.969 vac\u00e2ncias na PM AM; 1.203 vac\u00e2ncias na PC AM; 3.387 vac\u00e2ncias no CBM AM.<\/p>","protected":false},"excerpt":{"rendered":"<p>O primeiro concurso Detran AM (Departamento de Tr\u00e2nsito do Estado do Amazonas) foi autorizado. A autoriza\u00e7\u00e3o foi dada pelo governador Wilson Lima, feita no \u00faltimo dia 8 de julho. Ao todo, foram liberadas 2.525 vagas. Adquira: Como Montar Mapas Mentais \u2013 guia GR\u00c1TIS Al\u00e9m disso, essas vagas ser\u00e3o distribu\u00eddas entre os \u00f3rg\u00e3os de seguran\u00e7a do [&hellip;]<\/p>\n","protected":false},"author":16,"featured_media":137457,"comment_status":"closed","ping_status":"closed","sticky":false,"template":"","format":"standard","meta":{"_acf_changed":false,"footnotes":"","_wp_rev_ctl_limit":""},"categories":[228],"tags":[9135,40118,40114,40120,2578,40115,40119,38753,115,40116,40117],"class_list":["post-137456","post","type-post","status-publish","format-standard","has-post-thumbnail","hentry","category-noticias","tag-amazonas","tag-cargos-concurso-detran-am","tag-concurso-detran-am","tag-concurso-detran-am-autorizado","tag-concursos-publicos","tag-edital-concurso-detran-am","tag-governo-do-amazonas","tag-ministerio-publico-do-amazonas","tag-nova-concursos","tag-salarios-concurso-detran-am","tag-vagas-concurso-detran-am"],"acf":[],"_links":{"self":[{"href":"https:\/\/www.novaconcursos.com.br\/portal\/wp-json\/wp\/v2\/posts\/137456","targetHints":{"allow":["GET"]}}],"collection":[{"href":"https:\/\/www.novaconcursos.com.br\/portal\/wp-json\/wp\/v2\/posts"}],"about":[{"href":"https:\/\/www.novaconcursos.com.br\/portal\/wp-json\/wp\/v2\/types\/post"}],"author":[{"embeddable":true,"href":"https:\/\/www.novaconcursos.com.br\/portal\/wp-json\/wp\/v2\/users\/16"}],"replies":[{"embeddable":true,"href":"https:\/\/www.novaconcursos.com.br\/portal\/wp-json\/wp\/v2\/comments?post=137456"}],"version-history":[{"count":5,"href":"https:\/\/www.novaconcursos.com.br\/portal\/wp-json\/wp\/v2\/posts\/137456\/revisions"}],"predecessor-version":[{"id":137533,"href":"https:\/\/www.novaconcursos.com.br\/portal\/wp-json\/wp\/v2\/posts\/137456\/revisions\/137533"}],"wp:featuredmedia":[{"embeddable":true,"href":"https:\/\/www.novaconcursos.com.br\/portal\/wp-json\/wp\/v2\/media\/137457"}],"wp:attachment":[{"href":"https:\/\/www.novaconcursos.com.br\/portal\/wp-json\/wp\/v2\/media?parent=137456"}],"wp:term":[{"taxonomy":"category","embeddable":true,"href":"https:\/\/www.novaconcursos.com.br\/portal\/wp-json\/wp\/v2\/categories?post=137456"},{"taxonomy":"post_tag","embeddable":true,"href":"https:\/\/www.novaconcursos.com.br\/portal\/wp-json\/wp\/v2\/tags?post=137456"}],"curies":[{"name":"wp","href":"https:\/\/api.w.org\/{rel}","templated":true}]}}