{"id":13762,"date":"2015-01-27T15:02:21","date_gmt":"2015-01-27T18:02:21","guid":{"rendered":"http:\/\/www.novaconcursos.com.br\/portal\/?p=13762"},"modified":"2021-01-28T17:17:37","modified_gmt":"2021-01-28T20:17:37","slug":"o-que-cai-na-prova-trt-sp-15a-regiao","status":"publish","type":"post","link":"https:\/\/www.novaconcursos.com.br\/portal\/artigos\/o-que-cai-na-prova-trt-sp-15a-regiao\/","title":{"rendered":"O que cai na prova: TRT-SP 15\u00aa Regi\u00e3o"},"content":{"rendered":"<p><a href=\"https:\/\/www.novaconcursos.com.br\/portal\/wp-content\/uploads\/2015\/01\/Concurso-trt-15-regiao.jpg\"><img decoding=\"async\" class=\"alignright size-medium wp-image-3798\" src=\"https:\/\/www.novaconcursos.com.br\/portal\/wp-content\/uploads\/2015\/01\/Concurso-trt-15-regiao-300x292.jpg\" alt=\"Concurso-trt-15-regiao\" width=\"300\" height=\"292\" loading=\"lazy\" title=\"\"><\/a>O Tribunal Regional do Trabalho da 15\u00aa Regi\u00e3o (TRT \u2013 SP) lan\u00e7ou edital para concurso p\u00fablico que visa preencher 63 vagas e formar cadastro de reserva. Os candidatos interessados podem se inscrever do dia 04 de fevereiro de 2015 a 10 de mar\u00e7o. Para mais informa\u00e7\u00f5es sobre o certame, <a href=\"https:\/\/www.novaconcursos.com.br\/portal\/noticias\/novos-editais\/analise-de-edital-trt-sp-15a-regiao\/\">clique aqui e confira a an\u00e1lise do edital.\u00a0<\/a><\/p>\n<p>\u00a0<\/p>\n<p><strong>Conte\u00fado Program\u00e1tico<\/strong><br><em><strong>L\u00edngua Portuguesa:<\/strong> <\/em>Ortografia oficial. Acentua\u00e7\u00e3o gr\u00e1fica. Flex\u00e3o nominal e verbal. Pronomes: emprego, formas de tratamento e coloca\u00e7\u00e3o. Emprego de tempos e modos verbais. Vozes do verbo. Concord\u00e2ncia nominal e verbal. Reg\u00eancia nominal e verbal. Coordena\u00e7\u00e3o e Subordina\u00e7\u00e3o entre ora\u00e7\u00f5es. Mecanismo de coes\u00e3o de textual. Ocorr\u00eancia de crase. Pontua\u00e7\u00e3o. Reda\u00e7\u00e3o (confronto e reconhecimento de frases corretas e incorretas). Intelec\u00e7\u00e3o de texto.<\/p>\n<p>\u00a0<\/p>\n<p><em><strong>LEI n\u00ba 8.112\/1990 \u2013 Regime Jur\u00eddico dos Servidores P\u00fablicos Civis da Uni\u00e3o:<\/strong><\/em> Das disposi\u00e7\u00f5es preliminares; Do provimento, vac\u00e2ncia, remo\u00e7\u00e3o, redistribui\u00e7\u00e3o e substitui\u00e7\u00e3o. Dos direitos e vantagens: do vencimento e da remunera\u00e7\u00e3o; das vantagens; das f\u00e9rias; das licen\u00e7as; dos afastamentos; do direito de peti\u00e7\u00e3o. Do regime disciplinar: dos deveres e proibi\u00e7\u00f5es; da acumula\u00e7\u00e3o; das responsabilidades; das penalidades.<\/p>\n<p>\u00a0<\/p>\n<p><em><strong>No\u00e7\u00f5es de administra\u00e7\u00e3o geral e p\u00fablica:<\/strong> <\/em>Processo organizacional. Gest\u00e3o Estrat\u00e9gica: excel\u00eancia nos servi\u00e7os p\u00fablicos. Gest\u00e3o estrat\u00e9gica do Poder Judici\u00e1rio brasileiro. Balanced scorecard, estrat\u00e9gias, indicadores de gest\u00e3o, gest\u00e3o de projetos, gest\u00e3o por compet\u00eancias. Gest\u00e3o p\u00fablica eficiente, eficaz e efetiva. PDCA, monitoramento e avalia\u00e7\u00e3o. Estrutura organizacional, cultura, lideran\u00e7a e clima organizacional, controle do patrim\u00f4nio p\u00fablico. Sistema de gest\u00e3o p\u00fablica. Princ\u00edpios da Administra\u00e7\u00e3o p\u00fablica, princ\u00edpios gerais da Administra\u00e7\u00e3o.<\/p>\n<p>\u00a0<\/p>\n<p><strong><em>Conhecimentos Espec\u00edficos:<\/em> <\/strong>de acordo com o cargo pretendido.<\/p>\n<p>\u00a0<\/p>\n<p><strong>Crit\u00e9rios de desempate<\/strong><br><em>Para o cargo de Analista Judici\u00e1rio:<\/em><br>\na) obtiver maior nota ponderada na Prova de Conhecimentos Espec\u00edficos;<br>\nb) obtiver maior nota na Prova Estudo de Caso;<br>\nc) tiver maior idade;<br>\nd) tiver exercido efetivamente a fun\u00e7\u00e3o de jurado no per\u00edodo entre a data da publica\u00e7\u00e3o da Lei n\u00ba 11.689\/08 e a data de t\u00e9rmino das inscri\u00e7\u00f5es.<\/p>\n<p><em>Para o cargo de T\u00e9cnico Judici\u00e1rio:<\/em><br>\na) obtiver maior nota ponderada na prova de Conhecimentos Espec\u00edficos;<br>\nb) obtiver maior n\u00famero de acertos nas quest\u00f5es de L\u00edngua Portuguesa da Prova de Conhecimentos Gerais;<br>\nc) tiver maior idade;<br>\nd) tiver exercido efetivamente a fun\u00e7\u00e3o de jurado no per\u00edodo entre a data da publica\u00e7\u00e3o da Lei n\u00ba 11.689\/08 e a data de t\u00e9rmino das inscri\u00e7\u00f5es.<\/p>\n<p>\u00a0<\/p>\n<p><strong>Compre os produtos da Nova<\/strong><\/p>\n<p>Compre as<b>\u00a0Apostilas<\/b>\u00a0para o seu\u00a0<b>Concurso P\u00fablico<\/b>\u00a0direto com a Editora Nova e parcele no cart\u00e3o de cr\u00e9dito em at\u00e9 6 x sem juros!<\/p>\n<p>Acompanhe a\u00a0<a title=\"Site Nova Concursos\" href=\"https:\/\/www.novaconcursos.com.br\/\" target=\"_blank\" rel=\"noopener noreferrer\"><strong>Nova Concursos<\/strong><\/a>\u00a0tamb\u00e9m nas\u00a0<strong>redes sociais<\/strong>!<\/p>\n<p><a title=\"Facebook Oficial Nova Concursos\" href=\"https:\/\/www.facebook.com\/NOVAConcursosOficial\" target=\"_blank\" rel=\"noopener noreferrer\"><img decoding=\"async\" src=\"https:\/\/www.novaconcursos.com.br\/portal\/wp-content\/uploads\/2014\/12\/facebook_logo_detail1.gif\" alt=\"facebook_logo_detail\" width=\"50\" height=\"50\" loading=\"lazy\" title=\"\"><\/a>\u00a0<a title=\"G+ Nova Concursos\" href=\"https:\/\/plus.google.com\/u\/1\/115146550907593514602\" target=\"_blank\" rel=\"noopener noreferrer\"><img decoding=\"async\" src=\"https:\/\/www.novaconcursos.com.br\/portal\/wp-content\/uploads\/2014\/12\/gplus.png\" alt=\"gplus\" width=\"50\" height=\"50\" loading=\"lazy\" title=\"\"><\/a>\u00a0<a title=\"Youtube Nova Concursos\" href=\"https:\/\/www.youtube.com\/channel\/UCYEz3vPWPP-oNtkKb4DxoAg?feature=watch\" target=\"_blank\" rel=\"noopener noreferrer\"><img decoding=\"async\" src=\"https:\/\/www.novaconcursos.com.br\/portal\/wp-content\/uploads\/2014\/12\/youtube-logo.png\" alt=\"youtube-logo\" width=\"50\" height=\"50\" loading=\"lazy\" title=\"\"><\/a><\/p>\n<hr><div>\n<div style=\"width: 310px; margin-left: 5px;\">\n<p><b>Apostila para esse cargo<\/b><\/p>\n<div style=\"float: left;\"><a href=\"https:\/\/www.novaconcursos.com.br\/apostila-concurso\/trt-sp-tribunal-regional-do-trabalho-de-sao-paulo\" target=\"_blank\" rel=\"noopener noreferrer\"><img decoding=\"async\" style=\"background-color: blue;\" src=\"https:\/\/www.novaconcursos.com.br\/portal\/wp-content\/uploads\/2015\/01\/trt-comum-todos-cargos.jpg\" alt=\"Apostila TRT 15\u00aa Regi\u00e3o\" loading=\"lazy\" title=\"\"><\/a><\/div>\n<div>\n<div style=\"width: 170px; height: 170px; float: right; margin-right: 10px; margin-left: 10px;\"><b>Apostila concurso<br>\nTRT 15\u00aa Regi\u00e3o<\/b>\n<div>\n<div>Por <span style=\"font-size: 18px; color: #006b3e; font-weight: bold;\">R$ 29,90<\/span>ou <span style=\"font-size: 14px; color: #00aa08; font-weight: bold;\">3x<\/span> de <span style=\"font-size: 14px; color: #00aa08; font-weight: bold;\">R$ 9,97<\/span>\n<p>sem juros no cart\u00e3o<\/p>\n<\/div>\n<p><a href=\"https:\/\/www.novaconcursos.com.br\/apostila-concurso\/trt-sp-tribunal-regional-do-trabalho-de-sao-paulo\" target=\"_blank\" rel=\"noopener noreferrer\"><img decoding=\"async\" src=\"https:\/\/www.novaconcursos.com.br\/portal\/wp-content\/uploads\/2014\/12\/botao.jpg\" alt=\"\" loading=\"lazy\" title=\"\"><\/a><\/p>\n<\/div>\n<\/div>\n<\/div>\n<\/div>\n<\/div>","protected":false},"excerpt":{"rendered":"<p>O Tribunal Regional do Trabalho da 15\u00aa Regi\u00e3o (TRT \u2013 SP) lan\u00e7ou edital para concurso p\u00fablico que visa preencher 63 vagas e formar cadastro de reserva. Os candidatos interessados podem se inscrever do dia 04 de fevereiro de 2015 a 10 de mar\u00e7o. Para mais informa\u00e7\u00f5es sobre o certame, clique aqui e confira a an\u00e1lise [&hellip;]<\/p>\n","protected":false},"author":16,"featured_media":0,"comment_status":"closed","ping_status":"closed","sticky":false,"template":"","format":"standard","meta":{"_acf_changed":false,"footnotes":"","_wp_rev_ctl_limit":""},"categories":[33508],"tags":[],"class_list":["post-13762","post","type-post","status-publish","format-standard","hentry","category-artigos"],"acf":[],"_links":{"self":[{"href":"https:\/\/www.novaconcursos.com.br\/portal\/wp-json\/wp\/v2\/posts\/13762","targetHints":{"allow":["GET"]}}],"collection":[{"href":"https:\/\/www.novaconcursos.com.br\/portal\/wp-json\/wp\/v2\/posts"}],"about":[{"href":"https:\/\/www.novaconcursos.com.br\/portal\/wp-json\/wp\/v2\/types\/post"}],"author":[{"embeddable":true,"href":"https:\/\/www.novaconcursos.com.br\/portal\/wp-json\/wp\/v2\/users\/16"}],"replies":[{"embeddable":true,"href":"https:\/\/www.novaconcursos.com.br\/portal\/wp-json\/wp\/v2\/comments?post=13762"}],"version-history":[{"count":5,"href":"https:\/\/www.novaconcursos.com.br\/portal\/wp-json\/wp\/v2\/posts\/13762\/revisions"}],"predecessor-version":[{"id":117524,"href":"https:\/\/www.novaconcursos.com.br\/portal\/wp-json\/wp\/v2\/posts\/13762\/revisions\/117524"}],"wp:attachment":[{"href":"https:\/\/www.novaconcursos.com.br\/portal\/wp-json\/wp\/v2\/media?parent=13762"}],"wp:term":[{"taxonomy":"category","embeddable":true,"href":"https:\/\/www.novaconcursos.com.br\/portal\/wp-json\/wp\/v2\/categories?post=13762"},{"taxonomy":"post_tag","embeddable":true,"href":"https:\/\/www.novaconcursos.com.br\/portal\/wp-json\/wp\/v2\/tags?post=13762"}],"curies":[{"name":"wp","href":"https:\/\/api.w.org\/{rel}","templated":true}]}}