{"id":137961,"date":"2021-07-19T13:17:45","date_gmt":"2021-07-19T16:17:45","guid":{"rendered":"https:\/\/www.novaconcursos.com.br\/portal\/?p=137961"},"modified":"2021-07-19T13:17:49","modified_gmt":"2021-07-19T16:17:49","slug":"concurso-fapeam-deficit-edital-recomendado","status":"publish","type":"post","link":"https:\/\/www.novaconcursos.com.br\/portal\/noticias\/concurso-fapeam-deficit-edital-recomendado\/","title":{"rendered":"Concurso Fapeam: Com grande deficit na Funda\u00e7\u00e3o novo edital \u00e9 recomendado!"},"content":{"rendered":"<p>Ap\u00f3s realizar algumas investiga\u00e7\u00f5es, uma <strong>s\u00e9rie de editais<\/strong> foi recomendado pelo Minist\u00e9rio P\u00fablico do Amazonas, incluindo o concurso Fapeam (<strong>Funda\u00e7\u00e3o de Amparo \u00e0 Pesquisa<\/strong>). Um certame foi <strong>proposto em 2019<\/strong>, mas n\u00e3o continuou. O documento pode sair <strong>em breve.<\/strong><\/p>\n\n\n\n<ul class=\"wp-block-list\"><li><strong>Confira:<\/strong> <a rel=\"noreferrer noopener\" aria-label=\"Guia como montar um mapa mental (Gr\u00e1tis) (abre numa nova aba)\" href=\"https:\/\/www.novaconcursos.com.br\/eventos\/guia-definitivo-como-montar-um-mapa-mental\/\" target=\"_blank\">Guia como montar um mapa mental (Gr\u00e1tis)<\/a><\/li><\/ul><p><\/p>\n\n\n\n<h2 class=\"wp-block-heading\" id=\"concurso-fapeam-edital-recomendado\">Concurso Fapeam: edital recomendado<\/h2>\n\n\n\n<p>O <strong>Minist\u00e9rio P\u00fablico<\/strong> do Estado do <a href=\"https:\/\/www.novaconcursos.com.br\/portal\/concursos-previstos\/am\/\">Amazonas <\/a><strong>recomendou uma s\u00e9rie de editais <\/strong>para publica\u00e7\u00e3o ainda em 2021. A a\u00e7\u00e3o foi devido ao grande deficit de servidores efetivos em alguns \u00f3rg\u00e3os.<\/p>\n\n\n\n<p>O pedido foi atrav\u00e9s de uma <strong>A\u00e7\u00e3o Civil P\u00fablica (ACP),\u00a0<\/strong>por meio da 57\u00aa Promotoria de Justi\u00e7a dos Direitos Humanos e Cidadania (PRODIHC).<\/p>\n\n\n\n<p>A autoriza\u00e7\u00e3o foi imposta pelo <strong>promotor de justi\u00e7a<\/strong>, Ant\u00f4nio Jos\u00e9 Mancilha.<\/p>\n\n\n\n<h3 class=\"wp-block-heading\">Investiga\u00e7\u00f5es<\/h3>\n\n\n\n<p>O Minist\u00e9rio P\u00fablico realizou <strong>v\u00e1rias investiga\u00e7\u00f5es<\/strong> para chegar at\u00e9 a lista de editais que seriam recomendados. <\/p>\n\n\n\n<p>As investiga\u00e7\u00f5es constataram que, em alguns \u00f3rg\u00e3os, h\u00e1 <strong>excesso de cargos comissionados criados,<\/strong> o que se fazem necess\u00e1rias novas contrata\u00e7\u00f5es.<\/p>\n\n\n\n<p>Segundo o MP, o resultado encontrado <strong>burla o princ\u00edpio<\/strong> do concurso p\u00fablico e ilegalidade na contrata\u00e7\u00e3o de servidores de cargos efetivos e tempor\u00e1rios.<\/p>\n\n\n\n<p>Isso porque o <strong>Supremo Tribunal Federal (STF) <\/strong>afirma que o n\u00famero de cargos em comiss\u00e3o deve ser proporcional \u00e0 necessidade do servi\u00e7o\u00a0que visa suprir e ao n\u00famero de servidores efetivos do \u00f3rg\u00e3o.<\/p>\n\n\n\n<p><em>\u201cAlgumas vezes, os gestores n\u00e3o seguiam as regras da lei, e n\u00e3o havia conson\u00e2ncia entre o n\u00famero de cargos efetivos com o de comissionados, na propor\u00e7\u00e3o prescrita pelo STF. Alguns \u00f3rg\u00e3os chegam a ter 70% do quadro de servidores preenchido por comissionados. Tal irregularidade viola o princ\u00edpio do concurso p\u00fablico e acaba prejudicando o resultado do trabalho, pois muitas vezes essas pessoas n\u00e3o s\u00e3o qualificadas para exercer essas atividades\u201d<\/em>, ressaltou o promotor de justi\u00e7a.<\/p>\n\n\n\n<p>O <strong>concurso Fapeam<\/strong> foi um dos apontados com a necessidade de um novo edital. Al\u00e9m da funda\u00e7\u00e3o, outros \u00f3rg\u00e3os fazem parte do pedido, como:<\/p>\n\n\n\n<ul class=\"wp-block-list\"><li>Defensoria P\u00fablica;<\/li><li>Corpo de Bombeiros;<\/li><li>Ag\u00eancia Reguladora dos Servi\u00e7os P\u00fablicos Delegados e Contratados do Estado do Amazonas (Arsepam);<\/li><li>Secretaria de Estado da Produ\u00e7\u00e3o Rural (Sepror);<\/li><li>Imprensa Oficial do Estado (IOA); e no<\/li><li>Instituto de Pesos e Medidas do Estado (Ipem AM).<\/li><\/ul><p><\/p>\n\n\n\n<h2 class=\"wp-block-heading\" id=\"fapeam-tentou-realizar-concurso-em-2019\"><strong>Fapeam tentou realizar concurso em 2019<\/strong><\/h2>\n\n\n\n<p>Vale lembrar que em 2019, um concurso foi tentado pela Funda\u00e7\u00e3o <strong>de Amparo \u00e0 Pesquisa<\/strong> do <a href=\"https:\/\/www.novaconcursos.com.br\/portal\/concursos-abertos\/am\/\">Estado do Amazonas<\/a>. A dire\u00e7\u00e3o queria adotar um quadro de pessoal mais renovado.<\/p>\n\n\n\n<p><em>\u201cUm quadro de pessoal capaz de garantir a continuidade das a\u00e7\u00f5es de fomento \u00e0 ci\u00eancia e tecnologia no Estado\u201d<\/em>, afirmou na \u00e9poca.<\/p>\n\n\n\n<p>Em nota divulgada em 2018, o Governo do Estado afirmou que a funda\u00e7\u00e3o projetava um <strong>or\u00e7amento maior para o ano posterior<\/strong>, al\u00e9m de\u00a0mais investimento em CT&amp;I e conclus\u00e3o dos estudos para lan\u00e7ar um novo\u00a0concurso p\u00fablico.<\/p>\n\n\n\n<p>A funda\u00e7\u00e3o chegou a afirmar na \u00e9poca que os estudos para um novo edital estavam em fase final, com a <strong>proje\u00e7\u00e3o de lan\u00e7ar o concurso em 2019<\/strong>, mas n\u00e3o foi o que aconteceu. <\/p>","protected":false},"excerpt":{"rendered":"<p>Ap\u00f3s realizar algumas investiga\u00e7\u00f5es, uma s\u00e9rie de editais foi recomendado pelo Minist\u00e9rio P\u00fablico do Amazonas, incluindo o concurso Fapeam (Funda\u00e7\u00e3o de Amparo \u00e0 Pesquisa). Um certame foi proposto em 2019, mas n\u00e3o continuou. O documento pode sair em breve. Confira: Guia como montar um mapa mental (Gr\u00e1tis) Concurso Fapeam: edital recomendado O Minist\u00e9rio P\u00fablico do [&hellip;]<\/p>\n","protected":false},"author":54671,"featured_media":137964,"comment_status":"closed","ping_status":"closed","sticky":false,"template":"","format":"standard","meta":{"_acf_changed":false,"footnotes":"","_wp_rev_ctl_limit":""},"categories":[228],"tags":[40257,40255,579,3726,37852,37290,198,2578,40252,40254],"class_list":["post-137961","post","type-post","status-publish","format-standard","has-post-thumbnail","hentry","category-noticias","tag-concurso-fapeam","tag-concurso-fundacao-de-amparo-a-pesquisa-amazonas","tag-concursos","tag-concursos-abertos","tag-concursos-am","tag-concursos-amazonas","tag-concursos-previstos","tag-concursos-publicos","tag-fundacao-de-amparo-a-pesquisa-am","tag-fundacao-de-amparo-a-pesquisa-do-amazonas"],"acf":[],"_links":{"self":[{"href":"https:\/\/www.novaconcursos.com.br\/portal\/wp-json\/wp\/v2\/posts\/137961","targetHints":{"allow":["GET"]}}],"collection":[{"href":"https:\/\/www.novaconcursos.com.br\/portal\/wp-json\/wp\/v2\/posts"}],"about":[{"href":"https:\/\/www.novaconcursos.com.br\/portal\/wp-json\/wp\/v2\/types\/post"}],"author":[{"embeddable":true,"href":"https:\/\/www.novaconcursos.com.br\/portal\/wp-json\/wp\/v2\/users\/54671"}],"replies":[{"embeddable":true,"href":"https:\/\/www.novaconcursos.com.br\/portal\/wp-json\/wp\/v2\/comments?post=137961"}],"version-history":[{"count":5,"href":"https:\/\/www.novaconcursos.com.br\/portal\/wp-json\/wp\/v2\/posts\/137961\/revisions"}],"predecessor-version":[{"id":137982,"href":"https:\/\/www.novaconcursos.com.br\/portal\/wp-json\/wp\/v2\/posts\/137961\/revisions\/137982"}],"wp:featuredmedia":[{"embeddable":true,"href":"https:\/\/www.novaconcursos.com.br\/portal\/wp-json\/wp\/v2\/media\/137964"}],"wp:attachment":[{"href":"https:\/\/www.novaconcursos.com.br\/portal\/wp-json\/wp\/v2\/media?parent=137961"}],"wp:term":[{"taxonomy":"category","embeddable":true,"href":"https:\/\/www.novaconcursos.com.br\/portal\/wp-json\/wp\/v2\/categories?post=137961"},{"taxonomy":"post_tag","embeddable":true,"href":"https:\/\/www.novaconcursos.com.br\/portal\/wp-json\/wp\/v2\/tags?post=137961"}],"curies":[{"name":"wp","href":"https:\/\/api.w.org\/{rel}","templated":true}]}}