{"id":137981,"date":"2021-07-19T13:58:06","date_gmt":"2021-07-19T16:58:06","guid":{"rendered":"https:\/\/www.novaconcursos.com.br\/portal\/?p=137981"},"modified":"2021-07-20T10:12:16","modified_gmt":"2021-07-20T13:12:16","slug":"concurso-policia-penal-mg-edital-esta-muito-proximo","status":"publish","type":"post","link":"https:\/\/www.novaconcursos.com.br\/portal\/noticias\/concurso-policia-penal-mg-edital-esta-muito-proximo\/","title":{"rendered":"Concurso Pol\u00edcia Penal MG: Edital est\u00e1 muito pr\u00f3ximo, diz subsecret\u00e1rio!"},"content":{"rendered":"<p> O <strong>edital <\/strong>do <a href=\"https:\/\/www.novaconcursos.com.br\/portal\/concursos\/concurso-policia-penal-mg\/\">concurso Pol\u00edcia Penal MG<\/a> deve ser publicado em agosto, segundo o Subsecret\u00e1rio de Intelig\u00eancia e Integra\u00e7\u00e3o do Estado. <\/p>\n\n\n\n<ul class=\"wp-block-list\"><li><strong>Confira:<\/strong>  <a href=\"https:\/\/www.novaconcursos.com.br\/eventos\/curso-gratis-policia-penal-mg-agente-penitenciario\/\" target=\"_blank\" rel=\"noreferrer noopener\" aria-label=\"Curso Gr\u00e1tis Pol\u00edcia Penal MG  (abre numa nova aba)\">Curso Gr\u00e1tis Pol\u00edcia Penal MG <\/a><\/li><\/ul><p><\/p>\n\n\n\n<p>O <strong>Instituto Selecon <\/strong>foi\u00a0contratado como organizador do concurso. Ele ser\u00e1 respons\u00e1vel por receber as inscri\u00e7\u00f5es e aplicar as primeiras etapas da sele\u00e7\u00e3o, como <strong>provas objetivas e discursivas<\/strong>.<\/p>\n\n\n\n<ul class=\"wp-block-list\"><li><strong>Adquira:<\/strong> <a href=\"https:\/\/www.novaconcursos.com.br\/concurso\/policia-penal-mg\/apostila\">Apostila completa Pol\u00edcia Penal MG<\/a><\/li><li><strong>Adquira: <\/strong><a href=\"https:\/\/www.novaconcursos.com.br\/curso-online\/agepen-mg-agente-de-seguranca-penitenciario\">Curso online completo Pol\u00edcia Penal MG<\/a><\/li><\/ul><h2 class=\"wp-block-heading\" id=\"edital-do-concurso-polcia-penal-mg-pode-sair-em-breve\">Edital do concurso Pol\u00edcia Penal MG pode sair em breve<\/h2>\n\n\n\n<p>O novo<strong> concurso Pol\u00edcia Penal MG <\/strong>deve ser <strong>publicado em agosto<\/strong> com a oferta de 2.420 vagas. A previs\u00e3o foi reafirmada pelo subsecret\u00e1rio de Intelig\u00eancia e Integra\u00e7\u00e3o do Estado, Christian Vianna, em transmiss\u00e3o ao vivo pelas redes sociais no \u00faltimo domingo, 18.<\/p>\n\n\n\n<p>Al\u00e9m disso, o <strong>Instituto Selecon <\/strong>foi\u00a0contratado como organizador do concurso. Ele ser\u00e1 respons\u00e1vel por receber as inscri\u00e7\u00f5es e aplicar as primeiras etapas da <a href=\"https:\/\/www.novaconcursos.com.br\/portal\/concursos-abertos\/mg\/\">sele\u00e7\u00e3o<\/a>, como <strong>provas objetivas e discursivas<\/strong>. O extrato de contrato foi publicado no Di\u00e1rio Oficial do Estado de 17 de julho  <\/p>\n\n\n\n<p>Sendo assim, contam-se at\u00e9 <strong>20 dias \u00fateis para elabora\u00e7\u00e3o do edital<\/strong>. No entanto, o subsecret\u00e1rio de Intelig\u00eancia e Integra\u00e7\u00e3o afirmou que os trabalhos s\u00e3o para reduzir esse prazo e publicar o edital em agosto. <\/p>\n\n\n\n<p><em>\u201cO contrato com a empresa Selecon j\u00e1 foi assinado. Estamos em fase de elabora\u00e7\u00e3o de edital, com previs\u00e3o m\u00e1xima de 20 dias \u00fateis. Mas, estamos correndo para fazer esse edital antes. Ent\u00e3o, a previs\u00e3o \u00e9 que esse concurso chegue na segunda ou terceira semana de agosto\u201d<\/em>, disse Vianna.<\/p>\n\n\n\n<p>O subsecret\u00e1rio ainda deixou a seguinte mensagem aos participantes: <em>\u201cPreparem-se porque o edital j\u00e1 est\u00e1 saindo, est\u00e1 muito pr\u00f3ximo\u201d<\/em>. Em transmiss\u00e3o ao vivo realizada no dia 4 de julho, ele j\u00e1 tinha\u00a0adiantado que o edital deveria sair em agosto.\u00a0<\/p>\n\n\n\n<p> O <a href=\"https:\/\/www.novaconcursos.com.br\/portal\/concursos-previstos\/mg\/\">concurso<\/a> Pol\u00edcia Penal MG ter\u00e1 o total de 2.420 vagas, sendo<strong> 1.944 ser\u00e3o para o sexo masculino e\u00a0476 para o sexo feminino<\/strong>. Todas as oportunidades s\u00e3o para carreira de policial penal, antigo agente penitenci\u00e1rio. <\/p>\n\n\n\n<h2 class=\"wp-block-heading\" id=\"quem-pode-fazer-o-concurso-agepenmg-polcia-penal-mg\"><strong>Quem pode fazer o concurso AGEPEN-MG (Pol\u00edcia Penal MG)?<\/strong><\/h2>\n\n\n\n<p>Podem concorrer ao antigo cargo de Agente de Seguran\u00e7a Penitenci\u00e1rio, agora<strong>\u00a0Policial Penal,\u00a0<\/strong>todos os candidatos que atendam aos seguintes requisitos:<\/p>\n\n\n\n<ul class=\"wp-block-list\"><li><strong>Ensino m\u00e9dio ou curso profissionalizante<\/strong>, emitido por institui\u00e7\u00e3o reconhecida pelo Minist\u00e9rio da Educa\u00e7\u00e3o (MEC);<\/li><li>Jornada de trabalho compreendendo 40 horas semanais em regime de dedica\u00e7\u00e3o exclusiva, incluindo o per\u00edodo noturno, s\u00e1bados, domingos e feriados.<\/li><\/ul><p><\/p>\n\n\n\n<p>Dessa maneira os candidatos devem ter pelo menos o\u00a0<strong>n\u00edvel m\u00e9dio completo<\/strong>\u00a0de forma\u00e7\u00e3o para fazer jus ao sal\u00e1rio inicial de\u00a0<strong>R$ 4.631,24<\/strong>, referente a jornada de trabalho de 40 horas semanais.<\/p>","protected":false},"excerpt":{"rendered":"<p>O edital do concurso Pol\u00edcia Penal MG deve ser publicado em agosto, segundo o Subsecret\u00e1rio de Intelig\u00eancia e Integra\u00e7\u00e3o do Estado. Confira: Curso Gr\u00e1tis Pol\u00edcia Penal MG O Instituto Selecon foi\u00a0contratado como organizador do concurso. Ele ser\u00e1 respons\u00e1vel por receber as inscri\u00e7\u00f5es e aplicar as primeiras etapas da sele\u00e7\u00e3o, como provas objetivas e discursivas. Adquira: [&hellip;]<\/p>\n","protected":false},"author":54662,"featured_media":126096,"comment_status":"closed","ping_status":"closed","sticky":false,"template":"","format":"standard","meta":{"_acf_changed":false,"footnotes":"","_wp_rev_ctl_limit":""},"categories":[228],"tags":[37112,37508,40264,40263,37507],"class_list":["post-137981","post","type-post","status-publish","format-standard","has-post-thumbnail","hentry","category-noticias","tag-concurso-policia-penal-mg","tag-edital-concurso-policia-penal-mg","tag-remuneracao-concurso-policia-penal-mg","tag-requisitos-concurso-policia-penal-mg","tag-vagas-concurso-policia-penal-mg"],"acf":[],"_links":{"self":[{"href":"https:\/\/www.novaconcursos.com.br\/portal\/wp-json\/wp\/v2\/posts\/137981","targetHints":{"allow":["GET"]}}],"collection":[{"href":"https:\/\/www.novaconcursos.com.br\/portal\/wp-json\/wp\/v2\/posts"}],"about":[{"href":"https:\/\/www.novaconcursos.com.br\/portal\/wp-json\/wp\/v2\/types\/post"}],"author":[{"embeddable":true,"href":"https:\/\/www.novaconcursos.com.br\/portal\/wp-json\/wp\/v2\/users\/54662"}],"replies":[{"embeddable":true,"href":"https:\/\/www.novaconcursos.com.br\/portal\/wp-json\/wp\/v2\/comments?post=137981"}],"version-history":[{"count":4,"href":"https:\/\/www.novaconcursos.com.br\/portal\/wp-json\/wp\/v2\/posts\/137981\/revisions"}],"predecessor-version":[{"id":138045,"href":"https:\/\/www.novaconcursos.com.br\/portal\/wp-json\/wp\/v2\/posts\/137981\/revisions\/138045"}],"wp:featuredmedia":[{"embeddable":true,"href":"https:\/\/www.novaconcursos.com.br\/portal\/wp-json\/wp\/v2\/media\/126096"}],"wp:attachment":[{"href":"https:\/\/www.novaconcursos.com.br\/portal\/wp-json\/wp\/v2\/media?parent=137981"}],"wp:term":[{"taxonomy":"category","embeddable":true,"href":"https:\/\/www.novaconcursos.com.br\/portal\/wp-json\/wp\/v2\/categories?post=137981"},{"taxonomy":"post_tag","embeddable":true,"href":"https:\/\/www.novaconcursos.com.br\/portal\/wp-json\/wp\/v2\/tags?post=137981"}],"curies":[{"name":"wp","href":"https:\/\/api.w.org\/{rel}","templated":true}]}}