{"id":138000,"date":"2021-07-19T16:15:51","date_gmt":"2021-07-19T19:15:51","guid":{"rendered":"https:\/\/www.novaconcursos.com.br\/portal\/?p=138000"},"modified":"2021-07-19T16:15:58","modified_gmt":"2021-07-19T19:15:58","slug":"concurso-pm-sp-anos-policiais-corporacao","status":"publish","type":"post","link":"https:\/\/www.novaconcursos.com.br\/portal\/noticias\/concurso-pm-sp-anos-policiais-corporacao\/","title":{"rendered":"Concurso PM SP: Todos os anos mais de 3 mil Policiais deixam a corpora\u00e7\u00e3o!"},"content":{"rendered":"<p>A Pol\u00edcia Militar de S\u00e3o Paulo solicitou um novo\u00a0<a href=\"https:\/\/www.novaconcursos.com.br\/portal\/concursos\/concurso-pm-sp\/\">concurso PM SP para Soldados<\/a>\u00a0com\u00a0<strong>mais de 5 mil vagas<\/strong>. Muitos acreditam que o quantitativo \u00e9 alto, entretanto, o que n\u00e3o sabem \u00e9 que mais de 3 mil Policiais deixam a corpora\u00e7\u00e3o por ano. Entenda!<\/p>\n\n\n\n<ul class=\"wp-block-list\"><li><strong>Confira:\u00a0<\/strong><a href=\"https:\/\/www.novaconcursos.com.br\/eventos\/curso-gratis-pm-sp-soldado-2021\/\" target=\"_blank\" rel=\"noreferrer noopener\" aria-label=\" (abre numa nova aba)\">Curso Gr\u00e1tis PM-SP<\/a><\/li><\/ul><p><\/p>\n\n\n\n<h2 class=\"wp-block-heading\" id=\"concurso-pm-sp-deficit-aumenta-todo-ano\">Concurso PM SP: deficit aumenta todo ano<\/h2>\n\n\n\n<p>Por ano, mais de <strong>3 mil Policiais deixam a Pol\u00edcia Militar<\/strong> de <a href=\"https:\/\/www.novaconcursos.com.br\/portal\/concursos-previstos\/sp\/\">S\u00e3o Paulo<\/a>. A informa\u00e7\u00e3o foi confirmada pelo capit\u00e3o da PM,\u00a0Obrien\u00a0Pineda Teixeira.<\/p>\n\n\n\n<ul class=\"wp-block-list\"><li><strong>Adquira:<\/strong>\u00a0<a href=\"https:\/\/www.novaconcursos.com.br\/concurso\/pm-sp-policia-militar-sao-paulo\/curso-online\">Curso online completo PM SP<\/a><\/li><li><strong>Adquira:<\/strong>\u00a0<a href=\"https:\/\/www.novaconcursos.com.br\/concurso\/pm-sp-policia-militar-sao-paulo\/apostila\">Apostila completa PM SP<\/a><\/li><\/ul><p><\/p>\n\n\n\n<p>Segundo o\u00a0chefe da Se\u00e7\u00e3o de Gest\u00e3o e Coordena\u00e7\u00e3o de Concurso, isso ocorre tanto por <strong>aposentadoria <\/strong>ou por qualquer outro tipo de <strong>desligamento<\/strong>.<\/p>\n\n\n\n<p>Obrien ainda explicou que <strong>mesmo n\u00e3o havendo car\u00eancia<\/strong> para 5.400 policiais, vagas solicitadas para um novo concurso para Soldados, o quantitativo ser\u00e1 esse, uma vez que h\u00e1 <strong>demora na conclus\u00e3o<\/strong> de cada concurso, fazendo com que assim que um \u00e9 findado, outro seja solicitado. <\/p>\n\n\n\n<p><em>\u201cN\u00f3s estamos trabalhando com a possibilidade de novas autoriza\u00e7\u00f5es junto ao governo do estado. Assim que tiver o aval, vamos publicar os editais. N\u00e3o tenha d\u00favida, vamos fazer todos os esfor\u00e7os poss\u00edveis. Se, sair a autoriza\u00e7\u00e3o e houver tempo h\u00e1bil para publicar o edital ainda esse ano, n\u00f3s vamos publicar\u201d<\/em>, disse ele.<\/p>\n\n\n\n<h2 class=\"wp-block-heading\" id=\"pedido-para-novo-concurso-foi-enviado\"><strong>Pedido para novo concurso foi enviado<\/strong><\/h2>\n\n\n\n<p>A Pol\u00edcia Militar de <a href=\"https:\/\/www.novaconcursos.com.br\/portal\/concursos-abertos\/sp\/\">S\u00e3o Paulo<\/a> solicitou um novo\u00a0concurso para preenchimento de\u00a0<strong>5.400 vagas<\/strong> para o cargo de <strong>Soldado<\/strong>. <\/p>\n\n\n\n<p>Segundo Teixeira, a Pol\u00edcia Militar atualmente tem cerca de\u00a0<strong>93 mil policiais em seu efetivo.<\/strong> De acordo com ele, essas solicita\u00e7\u00f5es s\u00e3o feitas devido ao<strong>\u00a0n\u00famero de sa\u00eddas da corpora\u00e7\u00e3o<\/strong>. <\/p>\n\n\n\n<p>Para participar da sele\u00e7\u00e3o \u00e9 <strong>necess\u00e1rio o n\u00edvel m\u00e9dio<\/strong>, idade entre 17 a 30 anos, carteira de habilita\u00e7\u00e3o entre as categorias \u2018B\u2019 e \u2018E\u2019, al\u00e9m de altura m\u00ednima de 1m55 para mulheres e 1m60 para homens.\u00a0<\/p>\n\n\n\n<p>J\u00e1 a remunera\u00e7\u00e3o em in\u00edcio de carreira \u00e9 de\u00a0<strong>R$ 3.164,58 mensais<\/strong>. Esse valor \u00e9 composto por R$ 1.226,03 de vencimento, R$ 1.226,03 de Regime Especial de Trabalho Policial (RETP) e R$ 712,52 de insalubridade. O regime de contrata\u00e7\u00e3o \u00e9 o estatut\u00e1rio, com estabilidade.<\/p>\n\n\n\n<p>Os selecionados ser\u00e3o contratados pelo regime estatut\u00e1rio, que garante a <strong>estabilidade<\/strong>. O curso de forma\u00e7\u00e3o \u00e9 realizado na Escola Piritu.<\/p>\n\n\n\n<h2 class=\"wp-block-heading\" id=\"novo-concurso-para-oficiais-ter-definio-da-banca-em-breve\">Novo concurso para Oficiais ter\u00e1 defini\u00e7\u00e3o da banca em breve<\/h2>\n\n\n\n<p>Mesmo ainda sem um aval, a Pol\u00edcia Militar de S\u00e3o Paulo deve ter um\u00a0<strong>edital publicado<\/strong>\u00a0nas pr\u00f3ximas semanas, com vagas para\u00a0<strong>Oficial<\/strong>. <\/p>\n\n\n\n<p>O documento para\u00a0<strong>contrata\u00e7\u00e3o da banca est\u00e1 encaminhando<\/strong>\u00a0e o an\u00fancio deve sair em breve. <\/p>\n\n\n\n<p>Um ato de\u00a0<strong>dispensa de licita\u00e7\u00e3o<\/strong>\u00a0para contrata\u00e7\u00e3o junto \u00e0\u00a0<strong><a rel=\"noreferrer noopener\" href=\"https:\/\/www.vunesp.com.br\/\" target=\"_blank\">Funda\u00e7\u00e3o Vunesp<\/a>\u00a0<\/strong>, para ser a banca organizadora, foi publicado no \u00faltimo dia 06 de julho. Entretanto,\u00a0<strong>ainda n\u00e3o consta nenhum aval oficial\u00a0<\/strong>para o novo concurso.<\/p>\n\n\n\n<p>\u00c0\u00a0<strong>n\u00edvel m\u00e9dio<\/strong>\u00a0de escolaridade, a carreira de\u00a0<strong>Oficial\u00a0<\/strong>ainda exige\u00a0idade entre 17 e 30 anos e altura m\u00ednima de 1,55m (mulher) e 1,60m (homens). J\u00e1 os sal\u00e1rios chegam a <strong>R$ 3.268,33<\/strong>. <\/p>","protected":false},"excerpt":{"rendered":"<p>A Pol\u00edcia Militar de S\u00e3o Paulo solicitou um novo\u00a0concurso PM SP para Soldados\u00a0com\u00a0mais de 5 mil vagas. Muitos acreditam que o quantitativo \u00e9 alto, entretanto, o que n\u00e3o sabem \u00e9 que mais de 3 mil Policiais deixam a corpora\u00e7\u00e3o por ano. Entenda! Confira:\u00a0Curso Gr\u00e1tis PM-SP Concurso PM SP: deficit aumenta todo ano Por ano, mais [&hellip;]<\/p>\n","protected":false},"author":54671,"featured_media":130198,"comment_status":"closed","ping_status":"closed","sticky":false,"template":"","format":"standard","meta":{"_acf_changed":false,"footnotes":"","_wp_rev_ctl_limit":""},"categories":[228],"tags":[38700,442,29471,37180,36573,2578,16065,23706,39569,115,38086,448,37729,39570,38701,1562,21723,38950],"class_list":["post-138000","post","type-post","status-publish","format-standard","has-post-thumbnail","hentry","category-noticias","tag-cargos-concurso-pm-sp","tag-concurso-pm-sp","tag-concurso-pm-sao-paulo","tag-concurso-pm-sp-questoes","tag-concursos-2021","tag-concursos-publicos","tag-concursos-sao-paulo","tag-concursos-sp","tag-edital-concurso-pm-sp","tag-nova-concursos","tag-nova-data-de-prova-pm-sp","tag-pm-sp","tag-provas-concurso-pm-sp","tag-raio-x-concurso-pm-sp","tag-salario-concurso-pm-sp","tag-sao-paulo","tag-vagas-concurso-pm-sp","tag-vunesp"],"acf":[],"_links":{"self":[{"href":"https:\/\/www.novaconcursos.com.br\/portal\/wp-json\/wp\/v2\/posts\/138000","targetHints":{"allow":["GET"]}}],"collection":[{"href":"https:\/\/www.novaconcursos.com.br\/portal\/wp-json\/wp\/v2\/posts"}],"about":[{"href":"https:\/\/www.novaconcursos.com.br\/portal\/wp-json\/wp\/v2\/types\/post"}],"author":[{"embeddable":true,"href":"https:\/\/www.novaconcursos.com.br\/portal\/wp-json\/wp\/v2\/users\/54671"}],"replies":[{"embeddable":true,"href":"https:\/\/www.novaconcursos.com.br\/portal\/wp-json\/wp\/v2\/comments?post=138000"}],"version-history":[{"count":6,"href":"https:\/\/www.novaconcursos.com.br\/portal\/wp-json\/wp\/v2\/posts\/138000\/revisions"}],"predecessor-version":[{"id":138006,"href":"https:\/\/www.novaconcursos.com.br\/portal\/wp-json\/wp\/v2\/posts\/138000\/revisions\/138006"}],"wp:featuredmedia":[{"embeddable":true,"href":"https:\/\/www.novaconcursos.com.br\/portal\/wp-json\/wp\/v2\/media\/130198"}],"wp:attachment":[{"href":"https:\/\/www.novaconcursos.com.br\/portal\/wp-json\/wp\/v2\/media?parent=138000"}],"wp:term":[{"taxonomy":"category","embeddable":true,"href":"https:\/\/www.novaconcursos.com.br\/portal\/wp-json\/wp\/v2\/categories?post=138000"},{"taxonomy":"post_tag","embeddable":true,"href":"https:\/\/www.novaconcursos.com.br\/portal\/wp-json\/wp\/v2\/tags?post=138000"}],"curies":[{"name":"wp","href":"https:\/\/api.w.org\/{rel}","templated":true}]}}