{"id":138157,"date":"2021-07-21T13:28:36","date_gmt":"2021-07-21T16:28:36","guid":{"rendered":"https:\/\/www.novaconcursos.com.br\/portal\/?post_type=nc-public-tender&#038;p=138157"},"modified":"2024-12-16T10:00:04","modified_gmt":"2024-12-16T13:00:04","slug":"concurso-ipem-am","status":"publish","type":"post","link":"https:\/\/www.novaconcursos.com.br\/portal\/concursos\/concurso-ipem-am\/","title":{"rendered":"Concurso Ipem AM: Novo certame para efetivos \u00e9 recomendado pelo MP!"},"content":{"rendered":"<p>Um novo<strong> concurso Ipem AM \u2013 Instituto de Pesos e Medidas<\/strong>\u00a0foi recomendado pelo Minist\u00e9rio P\u00fablico! Uma a\u00e7\u00e3o civil p\u00fablica foi ajuizada por meio da 57\u00aa Promotoria de Justi\u00e7a dos Direitos Humanos e Cidadania (PRODIHC).<\/p>\n<p>A a\u00e7\u00e3o foi realizada com o objetivo de debater sobre o <strong>d\u00e9ficit de servidores efetivos<\/strong> e o <strong>excesso de cargos comissionados<\/strong>, ou seja, sem a realiza\u00e7\u00e3o de concurso.<\/p>\n<h2 id=\"concurso-ipem-am-situao-atual\">Concurso Ipem AM: situa\u00e7\u00e3o atual<\/h2>\n<p>Devido ao d\u00e9ficit de servidores efetivos e o excesso de cargos comissionados, o Minist\u00e9rio P\u00fablico do Amazonas recomendou a realiza\u00e7\u00e3o de um <strong>novo concurso Ipem AM (Instituto de Pesos e Medidas)<\/strong>. A\u00a0a\u00e7\u00e3o civil p\u00fablica foi ajuizada por meio da 57\u00aa Promotoria de Justi\u00e7a dos Direitos Humanos e Cidadania (PRODIHC).<\/p>\n<p>Conforme informa\u00e7\u00f5es do MP AM, com base em investiga\u00e7\u00f5es, foi constatado em alguns \u00f3rg\u00e3os h\u00e1 muitos cargos comissionados criados. Essa situa\u00e7\u00e3o vai contra o princ\u00edpio do concurso p\u00fablico e ilegalidade na contrata\u00e7\u00e3o de servidores de cargos efetivos e tempor\u00e1rios.<\/p>\n<p>De acrdo com a tese fixada pelo Supremo Tribunal Federal (STF), o n\u00famero de cargos em comiss\u00e3o deve ser proporcional \u00e0 necessidade do servi\u00e7o que visa suprir e ao n\u00famero de servidores efetivos do \u00f3rg\u00e3o.<\/p>\n<p><em>\u201cAlgumas vezes, os gestores n\u00e3o seguiam as regras da lei, e n\u00e3o havia conson\u00e2ncia entre o n\u00famero de cargos efetivos com o de comissionados, na propor\u00e7\u00e3o prescrita pelo STF. Alguns \u00f3rg\u00e3os chegam a ter 70% do quadro de servidores preenchido por comissionados. Tal irregularidade viola o princ\u00edpio do concurso p\u00fablico e acaba prejudicando o resultado do trabalho, pois muitas vezes essas pessoas n\u00e3o s\u00e3o qualificadas para exercer essas atividades\u201d<\/em>, ressaltou o promotor de justi\u00e7a Ant\u00f4nio Jos\u00e9 Mancilha.<\/p>\n<h2 id=\"sobre-o-ipem-am\">Sobre o Ipem AM<\/h2>\n<p>O Instituto de Pesos e Medidas do Estado do Amazonas (Ipem AM) \u00e9 uma autarquia vinculada \u00e0 Secretaria de Estado do Planejamento e Desenvolvimento Econ\u00f4mico, Ci\u00eancia Tecnologia e Inova\u00e7\u00e3o (Seplanct) e \u00f3rg\u00e3o delegado do Instituto Nacional de Metrologia, Normaliza\u00e7\u00e3o, Qualidade e Tecnologia (Inmetro).<\/p>\n<p>Por meio de conv\u00eanio de coopera\u00e7\u00e3o t\u00e9cnica e administrativa, o Ipem exerce a verifica\u00e7\u00e3o metrol\u00f3gica de instrumentos de pesar e medir, no \u00e2mbito da metrologia legal e cient\u00edfica; a fiscaliza\u00e7\u00e3o de produtos e servi\u00e7os na \u00e1rea da avalia\u00e7\u00e3o da conformidade.<\/p>\n<p><strong>Miss\u00e3o<\/strong>\u00a0\u2013 Contribuir para o desenvolvimento socioecon\u00f4mico da sociedade amazonense, atrav\u00e9s da metrologia legal e da qualidade, promovendo a competitividade econ\u00f4mica dos produtos, processos e servi\u00e7os.<\/p>\n<p><strong>Vis\u00e3o \u2013<\/strong>\u00a0Consolidar-se como institui\u00e7\u00e3o da confian\u00e7a, junto \u00e0 sociedade amazonense, buscando viabilizar a melhoria cont\u00ednua da qualidade de vida do cidad\u00e3o, no \u00e2mbito da metrologia e da qualidade industrial.<\/p>\n<p><strong>Valores \u2013<\/strong>\u00a0Possibilitar o aperfei\u00e7oamento e a capacita\u00e7\u00e3o continuada, assegurando o comprometimento\u00a0e a motiva\u00e7\u00e3o profissional da forma a buscar melhores resultados (Valoriza\u00e7\u00e3o de pessoas);\u00a0Priorizar os princ\u00edpios da qualidade total em nossas atividades, conferir confiabilidade nos padr\u00f5es de servi\u00e7os e buscar a satisfa\u00e7\u00e3o do cliente (Qualidade);\u00a0Proporcionar uma rela\u00e7\u00e3o de consumo transparente, fiel e satisfat\u00f3rio para a sociedade amazonense atrav\u00e9s de um conjunto amplo de atividades e a\u00e7\u00f5es metrol\u00f3gicas (Responsabilidade Social) Medida dos valores Institucionais intr\u00ednseca nas a\u00e7\u00f5es de cada servidor, assegurando a transpar\u00eancia nas atividades desenvolvidas (\u00c9tica e Transpar\u00eancia). Gerar sustentabilidade Institucional, fazendo dos resultados um compromisso de crescimento e solidez comum a todos (Sustentabilidade e Resultados).<\/p>","protected":false},"excerpt":{"rendered":"<p>Um novo concurso Ipem AM &#8211; Instituto de Pesos e Medidas\u00a0foi recomendado pelo Minist\u00e9rio P\u00fablico! Uma a\u00e7\u00e3o civil p\u00fablica foi ajuizada por meio da 57\u00aa Promotoria de Justi\u00e7a dos Direitos Humanos e Cidadania (PRODIHC).<\/p>\n<p>A a\u00e7\u00e3o foi realizada com o objetivo de debater sobre o d\u00e9ficit de servidores efetivos e o excesso de cargos comissionados, ou seja, sem a realiza\u00e7\u00e3o de concurso.<\/p>\n","protected":false},"author":54662,"featured_media":138176,"comment_status":"closed","ping_status":"closed","sticky":false,"template":"","format":"standard","meta":{"_acf_changed":false,"footnotes":"","_wp_rev_ctl_limit":""},"categories":[44999],"tags":[],"class_list":["post-138157","post","type-post","status-publish","format-standard","has-post-thumbnail","hentry","category-concursos"],"acf":[],"_links":{"self":[{"href":"https:\/\/www.novaconcursos.com.br\/portal\/wp-json\/wp\/v2\/posts\/138157","targetHints":{"allow":["GET"]}}],"collection":[{"href":"https:\/\/www.novaconcursos.com.br\/portal\/wp-json\/wp\/v2\/posts"}],"about":[{"href":"https:\/\/www.novaconcursos.com.br\/portal\/wp-json\/wp\/v2\/types\/post"}],"author":[{"embeddable":true,"href":"https:\/\/www.novaconcursos.com.br\/portal\/wp-json\/wp\/v2\/users\/54662"}],"replies":[{"embeddable":true,"href":"https:\/\/www.novaconcursos.com.br\/portal\/wp-json\/wp\/v2\/comments?post=138157"}],"version-history":[{"count":4,"href":"https:\/\/www.novaconcursos.com.br\/portal\/wp-json\/wp\/v2\/posts\/138157\/revisions"}],"predecessor-version":[{"id":141659,"href":"https:\/\/www.novaconcursos.com.br\/portal\/wp-json\/wp\/v2\/posts\/138157\/revisions\/141659"}],"wp:featuredmedia":[{"embeddable":true,"href":"https:\/\/www.novaconcursos.com.br\/portal\/wp-json\/wp\/v2\/media\/138176"}],"wp:attachment":[{"href":"https:\/\/www.novaconcursos.com.br\/portal\/wp-json\/wp\/v2\/media?parent=138157"}],"wp:term":[{"taxonomy":"category","embeddable":true,"href":"https:\/\/www.novaconcursos.com.br\/portal\/wp-json\/wp\/v2\/categories?post=138157"},{"taxonomy":"post_tag","embeddable":true,"href":"https:\/\/www.novaconcursos.com.br\/portal\/wp-json\/wp\/v2\/tags?post=138157"}],"curies":[{"name":"wp","href":"https:\/\/api.w.org\/{rel}","templated":true}]}}