{"id":138197,"date":"2021-07-21T16:03:22","date_gmt":"2021-07-21T19:03:22","guid":{"rendered":"https:\/\/www.novaconcursos.com.br\/portal\/?p=138197"},"modified":"2021-07-21T16:08:25","modified_gmt":"2021-07-21T19:08:25","slug":"enem-instituto-registra-milhoes-inscritos","status":"publish","type":"post","link":"https:\/\/www.novaconcursos.com.br\/portal\/noticias\/enem-instituto-registra-milhoes-inscritos\/","title":{"rendered":"ENEM 2021: Instituto registra 4 milh\u00f5es de inscritos!"},"content":{"rendered":"<p>Aten\u00e7\u00e3o estudantes! O <a href=\"https:\/\/www.novaconcursos.com.br\/portal\/concursos\/enem\/\">Enem 2021<\/a> ser\u00e1 muito concorrido, entretanto, o n\u00famero de inscri\u00e7\u00f5es foi <strong>menor que o ano anterior<\/strong>! Ao todo, <strong>4.004.764 pessoas se inscreveram<\/strong> para as provas que est\u00e3o marcadas para <strong>novembro<\/strong>.<\/p>\n\n\n\n<ul class=\"wp-block-list\"><li><strong>Confira:<\/strong>\u00a0<a href=\"https:\/\/www.novaconcursos.com.br\/eventos\/guia-definitivo-como-montar-um-mapa-mental\/\" target=\"_blank\" rel=\"noreferrer noopener\" aria-label=\" (abre numa nova aba)\">Guia como montar um mapa mental (Gr\u00e1tis)<\/a><\/li><\/ul><p><\/p>\n\n\n\n<h2 class=\"wp-block-heading\" id=\"enem-2021-nmero-de-inscritos-menor-que-2020-\">Enem 2021: n\u00famero de inscritos menor que 2020 <\/h2>\n\n\n\n<p>O Instituto Nacional de Estudos e Pesquisas Educacionais An\u00edsio Teixeira (Inep) recebeu <strong>inscri\u00e7\u00f5es de 4.004.764 pessoas <\/strong>para o Enem 2021. <\/p>\n\n\n\n<ul class=\"wp-block-list\"><li><strong>Adquira:<\/strong> <a href=\"https:\/\/www.novaconcursos.com.br\/concurso\/enem\/apostila\">Apostila completa Enem 2021<\/a><\/li><li><strong>Adquira: <\/strong><a href=\"https:\/\/www.novaconcursos.com.br\/concurso\/enem\/curso-online\">Curso online completo Enem 2021<\/a><\/li><\/ul><p><\/p>\n\n\n\n<p>Este \u00e9 o <strong>menor n\u00famero <\/strong>de inscritos <strong>desde 2007<\/strong>. Al\u00e9m disso, o n\u00famero \u00e9 <strong>34% menor que o do Enem de 2020<\/strong>, o primeiro ano da pandemia.<\/p>\n\n\n\n<p>Especialistas indicam <strong>v\u00e1rios motivos para a queda. <\/strong>Com a pandemia, muitos alunos n\u00e3o compareceram para fazer a prova em 2020 e, como n\u00e3o se justificaram, perderam a isen\u00e7\u00e3o na taxa de inscri\u00e7\u00e3o. <\/p>\n\n\n\n<p>Por outro lado, outros precisaram trabalhar para ajudar a fam\u00edlia e a grande maioria est\u00e1 insegura em rela\u00e7\u00e3o ao aprendizado.<\/p>\n\n\n\n<p>Segundo o Inep, o n\u00famero de inscritos corresponde \u00e0s duas vers\u00f5es do exame, impressa e digital. As <strong>inscri\u00e7\u00f5es <\/strong>foram encerradas no dia 14 de julho.<\/p>\n\n\n\n<p>Vale lembrar que o <strong>Enem Digital<\/strong> ser\u00e1 exclusivo para quem j\u00e1 concluiu o ensino m\u00e9dio ou est\u00e1 concluindo em 2021. Assim, quem deseja fazer o exame para fins de autoavalia\u00e7\u00e3o, os chamados treineiros, p\u00f4de optar pela vers\u00e3o impressa. <\/p>\n\n\n\n<p>De acordo com a mensagem do\u00a0Beto\u00a0(personagem do Enem), a\u00a0<strong>confirma\u00e7\u00e3o\u00a0<\/strong>do pagamento da taxa de inscri\u00e7\u00e3o deve acontecer at\u00e9 o dia\u00a0<strong>01 de agosto,\u00a0<\/strong>por meio da\u00a0<a href=\"https:\/\/enem.inep.gov.br\/participante\/#!\/\" target=\"_blank\" rel=\"noopener\">P\u00e1gina do Participante<\/a>.<\/p>\n\n\n\n<h2 class=\"wp-block-heading\" id=\"enem-2021-provas-em-novembro\">Enem 2021: provas em novembro<\/h2>\n\n\n\n<p>Segundo o calend\u00e1rio do Minist\u00e9rio da Educa\u00e7\u00e3o, as <strong>provas\u00a0<\/strong>do\u00a0Enem 2021 ser\u00e3o aplicadas nos dias\u00a0<strong>21 e 28 de novembro<\/strong>, dois domingos, tanto a\u00a0<strong>vers\u00e3o digital\u00a0quanto a\u00a0vers\u00e3o impressa.<\/strong><\/p>\n\n\n\n<p>Al\u00e9m disso, as duas vers\u00f5es ter\u00e3o a\u00a0<strong>mesma estrutura de provas<\/strong>, de acordo com o Inep,\u00a0com 180 quest\u00f5es de m\u00faltipla escolha\u00a0e a\u00a0prova de reda\u00e7\u00e3o.<\/p>\n\n\n\n<p>No <strong>primeiro dia<\/strong>, ser\u00e3o aplicadas as provas de linguagens; c\u00f3digos e suas tecnologias; e ci\u00eancias humanas e suas tecnologias, al\u00e9m da reda\u00e7\u00e3o. Ser\u00e3o 05 horas e 30 minutos de dura\u00e7\u00e3o. <\/p>\n\n\n\n<p>J\u00e1 no <strong>segundo dia<\/strong>, as provas ser\u00e3o de ci\u00eancias da natureza e suas tecnologias; e matem\u00e1tica e suas tecnologias. Nesse caso, a aplica\u00e7\u00e3o regular\u00a0ter\u00e1 05 horas de dura\u00e7\u00e3o, 30 minutos a menos que o primeiro dia.<\/p>\n\n\n\n<p>O\u00a0<strong>Cart\u00e3o de Confirma\u00e7\u00e3o do Local de Prova<\/strong>\u00a0ser\u00e1 divulgado\u00a0a partir do dia 25 de outubro; ele n\u00e3o ser\u00e1 enviado para o e-mail ou via correios, estar\u00e1 apenas dispon\u00edvel na p\u00e1gina do participante.<\/p>\n\n\n\n<p><strong>Como anda a sua prepara\u00e7\u00e3o para o Enem 2021?\u00a0<\/strong>Confira,\u00a0<a href=\"https:\/\/www.novaconcursos.com.br\/portal\/artigos\/materias-que-mais-caem-no-enem\/\">clicando aqui<\/a>\u00a0, quais as mat\u00e9rias que mais caem no exame.<\/p>\n\n\n\n<h2 class=\"wp-block-heading\" id=\"enem-2021-participantes-j-podem-solicitar-tratamento-por-nom\">Enem 2021: participantes j\u00e1 podem solicitar tratamento por nome social<\/h2>\n\n\n\n<p>O Inep deu in\u00edcio ao <strong>cadastro de nome social<\/strong> para participantes do\u00a0Enem. O candidato que tiver interesse na solicita\u00e7\u00e3o tem <strong>at\u00e9 23 de julho<\/strong> para fazer por meio da <a href=\"https:\/\/enem.inep.gov.br\/participante\/#!\/\" target=\"_blank\" rel=\"noopener\">P\u00e1gina do Participante<\/a>.<\/p>\n\n\n\n<p>Vale destacar que o tratamento pelo nome social \u00e9 <strong>destinado\u00a0\u00e0queles<\/strong> que se identificam e querem ser reconhecidos socialmente de acordo com sua identidade\u00a0de\u00a0<a rel=\"noreferrer noopener\" href=\"https:\/\/www.educamaisbrasil.com.br\/educacao\/dicas\/transexualidade-entenda-o-que-e-identidade-de-genero\/?p=portaluai\" target=\"_blank\">g\u00eanero<\/a>\u00a0(participante transexual, travesti ou\u00a0transg\u00eanero).\u00a0<\/p>\n\n\n\n<p>O <strong>resultado da an\u00e1lise<\/strong> da solicita\u00e7\u00e3o ser\u00e1 divulgado no dia 30 de julho. Em caso de reprova\u00e7\u00e3o,\u00a0o participante poder\u00e1 solicitar recurso, enviando nova documenta\u00e7\u00e3o para an\u00e1lise. <\/p>","protected":false},"excerpt":{"rendered":"<p>Aten\u00e7\u00e3o estudantes! O Enem 2021 ser\u00e1 muito concorrido, entretanto, o n\u00famero de inscri\u00e7\u00f5es foi menor que o ano anterior! Ao todo, 4.004.764 pessoas se inscreveram para as provas que est\u00e3o marcadas para novembro. Confira:\u00a0Guia como montar um mapa mental (Gr\u00e1tis) Enem 2021: n\u00famero de inscritos menor que 2020 O Instituto Nacional de Estudos e Pesquisas [&hellip;]<\/p>\n","protected":false},"author":54671,"featured_media":0,"comment_status":"closed","ping_status":"closed","sticky":false,"template":"","format":"standard","meta":{"_acf_changed":false,"footnotes":"","_wp_rev_ctl_limit":""},"categories":[228],"tags":[37787,38369,39160,39159,38367,39147,39157,4288,38370,115,38371,38368,39158,20696,39148],"class_list":["post-138197","post","type-post","status-publish","format-standard","hentry","category-noticias","tag-brasil","tag-cronograma-enem-2021","tag-data-das-provas-enem-digital","tag-data-de-inscricao-enem-digital","tag-edital-enem-2021","tag-enem-2021","tag-enem-digital","tag-exame-nacional-do-ensino-medio","tag-justificativa-de-ausencia-enem-2021","tag-nova-concursos","tag-panorama-geral-enem-2021","tag-pedido-de-isencao-de-taxa-enem-2021","tag-problemas-enem-digital","tag-provas-enem","tag-provas-enem-2021"],"acf":[],"_links":{"self":[{"href":"https:\/\/www.novaconcursos.com.br\/portal\/wp-json\/wp\/v2\/posts\/138197","targetHints":{"allow":["GET"]}}],"collection":[{"href":"https:\/\/www.novaconcursos.com.br\/portal\/wp-json\/wp\/v2\/posts"}],"about":[{"href":"https:\/\/www.novaconcursos.com.br\/portal\/wp-json\/wp\/v2\/types\/post"}],"author":[{"embeddable":true,"href":"https:\/\/www.novaconcursos.com.br\/portal\/wp-json\/wp\/v2\/users\/54671"}],"replies":[{"embeddable":true,"href":"https:\/\/www.novaconcursos.com.br\/portal\/wp-json\/wp\/v2\/comments?post=138197"}],"version-history":[{"count":4,"href":"https:\/\/www.novaconcursos.com.br\/portal\/wp-json\/wp\/v2\/posts\/138197\/revisions"}],"predecessor-version":[{"id":138202,"href":"https:\/\/www.novaconcursos.com.br\/portal\/wp-json\/wp\/v2\/posts\/138197\/revisions\/138202"}],"wp:attachment":[{"href":"https:\/\/www.novaconcursos.com.br\/portal\/wp-json\/wp\/v2\/media?parent=138197"}],"wp:term":[{"taxonomy":"category","embeddable":true,"href":"https:\/\/www.novaconcursos.com.br\/portal\/wp-json\/wp\/v2\/categories?post=138197"},{"taxonomy":"post_tag","embeddable":true,"href":"https:\/\/www.novaconcursos.com.br\/portal\/wp-json\/wp\/v2\/tags?post=138197"}],"curies":[{"name":"wp","href":"https:\/\/api.w.org\/{rel}","templated":true}]}}