{"id":138210,"date":"2021-07-21T17:07:34","date_gmt":"2021-07-21T20:07:34","guid":{"rendered":"https:\/\/www.novaconcursos.com.br\/portal\/?p=138210"},"modified":"2021-07-21T17:07:38","modified_gmt":"2021-07-21T20:07:38","slug":"concurso-detran-am-vagas-niveis","status":"publish","type":"post","link":"https:\/\/www.novaconcursos.com.br\/portal\/noticias\/concurso-detran-am-vagas-niveis\/","title":{"rendered":"Concurso Detran AM: 210 vagas confirmadas para n\u00edveis m\u00e9dio e superior!"},"content":{"rendered":"<p>Os <strong>preparativos <\/strong>para o <a href=\"https:\/\/www.novaconcursos.com.br\/eventos\/guia-definitivo-plano-de-estudos-passo-a-passo\/\">concurso Detran AM<\/a> (Departamento de Tr\u00e2nsito do Amazonas) foram <strong>iniciados<\/strong>. Um edital ser\u00e1 lan\u00e7ado com <strong>210 vagas<\/strong> para cargos de <strong>n\u00edveis m\u00e9dio e superior. <\/strong><\/p>\n\n\n\n<ul class=\"wp-block-list\"><li><strong>Confira:<\/strong> <a rel=\"noreferrer noopener\" aria-label=\"Guia Definitivo Plano de Estudos (Gr\u00e1tis) (abre numa nova aba)\" href=\"https:\/\/www.novaconcursos.com.br\/eventos\/guia-definitivo-plano-de-estudos-passo-a-passo\/\" target=\"_blank\">Guia Definitivo Plano de Estudos (Gr\u00e1tis)<\/a><\/li><\/ul><p><\/p>\n\n\n\n<h2 class=\"wp-block-heading\" id=\"concurso-detran-am-edital-em-breve\">Concurso Detran AM: edital em breve<\/h2>\n\n\n\n<p>O governo do <a href=\"https:\/\/www.novaconcursos.com.br\/portal\/concursos-previstos\/am\/\">Estado do Amazonas<\/a> anunciou, na \u00faltima segunda-feira (19), que o novo certame para o Detran ser\u00e1 para preenchimento de <strong>210 vagas. <\/strong><\/p>\n\n\n\n<p>Ser\u00e3o <strong>60 para n\u00edvel m\u00e9dio e 150 para n\u00edvel superior,<\/strong> com sal\u00e1rios iniciais que ficam entre R$ 2.300 e R$ 5.500. Entretanto, as carreiras que ser\u00e3o contempladas n\u00e3o foram informadas.<\/p>\n\n\n\n<p>A previs\u00e3o do governador Wilson Lima \u00e9 de que o <strong>edital seja publicado ainda este ano<\/strong>, para que as convoca\u00e7\u00f5es possam acontecer em 2022.<\/p>\n\n\n\n<p>\u201c<em>N\u00f3s queremos realizar esse concurso ainda neste ano. No final do ano a nossa expectativa \u00e9 que as provas possam ser realizadas, e no ano que vem a gente come\u00e7a o trabalho de prepara\u00e7\u00e3o desses policiais\u201d<\/em>, disse.<\/p>\n\n\n\n<p>Vale ressaltar que esse ser\u00e1 o <strong>segundo concurso da hist\u00f3ria<\/strong> do Detran da Bahia. O primeiro aconteceu em 1995, entretanto, os aprovados n\u00e3o foram convocados.  <\/p>\n\n\n\n<p>Atualmente, o <strong>quadro de pessoal <\/strong>do departamento \u00e9 composto por celetistas, tempor\u00e1rios e estagi\u00e1rios.<\/p>\n\n\n\n<h2 class=\"wp-block-heading\" id=\"concurso-detran-am-edital-aguardado-desde-2017\">Concurso Detran AM: edital \u00e9 aguardado desde 2017<\/h2>\n\n\n\n<p>O concurso Detran do <a href=\"https:\/\/www.novaconcursos.com.br\/portal\/concursos-abertos\/am\/\">Amazonas <\/a>\u00e9 <strong>aguardado desde 2017,<\/strong> quando o Minist\u00e9rio P\u00fablico do Estado solicitou um edital. <\/p>\n\n\n\n<p>Segundo o MP, o Detran possui mais de <strong>200 servidores celetistas<\/strong>, com sal\u00e1rios que variam entre R$ 1.000 e R$ 23,3 mil, e nunca foi feita uma convoca\u00e7\u00e3o de aprovados em concurso p\u00fablico. <\/p>\n\n\n\n<p>Assim, tentando reverter a quest\u00e3o e <strong>nomear efetivos,<\/strong> o governador anunciou uma nova sele\u00e7\u00e3o, no dia 08 de julho.<\/p>\n\n\n\n<h2 class=\"wp-block-heading\" id=\"outros-concursos-anunciados-para-a-segurana-do-amazonas\">Outros concursos anunciados para a Seguran\u00e7a do Amazonas<\/h2>\n\n\n\n<p>A \u00e1rea da <strong>Seguran\u00e7a do Amazonas <\/strong>parece ser a prioridade do governo atual, uma vez que o governador vem lutando para abrir mais sele\u00e7\u00f5es.<\/p>\n\n\n\n<p>Ao todo, ser\u00e3o abertas <strong>2.525 vagas em v\u00e1rios \u00f3rg\u00e3os e corpora\u00e7\u00f5es<\/strong> que comp\u00f5em as For\u00e7as de Seguran\u00e7a e Departamento de Tr\u00e2nsito do Estado. <\/p>\n\n\n\n<p>A <strong>cria\u00e7\u00e3o das comiss\u00f5es<\/strong> respons\u00e1veis pelos concursos p\u00fablicos foi formalizada no \u00faltimo dia 19 de julho. Os nomes dos integrantes devem ser publicados no Di\u00e1rio Oficial em breve.<\/p>\n\n\n\n<p><em>\u201cHoje n\u00f3s estamos assinando a cria\u00e7\u00e3o dessas comiss\u00f5es para tratar do concurso p\u00fablico que vai gerar 2.500 empregos diretos. \u00c9 um resgate hist\u00f3rico que n\u00f3s estamos fazendo, que h\u00e1 muito que as nossas for\u00e7as de seguran\u00e7a, tanto Pol\u00edcia Militar, quanto Pol\u00edcia Civil, Corpo de Bombeiros e Detran, est\u00e3o com o seu quadro defasado. Isso acaba provocando uma sobrecarga para as nossas for\u00e7as de seguran\u00e7a\u201d<\/em>, ressaltou Wilson Lima.<\/p>\n\n\n\n<p>Vale ressaltar que a <strong>comiss\u00e3o \u00e9 respons\u00e1vel <\/strong>pelos preparativos internos do edital e pela contrata\u00e7\u00e3o da banca organizadora. <\/p>\n\n\n\n<h2 class=\"wp-block-heading\" id=\"cargos-vagos-aumentam-na-rea-da-segurana-do-amazonas\">Cargos vagos aumentam na \u00e1rea da Seguran\u00e7a do Amazonas<\/h2>\n\n\n\n<p>Ainda em junho, o presidente da Assembleia Legislativa, Roberto Cidade (PV), <strong>protocolou <\/strong>uma\u00a0emenda \u00e0 <strong>Lei de Diretrizes Or\u00e7ament\u00e1rias (LDO)<\/strong> de 2022, tentando assegurar que o governo promova sele\u00e7\u00f5es para a\u00a0Pol\u00edcia Militar e o Corpo de Bombeiros.<\/p>\n\n\n\n<p>\u201cA Pol\u00edcia Militar n\u00e3o faz concurso p\u00fablico h\u00e1 dez anos. Muitas cidades do interior, infelizmente, n\u00e3o t\u00eam policiamento suficiente para suprir a demanda da popula\u00e7\u00e3o. Da mesma maneira, o Corpo de Bombeiros n\u00e3o realiza concurso p\u00fablico desde 2010. A emenda \u00e9 para que o recurso seja especificado na Lei Or\u00e7ament\u00e1ria e o estado, obrigatoriamente, promova o concurso\u201d, destacou.<\/p>\n\n\n\n<p>A <strong>Pol\u00edcia Militar do Amazonas <\/strong>conta com um efetivo de 9.031 policiais, enquanto o previsto seria de 15 mil. J\u00e1 a <strong>Pol\u00edcia Civil<\/strong> tem cerca de 2.151 servidores, quando seriam necess\u00e1rios 3.354.<\/p>\n\n\n\n<p>E o <strong>Corpo de Bombeiros<\/strong> conta com um efetivo de 1.096 militares, quando o necess\u00e1rio seriam 4.483. Assim, o <strong>deficit <\/strong>em cada institui\u00e7\u00e3o \u00e9:<\/p>\n\n\n\n<ul class=\"wp-block-list\"><li>Pol\u00edcia Militar:\u00a05.969 cargos vagos;<\/li><li>Pol\u00edcia Civil:\u00a01.203 cargos vagos; e<\/li><li>Corpo de Bombeiros:\u00a03.387 cargos vagos.<\/li><\/ul><p><\/p>","protected":false},"excerpt":{"rendered":"<p>Os preparativos para o concurso Detran AM (Departamento de Tr\u00e2nsito do Amazonas) foram iniciados. Um edital ser\u00e1 lan\u00e7ado com 210 vagas para cargos de n\u00edveis m\u00e9dio e superior. Confira: Guia Definitivo Plano de Estudos (Gr\u00e1tis) Concurso Detran AM: edital em breve O governo do Estado do Amazonas anunciou, na \u00faltima segunda-feira (19), que o novo [&hellip;]<\/p>\n","protected":false},"author":54671,"featured_media":137470,"comment_status":"closed","ping_status":"closed","sticky":false,"template":"","format":"standard","meta":{"_acf_changed":false,"footnotes":"","_wp_rev_ctl_limit":""},"categories":[228],"tags":[9135,40118,40114,40120,2578,40115,40119,38753,115,40116,40117],"class_list":["post-138210","post","type-post","status-publish","format-standard","has-post-thumbnail","hentry","category-noticias","tag-amazonas","tag-cargos-concurso-detran-am","tag-concurso-detran-am","tag-concurso-detran-am-autorizado","tag-concursos-publicos","tag-edital-concurso-detran-am","tag-governo-do-amazonas","tag-ministerio-publico-do-amazonas","tag-nova-concursos","tag-salarios-concurso-detran-am","tag-vagas-concurso-detran-am"],"acf":[],"_links":{"self":[{"href":"https:\/\/www.novaconcursos.com.br\/portal\/wp-json\/wp\/v2\/posts\/138210","targetHints":{"allow":["GET"]}}],"collection":[{"href":"https:\/\/www.novaconcursos.com.br\/portal\/wp-json\/wp\/v2\/posts"}],"about":[{"href":"https:\/\/www.novaconcursos.com.br\/portal\/wp-json\/wp\/v2\/types\/post"}],"author":[{"embeddable":true,"href":"https:\/\/www.novaconcursos.com.br\/portal\/wp-json\/wp\/v2\/users\/54671"}],"replies":[{"embeddable":true,"href":"https:\/\/www.novaconcursos.com.br\/portal\/wp-json\/wp\/v2\/comments?post=138210"}],"version-history":[{"count":4,"href":"https:\/\/www.novaconcursos.com.br\/portal\/wp-json\/wp\/v2\/posts\/138210\/revisions"}],"predecessor-version":[{"id":138214,"href":"https:\/\/www.novaconcursos.com.br\/portal\/wp-json\/wp\/v2\/posts\/138210\/revisions\/138214"}],"wp:featuredmedia":[{"embeddable":true,"href":"https:\/\/www.novaconcursos.com.br\/portal\/wp-json\/wp\/v2\/media\/137470"}],"wp:attachment":[{"href":"https:\/\/www.novaconcursos.com.br\/portal\/wp-json\/wp\/v2\/media?parent=138210"}],"wp:term":[{"taxonomy":"category","embeddable":true,"href":"https:\/\/www.novaconcursos.com.br\/portal\/wp-json\/wp\/v2\/categories?post=138210"},{"taxonomy":"post_tag","embeddable":true,"href":"https:\/\/www.novaconcursos.com.br\/portal\/wp-json\/wp\/v2\/tags?post=138210"}],"curies":[{"name":"wp","href":"https:\/\/api.w.org\/{rel}","templated":true}]}}