{"id":138486,"date":"2021-07-26T18:19:06","date_gmt":"2021-07-26T21:19:06","guid":{"rendered":"https:\/\/www.novaconcursos.com.br\/portal\/?p=138486"},"modified":"2021-07-26T18:19:10","modified_gmt":"2021-07-26T21:19:10","slug":"concurso-imbel-edital-publicado-todos-niveis","status":"publish","type":"post","link":"https:\/\/www.novaconcursos.com.br\/portal\/noticias\/concurso-imbel-edital-publicado-todos-niveis\/","title":{"rendered":"Concurso IMBEL: Edital publicado para todos os n\u00edveis!"},"content":{"rendered":"<p>Aten\u00e7\u00e3o concurseiros! A Ind\u00fastria de Material B\u00e9lico do Brasil publicou um novo edital para <strong>contrata\u00e7\u00e3o tempor\u00e1ria<\/strong> de vagas em <strong>cadastro reserva<\/strong> em um <a href=\"https:\/\/www.novaconcursos.com.br\/portal\/concursos\/concurso-imbel\/\">concurso Imbel<\/a>. As oportunidades ser\u00e3o para a f\u00e1brica de <strong>Itajub\u00e1, no Sul de Minas Gerais<\/strong>. O outro concurso da empresa continua suspenso.<\/p>\n\n\n\n<ul class=\"wp-block-list\"><li><strong>Confira:<\/strong> <a rel=\"noreferrer noopener\" aria-label=\"Guia Definitivo Plano de Estudos (Gr\u00e1tis) (abre numa nova aba)\" href=\"https:\/\/www.novaconcursos.com.br\/eventos\/guia-definitivo-plano-de-estudos-passo-a-passo\/\" target=\"_blank\">Guia Definitivo Plano de Estudos (Gr\u00e1tis)<\/a><\/li><\/ul><p><\/p>\n\n\n\n<h2 class=\"wp-block-heading\" id=\"concurso-imbel-nova-seleo-de-temporrios-para-mg\">Concurso Imbel: nova sele\u00e7\u00e3o de tempor\u00e1rios para MG<\/h2>\n\n\n\n<p>Com vagas para a <strong>f\u00e1brica de Itajub\u00e1<\/strong>, em <a href=\"https:\/\/www.novaconcursos.com.br\/portal\/concursos-previstos\/mg\/\">Minas Gerais<\/a>, o novo concurso Imbel foi publicado. Ser\u00e3o vagas para v\u00e1rios cargos e com diferentes sal\u00e1rios.<\/p>\n\n\n\n<ul class=\"wp-block-list\"><li><strong>Adquira<\/strong>:\u00a0<a href=\"https:\/\/www.novaconcursos.com.br\/concurso\/imbel-industria-de-material-belico-do-brasil\/curso-online\">Curso Online Completo Imbel<\/a><\/li><\/ul><p><\/p>\n\n\n\n<p>A Empresa P\u00fablica Federal \u00e9 vinculada ao <strong>Minist\u00e9rio da Defesa<\/strong> por interm\u00e9dio do Comando do Ex\u00e9rcito. <\/p>\n\n\n\n<p>Al\u00e9m disso, as vagas s\u00e3o todas para<strong> forma\u00e7\u00e3o de um cadastro reserva<\/strong> e contam com uma carga hor\u00e1ria de 44 horas semanais. Confira a distribui\u00e7\u00e3o de vagas e sal\u00e1rios:<\/p>\n\n\n\n<ul class=\"wp-block-list\"><li><strong>Agente de Apoio Operacional<\/strong><ul><li>Auxiliar de Cozinha \u2013 R$ 1.275,46<\/li><li>Cozinheiro \u2013 R$ 1.275,46<\/li><\/ul><\/li><li><strong>Guarda de Seguran\u00e7a Patrimonial<\/strong><ul><li>Guarda de Seguran\u00e7a \u2013 R$ 1.293,56<\/li><\/ul><\/li><li><strong>Oficial de Produ\u00e7\u00e3o Industrial<\/strong><ul><li>Inspetor de Qualidade \u2013 R$ 1.361,58<\/li><li>Operador de Produ\u00e7\u00e3o \u2013 R$ 1.361,58<\/li><\/ul><\/li><li><strong>Oficial de Ferramentaria Industrial<\/strong><ul><li>Afiador de Ferramentas \u2013 R$ 1.431,00<\/li><\/ul><\/li><li><strong>T\u00e9cnico Industrial Especializado<\/strong><ul><li>Encarregado \u2013 R$ 1.844,72<\/li><li>T\u00e9cnico em Materiais \u2013 R$ 1.844,72<\/li><li>T\u00e9cnico em Controle de Qualidade \u2013 R$ 1.844,72<\/li><li>Auxiliar T\u00e9cnico Administrativo<\/li><li>Almoxarife \u2013 R$ 1.374,32<\/li><\/ul><\/li><li><strong>T\u00e9cnico Administrativo Especializado<\/strong><ul><li>Assistente Administrativo \u2013 R$ 1.620,86<\/li><li>Contabilidade \u2013 R$ 1.620,86<\/li><li>T\u00e9cnico em Inform\u00e1tica \u2013 R$ 1.620,86<\/li><li>T\u00e9cnico Seguran\u00e7a do Trabalho \u2013 R$ 1.620,86<\/li><\/ul><\/li><\/ul><p><\/p>\n\n\n\n<p>Vale ressaltar que para o cargo de <strong>Guarda de Seguran\u00e7a Patrimonial, <\/strong>haver\u00e1 adicional de 30% como pagamento de Adicional de Periculosidade, e\u00a0a carga hor\u00e1ria di\u00e1ria seguir\u00e1 escala de revezamento em turnos ininterruptos.<\/p>\n\n\n\n<h2 class=\"wp-block-heading\" id=\"concurso-imbel-como-fazer-inscries\">Concurso Imbel: como fazer inscri\u00e7\u00f5es?<\/h2>\n\n\n\n<p>O in\u00edcio das<strong> inscri\u00e7\u00f5es <\/strong>para o concurso Imbel aconteceu nesta segunda-feira (26). Os concurseiros poder\u00e3o se inscrever <strong>at\u00e9 o dia<\/strong> <strong>30 de julho, <\/strong>pr\u00f3ximo s\u00e1bado. <\/p>\n\n\n\n<p>N\u00e3o haver\u00e1 aplica\u00e7\u00e3o de provas, sendo assim, <strong>os candidatos ter\u00e3o o curr\u00edculo avaliado<\/strong> (An\u00e1lise Curricular). O documento, que servir\u00e1 como inscri\u00e7\u00e3o, deve ser enviado para o e-mail: curriculos.fi@imbel.gov.br.<\/p>\n\n\n\n<h2 class=\"wp-block-heading\" id=\"quem-poder-participar-do-concurso-imbel\">Quem poder\u00e1 participar do concurso Imbel?<\/h2>\n\n\n\n<p>Os candidatos ao <a href=\"https:\/\/www.novaconcursos.com.br\/portal\/concursos-abertos\/mg\/\">concurso <\/a>Imbel dever\u00e3o atender, cumulativamente, para a contrata\u00e7\u00e3o no emprego, os seguintes <strong>requisitos b\u00e1sicos<\/strong> apontados no edital:<\/p>\n\n\n\n<ul class=\"wp-block-list\"><li>ter nacionalidade brasileira ou ser naturalizado brasileiro conforme legisla\u00e7\u00e3o vigente no pa\u00eds, at\u00e9 a data da contrata\u00e7\u00e3o; no caso de nacionalidade portuguesa, estar amparado pelo estatuto de igualdade entre brasileiros e portugueses<\/li><li>ter idade m\u00ednima de 18 anos completos at\u00e9 a data da contrata\u00e7\u00e3o;<\/li><li>estar em pleno gozo dos direitos pol\u00edticos;<\/li><li>estar quite com as obriga\u00e7\u00f5es eleitorais e, se do sexo masculino, tamb\u00e9m com as obriga\u00e7\u00f5es militares;<\/li><li>n\u00e3o receber, nos termos do art. 37, \u00a710, da Constitui\u00e7\u00e3o Federal, proventos de aposentadoria decorrentes do art. 40 ou dos arts. 42 e 142 da Constitui\u00e7\u00e3o Federal, ressalvados os Empregos acumul\u00e1veis na forma da referida Constitui\u00e7\u00e3o, e nem estar com idade de aposentadoria compuls\u00f3ria, conforme art. 201, \u00a716 da Constitui\u00e7\u00e3o Federal;<\/li><li>ser considerado apto no exame de admiss\u00e3o que ser\u00e1 realizado pela IMBEL, mediante apresenta\u00e7\u00e3o dos laudos e declara\u00e7\u00e3o de sa\u00fade que forem por ele exigidos;<\/li><li>Possuir idoneidade moral, comprovada pela inexist\u00eancia de antecedentes criminais, atestada por certid\u00f5es negativas. N\u00e3o possuir, contra si, senten\u00e7a criminal condenat\u00f3ria que impe\u00e7a o exerc\u00edcio das atividades inerentes ao emprego;<\/li><li>estar registrado e com a situa\u00e7\u00e3o regularizada junto ao \u00f3rg\u00e3o de conselho de classe correspondente \u00e0 sua forma\u00e7\u00e3o profissional, quando for o caso, at\u00e9 a data da contrata\u00e7\u00e3o;<\/li><li>estar apto f\u00edsica e mentalmente para o exerc\u00edcio do emprego, n\u00e3o sendo, inclusive, pessoa com defici\u00eancia incompat\u00edvel com as atribui\u00e7\u00f5es deste, fato a ser apurado pela IMBEL;<\/li><\/ul><p><\/p>\n\n\n\n<h2 class=\"wp-block-heading\" id=\"concurso-imbel-como-ser-a-seleo-\">Concurso Imbel: Como ser\u00e1 a sele\u00e7\u00e3o? <\/h2>\n\n\n\n<p>Processo Seletivo Simplificado ser\u00e1 organizado e conduzido por uma <strong>Comiss\u00e3o do Processo Seletivo Simplificado da FI<\/strong>, nomeado por Portaria, e ser\u00e1 realizado na IMBEL \u2013 F\u00e1brica de Itajub\u00e1, situada \u00e0 Av. Cel Aventino Ribeiro, 1099 \u2013 Bairro Imbel, CEP 37501-345, Itajub\u00e1 Minas Gerais. <\/p>\n\n\n\n<p>Na <strong>1\u00aa etapa<\/strong> os candidatos ser\u00e3o selecionados pela an\u00e1lise curricular, an\u00e1lise documental e entrevista. <\/p>\n\n\n\n<p>Na <strong>2\u00aa etapa<\/strong>, somente os candidatos selecionados pela Comiss\u00e3o de Sele\u00e7\u00e3o Simplificada da primeira etapa, conforme ordem de classifica\u00e7\u00e3o e chamada, passar\u00e3o por avalia\u00e7\u00e3o comprobat\u00f3ria dos documentos originais e exame admissional. <\/p>\n\n\n\n<p><strong>Confira o edital completo<\/strong>, <a href=\"https:\/\/www.in.gov.br\/en\/web\/dou\/-\/edital-n-1-imbel\/fabrica-de-itajuba-de-23-de-julho-de-2021-processo-seletivo-simplificado-334173917\" target=\"_blank\" rel=\"noopener\">clicando aqui<\/a>.<\/p>\n\n\n\n<h2 class=\"wp-block-heading\" id=\"provas-de-outro-edital-imbel-continuam-suspensas-em-itajub\">Provas de outro edital Imbel continuam suspensas em Itajub\u00e1<\/h2>\n\n\n\n<p>As\u00a0<strong>provas<\/strong>\u00a0do\u00a0concurso Imbel\u00a0que foram aplicadas em v\u00e1rias localizados em 6 de junho, n\u00e3o aconteceu em\u00a0<strong>Itajub\u00e1<\/strong>. Isso porque a Prefeitura Municipal proibiu a aplica\u00e7\u00e3o devido ao Coronav\u00edrus.<\/p>\n\n\n\n<p>Segundo a FGV (Funda\u00e7\u00e3o Get\u00falio Vargas), organizadora do certame, os <strong>candidatos<\/strong>\u00a0que fariam a prova na cidade mineira permanecem inscritos no concurso e<strong>\u00a0realizar\u00e3o as provas\u00a0<\/strong>em um momento mais oportuno.<\/p>\n\n\n\n<p>\u201c<em>Os candidatos dessa localidade permanecer\u00e3o inscritos e\u00a0<strong>realizar\u00e3o prova posteriormente<\/strong>, em data e local a serem oportunamente divulgados<\/em>\u201d, afirmou a banca.<\/p>\n\n\n\n<p>Nas\u00a0<strong>demais localidades<\/strong>, a prova aconteceu sem maiores problemas. S\u00e3o vagas para cadastro reserva nos seguintes cargos:<\/p>\n\n\n\n<ul class=\"wp-block-list\"><li>Auxiliar de Cozinha (n\u00edvel fundamental);<\/li><li>Auxiliar de Laborat\u00f3rio (n\u00edvel fundamental);<\/li><li>Motorista (n\u00edvel m\u00e9dio);<\/li><li>Carpinteiro (n\u00edvel m\u00e9dio);<\/li><li>Advogado (n\u00edvel superior);<\/li><li>M\u00e9dico do Trabalho (n\u00edvel superior).<\/li><\/ul><p><\/p>\n\n\n\n<p>Os<strong>\u00a0sal\u00e1rios<\/strong>\u00a0de todos os cargos ofertados variam bastante entre<strong>\u00a0R$ 1,2 mil e R$ 5,3 mil.<\/strong> No total, foram\u00a0<strong>21.857 inscritos<\/strong>.<\/p>","protected":false},"excerpt":{"rendered":"<p>Aten\u00e7\u00e3o concurseiros! A Ind\u00fastria de Material B\u00e9lico do Brasil publicou um novo edital para contrata\u00e7\u00e3o tempor\u00e1ria de vagas em cadastro reserva em um concurso Imbel. As oportunidades ser\u00e3o para a f\u00e1brica de Itajub\u00e1, no Sul de Minas Gerais. O outro concurso da empresa continua suspenso. Confira: Guia Definitivo Plano de Estudos (Gr\u00e1tis) Concurso Imbel: nova [&hellip;]<\/p>\n","protected":false},"author":54671,"featured_media":134310,"comment_status":"closed","ping_status":"closed","sticky":false,"template":"","format":"standard","meta":{"_acf_changed":false,"footnotes":"","_wp_rev_ctl_limit":""},"categories":[228],"tags":[16183,579,3726,2069,2506,198,2578,38120,16403,39281,40433,40435,40434,39282,40432,1636],"class_list":["post-138486","post","type-post","status-publish","format-standard","has-post-thumbnail","hentry","category-noticias","tag-concurso-imbel","tag-concursos","tag-concursos-abertos","tag-concursos-minas-gerais","tag-concursos-nacionais","tag-concursos-previstos","tag-concursos-publicos","tag-editais-nacionais","tag-edital-imbel","tag-imbel","tag-imbel-itajuba","tag-imbel-mg","tag-imbel-minas-gerais","tag-industria-de-materiais-belicos-do-brasil","tag-itajuba","tag-minas-gerais"],"acf":[],"_links":{"self":[{"href":"https:\/\/www.novaconcursos.com.br\/portal\/wp-json\/wp\/v2\/posts\/138486","targetHints":{"allow":["GET"]}}],"collection":[{"href":"https:\/\/www.novaconcursos.com.br\/portal\/wp-json\/wp\/v2\/posts"}],"about":[{"href":"https:\/\/www.novaconcursos.com.br\/portal\/wp-json\/wp\/v2\/types\/post"}],"author":[{"embeddable":true,"href":"https:\/\/www.novaconcursos.com.br\/portal\/wp-json\/wp\/v2\/users\/54671"}],"replies":[{"embeddable":true,"href":"https:\/\/www.novaconcursos.com.br\/portal\/wp-json\/wp\/v2\/comments?post=138486"}],"version-history":[{"count":4,"href":"https:\/\/www.novaconcursos.com.br\/portal\/wp-json\/wp\/v2\/posts\/138486\/revisions"}],"predecessor-version":[{"id":138490,"href":"https:\/\/www.novaconcursos.com.br\/portal\/wp-json\/wp\/v2\/posts\/138486\/revisions\/138490"}],"wp:featuredmedia":[{"embeddable":true,"href":"https:\/\/www.novaconcursos.com.br\/portal\/wp-json\/wp\/v2\/media\/134310"}],"wp:attachment":[{"href":"https:\/\/www.novaconcursos.com.br\/portal\/wp-json\/wp\/v2\/media?parent=138486"}],"wp:term":[{"taxonomy":"category","embeddable":true,"href":"https:\/\/www.novaconcursos.com.br\/portal\/wp-json\/wp\/v2\/categories?post=138486"},{"taxonomy":"post_tag","embeddable":true,"href":"https:\/\/www.novaconcursos.com.br\/portal\/wp-json\/wp\/v2\/tags?post=138486"}],"curies":[{"name":"wp","href":"https:\/\/api.w.org\/{rel}","templated":true}]}}