{"id":138533,"date":"2025-10-06T10:53:22","date_gmt":"2025-10-06T13:53:22","guid":{"rendered":"https:\/\/www.novaconcursos.com.br\/portal\/?post_type=nc-public-tender&#038;p=138533"},"modified":"2025-10-28T16:40:55","modified_gmt":"2025-10-28T19:40:55","slug":"concurso-pm-pb-oficiais","status":"publish","type":"post","link":"https:\/\/www.novaconcursos.com.br\/portal\/concursos\/concurso-pm-pb-oficiais\/","title":{"rendered":"Concurso PM PB: Comiss\u00e3o formada para Oficial!"},"content":{"rendered":"<p>O novo concurso PM PB (Pol\u00edcia Militar da Para\u00edba) avan\u00e7a e <strong><mark style=\"background-color:rgba(0, 0, 0, 0)\" class=\"has-inline-color has-vivid-red-color\">j\u00e1 tem comiss\u00e3o organizadora formada!<\/mark><\/strong> A publica\u00e7\u00e3o do documento no Di\u00e1rio Oficial da \u00faltima sexta-feira, 3 de outubro, marca mais um passo importante para a realiza\u00e7\u00e3o do certame que vai preencher vagas para o cargo de oficial da Pol\u00edcia Militar da Para\u00edba.<\/p>\n\n\n\n<p>O concurso \u00e9 aguardado desde abril, quando foi confirmado que as <strong>notas do Enem<\/strong> ser\u00e3o utilizadas na sele\u00e7\u00e3o dos candidatos. A defini\u00e7\u00e3o da banca e a data de publica\u00e7\u00e3o do edital ainda devem ser anunciadas, mas o avan\u00e7o da comiss\u00e3o indica que o processo est\u00e1 em andamento.<\/p>\n\n\n\n<p>Vale lembrar que o \u00faltimo concurso PM PB aconteceu em 2024 e ofertou 30 vagas para oficiais, atraindo grande n\u00famero de inscritos. Agora, os concurseiros paraibanos voltam a ter uma nova oportunidade de ingressar na corpora\u00e7\u00e3o e garantir uma carreira na \u00e1rea da seguran\u00e7a p\u00fablica!<\/p>\n\n\n\n<h2 class=\"wp-block-heading\" id=\"comisso-formada-para-o-concurso-pm-pb\">Comiss\u00e3o formada para o concurso PM PB!<\/h2>\n\n\n\n<p>A prepara\u00e7\u00e3o para o novo <a href=\"https:\/\/www.pm.pb.gov.br\/portal\/\" target=\"_blank\" rel=\"noopener\">concurso PM PB<\/a> para Oficial segue avan\u00e7ando! Foi publicada no Di\u00e1rio Oficial do Estado da \u00faltima sexta-feira, 3 de outubro, a portaria que institui oficialmente a <strong>comiss\u00e3o organizadora<\/strong> do certame, respons\u00e1vel por conduzir todos os tr\u00e2mites administrativos que antecedem a publica\u00e7\u00e3o do edital.<\/p>\n\n\n\n<p>A sele\u00e7\u00e3o \u00e9 uma das mais aguardadas no estado, especialmente porque, desde abril, j\u00e1 havia sido confirmado que o <strong>ingresso na carreira de oficial se dar\u00e1 por meio das notas do Exame Nacional do Ensino M\u00e9dio (Enem). <\/strong>Com essa confirma\u00e7\u00e3o e a cria\u00e7\u00e3o da comiss\u00e3o, o edital est\u00e1 cada vez mais pr\u00f3ximo de ser publicado!<\/p>\n\n\n\n<p>A nova comiss\u00e3o ser\u00e1 respons\u00e1vel por planejar e executar todas as etapas iniciais do concurso, garantindo que o edital seja publicado dentro dos prazos e exig\u00eancias legais. O grupo \u00e9 composto por oficiais e servidores de diferentes \u00e1reas, distribu\u00eddos em setores de coordena\u00e7\u00e3o, secretaria, avalia\u00e7\u00e3o jur\u00eddica, social, m\u00e9dica e f\u00edsica.<\/p>\n\n\n\n<p>A comiss\u00e3o organizadora \u00e9 formada por: <\/p>\n\n\n\n<ul class=\"wp-block-list\"><li><strong>Coordena\u00e7\u00e3o-geral<\/strong><\/li>\n\n\n\n<li>CEL QOEM Jos\u00e9 RONILDO Souza da Silva (coordenador-geral)<\/li>\n\n\n\n<li>CEL QOEM Marcos Ant\u00f4nio BENEVIDES Pessoa J\u00fanior (coordenador-Geral Adjunto)<\/li>\n\n\n\n<li>CEL QOEM ANDERSON Henrique Benevides Pessoa<\/li>\n\n\n\n<li><strong>Secretaria-Geral<\/strong><\/li>\n\n\n\n<li>CEL QOEM WERTON Leite Lima<\/li>\n\n\n\n<li>CEL QOEM Francisco de ASSIS Soares<\/li>\n\n\n\n<li>TC QOEM ONIERBETH Elias de Oliveira<\/li>\n\n\n\n<li>TC QOEM SEBASTIANA Ver\u00edssimo Bittencourt<\/li>\n\n\n\n<li>TC QOEM Est\u00e1cio MARIANO De Oliveira Filho<\/li>\n\n\n\n<li>MAJ QOEM JULIANA Carla Da Silva Alencar<\/li>\n\n\n\n<li>MAJ QOEM Nilvan ALVES Filho<\/li>\n\n\n\n<li>CAP QOEM Handerson GLEBER de Lima Cavalcant<\/li>\n\n\n\n<li>1\u00ba TEN QOEM GEOVANE Cabral Lima De Souza<\/li>\n\n\n\n<li><strong>Comiss\u00e3o de Avalia\u00e7\u00e3o Jur\u00eddica e An\u00e1lise Recursal<\/strong><\/li>\n\n\n\n<li>SERVIDOR CIVIL IGOR de Rosalmeida Dantas<\/li>\n\n\n\n<li>CEL QOEM Irlan TRAJANO De Sena<\/li>\n\n\n\n<li>CEL QOEM ELSON Janes Dos Santos Ribas<\/li>\n\n\n\n<li>MAJ QOEM VILBERTO Monteiro Da Silva<\/li>\n\n\n\n<li>MAJ QOEM Leonardo Antonio De Souza NEVES<\/li>\n\n\n\n<li>CAP QOEM Wagner Alves BATISTA<\/li>\n\n\n\n<li>CAP QOEM Bruno Alves DUTRA<\/li>\n\n\n\n<li>SD QGP ALINE Batista Guimar\u00e3es<\/li>\n\n\n\n<li><strong>Comiss\u00e3o de Avalia\u00e7\u00e3o Social<\/strong><\/li>\n\n\n\n<li>CEL QOEM Luiz TIB\u00c9RIO Pereira Leite:<\/li>\n\n\n\n<li>TC QOEM Severino Francisco de FONTES J\u00fanior<\/li>\n\n\n\n<li>MAJ QOEM Jo\u00e3o Luiz SOBREIRA Alvarez<\/li>\n\n\n\n<li>MAJ QOEM Igor VINICIUS Chaves Da Silva<\/li>\n\n\n\n<li>CAP QOEM DIOGENES Da Silva Sousa<\/li>\n\n\n\n<li>CAP QOEM \u00cdCARO David Leite de Lima<\/li>\n\n\n\n<li>CAP QOEM Jos\u00e9 BORGES Sobrinho Neto<\/li>\n\n\n\n<li>CAP QOEM Jessica LAYLA Medeiros dos Santos<\/li>\n\n\n\n<li>2\u00ba TEN QOE Reginaldo SILVESTRE da Silva J\u00fanior<\/li>\n\n\n\n<li>ST QPC Ant\u00f4nio IN\u00c1CIO da Silva Ara\u00fajo<\/li>\n\n\n\n<li><strong>Comiss\u00e3o para o Exame de Sa\u00fade<\/strong><\/li>\n\n\n\n<li>CEL QOS EUG\u00caNIA Di Giuseppe Deininger<\/li>\n\n\n\n<li>CEL QOS TEREZA OL\u00cdVIA Freire<\/li>\n\n\n\n<li>CEL QOS Francisco PETRUCCI Palitot de Oliveira<\/li>\n\n\n\n<li>CEL QOS JALES Brito de Menezes<\/li>\n\n\n\n<li>TC QOS Jorge Luiz Costa da FONSECA<\/li>\n\n\n\n<li>TC QOS SILVANA Gondim Guedes Pereira de Melo<\/li>\n\n\n\n<li>MAJ QOS TEREZA Neuma Ara\u00fajo de Medeiros<\/li>\n\n\n\n<li>CAP QOE JOSIVANA Patr\u00edcio Guerra<\/li>\n\n\n\n<li><strong>Comiss\u00e3o para o Exame de Aptid\u00e3o F\u00edsica<\/strong><\/li>\n\n\n\n<li>TC QOEM JUCEILTON Soares de Oliveira<\/li>\n\n\n\n<li>TC QOEM Tarc\u00edsio CARLOS Cavalcanti J\u00fanior<\/li>\n\n\n\n<li>MAJ QOEM Janaina LETICIA De Farias Barros<\/li>\n\n\n\n<li>CAP QOEM Gard\u00eania TALITA Santa Rosa Dantas<\/li>\n\n\n\n<li>CAP QOEM Gabriel Ot\u00e1vio BARROCA Gomes<\/li>\n\n\n\n<li>ST QPC VICTOR Hugo Ribeiro de Oliveira<\/li>\n\n\n\n<li>1\u00ba SGT QPC Thiago Oliveira de MEDEIROS<\/li>\n\n\n\n<li>3\u00ba SGT QGP Manuel de Deus NETO<\/li>\n\n\n\n<li>3\u00ba SGT QGP WOLNEY Wagner Fernandes de Souza<\/li>\n\n\n\n<li>3\u00ba SGT QPC RENAN Roberto de Souza<\/li>\n\n\n\n<li>3\u00ba SGT QPC Felipe ANDRADE Braga<\/li>\n\n\n\n<li>3\u00ba SGT QPC P\u00c9TALA Pereira de Santos Medeiros<\/li>\n\n\n\n<li>3\u00ba SGT QGP Lindibergue LACERDA de Lima<\/li>\n\n\n\n<li>CB QGP Isnaldo FLOR\u00caNCIO Ara\u00fajo Junior<\/li>\n\n\n\n<li>CB QGP RENATO Santos da Silva<\/li>\n\n\n\n<li><strong>Equipe de apoio \u00e0s comiss\u00f5es<\/strong><\/li>\n\n\n\n<li>CEL QOEM Eduardo Alves TEM\u00d3TEO<\/li>\n\n\n\n<li>CEL QOEM Carlos MAGNO Fonseca De Sousa<\/li>\n\n\n\n<li>CEL QOEM Francisco Vieira de Ara\u00fajo NETO<\/li>\n\n\n\n<li>CEL QOEM Adriano dos Santos DANTAS<\/li>\n\n\n\n<li>TC QOEM Helena RAKEL de Alencar Matias<\/li>\n\n\n\n<li>MAJ QOEM JORGE Issa SALES Chamie<\/li>\n\n\n\n<li>MAJ QOEM LIB\u00d3RIA da Silva Ribeiro<\/li>\n\n\n\n<li>MAJ QOEM M\u00c1RCIO Luis Dias Monteiro<\/li>\n\n\n\n<li>MAJ QOEM BRIANNA Oliveira Palito<\/li>\n\n\n\n<li>CAP QOEM RILEIDE do Couto Araujo<\/li>\n\n\n\n<li>CAP QOEM Thiago DONATO Lopes de Aquino<\/li>\n\n\n\n<li>CAP QOE Fabio GAMA Souza Da Silva<\/li>\n\n\n\n<li>CAP QOE Abdul Fahad Kaff a FERRAZ<\/li>\n\n\n\n<li>CAP QOE Miguel DOMINGOS Da Silva<\/li>\n\n\n\n<li>ST QPC LUCIANO de Ara\u00fajo Nery Silva<\/li>\n\n\n\n<li>ST QPC JOSEMIA Gomes Montenegro<\/li>\n\n\n\n<li>ST QPC ANDR\u00c9LIA da Silva Santos Ferreira<\/li>\n\n\n\n<li>ST QPC MARC\u00cdLIO Bruno Dias Monteiro<\/li>\n\n\n\n<li><strong>Comiss\u00e3o de divulga\u00e7\u00e3o<\/strong><\/li>\n\n\n\n<li>CEL QOEM Ricardo Alexandre Uch\u00f4a LIRA<\/li>\n\n\n\n<li>TC QOEM Valdemar C\u00e2ndido de SOUZA NETO<\/li>\n\n\n\n<li>CAP QOEM ALECSANDRA de Pontes Santiago<\/li>\n\n\n\n<li>ST QPC DAVID Augusto Felipe da Silva<\/li>\n\n\n\n<li>1\u00ba SGT QPC HERMERSON Pedro Soares De Oliveira<\/li>\n\n\n\n<li>1\u00ba SGT QPC LUIZ Raimundo da Silva Duarte<\/li>\n\n\n\n<li>1\u00ba SGT QGP Francisco CAVALCANTI FILHO<\/li>\n\n\n\n<li>3\u00ba SGT QGP Ruan SAMIR Silva Medeiros<\/li>\n\n\n\n<li>3\u00ba SGT QPC Jos\u00e9 Matheus Alves dos Santos OLIVEIRA<\/li>\n\n\n\n<li>3\u00ba SGT QGP SHARLEY Faber Oliveira de Souza<\/li>\n\n\n\n<li>CB QGP JOILTON Pereira Ramalho Vieira<\/li>\n\n\n\n<li>CB QGP Edson COSTA da Silva.<\/li>\n<\/ul><h2 class=\"wp-block-heading\" id=\"requisitos-para-participar-do-concurso\">Requisitos para participar do concurso<\/h2>\n\n\n\n<p>Para participar do concurso PM PB, o candidato dever\u00e1 atender a alguns crit\u00e9rios b\u00e1sicos:<\/p>\n\n\n\n<ul class=\"wp-block-list\"><li>Possuir <strong>n\u00edvel superior completo<\/strong>;<\/li>\n\n\n\n<li>Ter <strong>idade entre 18 e 32 anos<\/strong>;<\/li>\n\n\n\n<li>Ter <strong>altura m\u00ednima de 1,65m para homens<\/strong> e <strong>1,60m para mulheres<\/strong>.<\/li>\n<\/ul><p><\/p>\n\n\n\n<p>Esses requisitos seguem o padr\u00e3o adotado pela corpora\u00e7\u00e3o em sele\u00e7\u00f5es anteriores, com o objetivo de garantir que os aprovados estejam dentro das condi\u00e7\u00f5es ideais exigidas para o servi\u00e7o militar.<\/p>\n\n\n\n<h2 class=\"wp-block-heading\" id=\"o-que-faz-um-oficial-da-pm-pb\">O que faz um Oficial da PM PB?<\/h2>\n\n\n\n<p>As atribui\u00e7\u00f5es do Oficial na Pol\u00edcia Militar da Para\u00edba variam de acordo com a patente.<\/p>\n\n\n\n<p>Assim, o Cadete PM exerce atividades estudantis em regime de dedica\u00e7\u00e3o integral, e outras atividades relacionadas \u00e0 sua forma\u00e7\u00e3o, conforme as Normas da Academia de Pol\u00edcia Militar do Cabo Branco (APMCB) e o Regimento do Centro de Educa\u00e7\u00e3o da Pol\u00edcia Militar do Estado da Para\u00edba, durante o Curso de Forma\u00e7\u00e3o de Oficiais (CFO).<\/p>\n\n\n\n<p>J\u00e1 o Aspirante a Oficial PM desempenha as atribui\u00e7\u00f5es inerentes aos oficiais subalternos (tenentes), com fun\u00e7\u00f5es e deveres semelhantes, respeitando as restri\u00e7\u00f5es estabelecidas em leis, regulamentos e instru\u00e7\u00f5es pertinentes.<\/p>\n\n\n\n<p>E, por fim, o 2\u00ba Tenente PM \u00e9 respons\u00e1vel por promover a Seguran\u00e7a P\u00fablica e a Defesa Social atrav\u00e9s de a\u00e7\u00f5es e opera\u00e7\u00f5es policiais militares, coordenando, controlando e monitorando os resultados alcan\u00e7ados.<\/p>\n\n\n\n<p>Suas atribui\u00e7\u00f5es incluem comandar pelot\u00e3o, coordenar policiamento ostensivo, reservado e velado, assessorar o comando, gerenciar recursos humanos e log\u00edsticos, participar do planejamento de a\u00e7\u00f5es e opera\u00e7\u00f5es, desenvolver processos e procedimentos administrativos militares.<\/p>\n\n\n\n<p>Al\u00e9m de atuar na coordena\u00e7\u00e3o da comunica\u00e7\u00e3o social, promover estudos t\u00e9cnicos e de capacita\u00e7\u00e3o profissional, proteger e preservar a vida dos cidad\u00e3os e garantir o pleno exerc\u00edcio dos seus direitos, dentre outras especificadas em normas.<\/p>\n\n\n\n<h2 class=\"wp-block-heading\" id=\"remunerao-e-benefcios-da-carreira-militar-na-pm-pb\">Remunera\u00e7\u00e3o e benef\u00edcios da carreira militar na PM PB<\/h2>\n\n\n\n<p>A remunera\u00e7\u00e3o inicial durante o <strong>Curso de Forma\u00e7\u00e3o de Oficiais (CFO)<\/strong> varia conforme o ano de forma\u00e7\u00e3o. No \u00faltimo edital, os valores eram os seguintes:<\/p>\n\n\n\n<ul class=\"wp-block-list\"><li><strong>Cadete \u2013 1\u00ba ano:<\/strong> R$ 3.003,48<\/li>\n\n\n\n<li><strong>Cadete \u2013 2\u00ba ano:<\/strong> R$ 3.300,74<\/li>\n\n\n\n<li><strong>Cadete \u2013 3\u00ba ano:<\/strong> R$ 3.660,87<\/li>\n<\/ul><p><\/p>\n\n\n\n<p>Ap\u00f3s a conclus\u00e3o do curso, o militar passa \u00e0 condi\u00e7\u00e3o de <strong>Aspirante a Oficial<\/strong>, com remunera\u00e7\u00e3o de <strong>R$ 6.771,08<\/strong>, e posteriormente pode alcan\u00e7ar o posto de <strong>2\u00ba Tenente<\/strong>, com vencimentos de at\u00e9 <strong>R$ 8.745,75<\/strong>.<\/p>\n\n\n\n<p>Al\u00e9m do sal\u00e1rio, os militares recebem aux\u00edlio-alimenta\u00e7\u00e3o, bolsa de desempenho e podem ter acesso a ajudas de custo operacionais, que variam de R$ 3.066,24 a R$ 3.711,36 conforme o ano de forma\u00e7\u00e3o.<\/p>\n\n\n\n<h2 class=\"wp-block-heading\" id=\"seleo-com-uso-das-notas-do-enem\">Sele\u00e7\u00e3o com uso das notas do Enem<\/h2>\n\n\n\n<p>Um dos principais diferenciais deste concurso PM PB \u00e9 a substitui\u00e7\u00e3o da tradicional prova objetiva pelas notas do <strong>Exame Nacional do Ensino M\u00e9dio (Enem)<\/strong>. Essa decis\u00e3o, oficializada em abril, refor\u00e7a o objetivo da corpora\u00e7\u00e3o de alinhar o processo de ingresso com padr\u00f5es nacionais de avalia\u00e7\u00e3o.<\/p>\n\n\n\n<p>As provas do Enem 2025 ser\u00e3o aplicadas nos dias <strong>9 e 16 de novembro<\/strong>, e o desempenho obtido pelos candidatos ser\u00e1 utilizado como crit\u00e9rio classificat\u00f3rio. <\/p>\n\n\n\n<p>Al\u00e9m da nota do Enem, os candidatos tamb\u00e9m dever\u00e3o ser aprovados nas etapas complementares, compostas por:<\/p>\n\n\n\n<ul class=\"wp-block-list\"><li><strong>Exames m\u00e9dicos e laboratoriais:<\/strong> an\u00e1lise completa da sa\u00fade f\u00edsica e mental dos candidatos;<\/li>\n\n\n\n<li><strong>Teste de Aptid\u00e3o F\u00edsica (TAF):<\/strong> avalia\u00e7\u00e3o de resist\u00eancia, for\u00e7a e agilidade, indispens\u00e1vel ao desempenho das fun\u00e7\u00f5es militares;<\/li>\n\n\n\n<li><strong>Avalia\u00e7\u00e3o psicol\u00f3gica:<\/strong> identifica\u00e7\u00e3o do perfil comportamental e cognitivo adequado \u00e0 carreira de oficial.<\/li>\n<\/ul><p><\/p>\n\n\n\n<p>Essas etapas s\u00e3o fundamentais para garantir que os futuros oficiais tenham n\u00e3o apenas conhecimento t\u00e9cnico, mas tamb\u00e9m preparo f\u00edsico e equil\u00edbrio emocional para exercer suas fun\u00e7\u00f5es com excel\u00eancia.<\/p>\n\n\n\n<h2 class=\"wp-block-heading\" id=\"o-que-cai-na-prova-do-concurso-pm-pb\">O que cai na prova do concurso PM PB?<\/h2>\n\n\n\n<p>A avalia\u00e7\u00e3o objetiva do concurso PM PB ser\u00e1 realizada por meio do ENEM, dessa forma os<strong>\u00a0conte\u00fados<\/strong>\u00a0cobrados na prova ser\u00e3o:<\/p>\n\n\n\n<p><em>Linguagens, C\u00f3digos e suas Tecnologias<\/em><\/p>\n\n\n\n<ul class=\"wp-block-list\"><li>L\u00edngua Portuguesa<\/li>\n\n\n\n<li>Literatura<\/li>\n\n\n\n<li>L\u00edngua Estrangeira (Ingl\u00eas ou Espanhol)<\/li>\n\n\n\n<li>Artes<\/li>\n\n\n\n<li>Educa\u00e7\u00e3o F\u00edsica<\/li>\n\n\n\n<li>Tecnologias da Informa\u00e7\u00e3o e Comunica\u00e7\u00e3o<\/li>\n<\/ul><p><em>Ci\u00eancias Humanas e suas Tecnologias<\/em><\/p>\n\n\n\n<ul class=\"wp-block-list\"><li>Hist\u00f3ria<\/li>\n\n\n\n<li>Geografia<\/li>\n\n\n\n<li>Filosofia<\/li>\n\n\n\n<li>Sociologia<\/li>\n<\/ul><p><em>Reda\u00e7\u00e3o: acerca do tema a ser fornecido no momento da prova<\/em><\/p>\n\n\n\n<p><em>Ci\u00eancias da Natureza e suas Tecnologias<\/em><\/p>\n\n\n\n<ul class=\"wp-block-list\"><li>Qu\u00edmica<\/li>\n\n\n\n<li>F\u00edsica<\/li>\n\n\n\n<li>Biologia<\/li>\n<\/ul><p><em>Matem\u00e1tica e suas Tecnologias<\/em><\/p>\n\n\n\n<ul class=\"wp-block-list\"><li>Matem\u00e1tica<\/li>\n<\/ul><div class=\"nova-continue-reading\">Quer ingressar na carreira p\u00fablica?\u00a0<a href=\"https:\/\/www.novaconcursos.com.br\/portal\/concursos-abertos\/pb\/\">Confira todos os concursos abertos na Para\u00edba<\/a>!<\/div>\n\n\n\n<h2 class=\"wp-block-heading\" id=\"materiais-preparatrios\">Materiais preparat\u00f3rios<\/h2>\n\n\n\n<p>O ingresso no concurso PM PB para Oficial \u00e9 um grande sonho para concurseiros apaixonados pela carreira policial e isso torna a sele\u00e7\u00e3o bastante concorrida!<\/p>\n\n\n\n<p>A\u00a0<a href=\"https:\/\/www.novaconcursos.com.br\/?promo_creative=Nova+Concursos&amp;promo_name=concurso&amp;promo_id=%2Fportal%2Fconcursos%2Fconcurso-pm-sp-cfo-oficial&amp;promo_position=corpo-texto\">Nova Concursos<\/a>\u00a0\u00e9 refer\u00eancia na prepara\u00e7\u00e3o para concursos p\u00fablicos, com mais de 10 anos de experi\u00eancia, j\u00e1 ajudamos<strong>\u00a0mais de<\/strong>\u00a0<strong>70 mil alunos aprovados<\/strong>\u00a0a conquistarem suas vagas em carreiras p\u00fablicas.<\/p>\n\n\n\n<p>Como o concurso utiliza a nota do ENEM como crit\u00e9rio de sele\u00e7\u00e3o, que tal come\u00e7ar seus estudos? Com o nosso m\u00e9todo de estudo direcionado e eficiente, voc\u00ea estar\u00e1 preparado para arrasar nas provas e alcan\u00e7ar a sua aprova\u00e7\u00e3o.<\/p>\n\n\n\n<p>N\u00e3o perca tempo, invista em nossos materiais e esteja mais perto de conquistar sua vaga no concurso PM PB. A pr\u00f3xima pessoa aprovada pode ser voc\u00ea!<\/p>\n\n\n\n<h3 class=\"wp-block-heading\">Materiais concurso PM PB soldado<\/h3>\n\n\n\n<p>Os materiais preparat\u00f3rios para o concurso PM PB foram desenvolvidos para oferecer uma prepara\u00e7\u00e3o completa e atualizada, de acordo com o Edital n\u00ba 001\/2023. Com conte\u00fado elaborado por professores especialistas, os materiais trazem teoria, exerc\u00edcios comentados, se\u00e7\u00f5es pr\u00e1ticas com quest\u00f5es da banca IBFC, recursos visuais que facilitam a memoriza\u00e7\u00e3o e conte\u00fados complementares em PDF. As aulas seguem a estrutura do edital, com acesso online e ilimitado por 365 dias, proporcionando flexibilidade, qualidade e efici\u00eancia aos candidatos que buscam aprova\u00e7\u00e3o na carreira policial.<\/p>\n\n\n\n<div class=\"nova-continue-reading\">Confira os <a href=\"https:\/\/www.novaconcursos.com.br\/concurso\/pm-pb-policia-militar-da-paraiba\">materiais preparat\u00f3rios<\/a> para o concurso PM PB!<\/div>\n\n\n\n<h3 class=\"wp-block-heading\">Materiais preparat\u00f3rios Enem<\/h3>\n\n\n\n<p>Os candidatos ao concurso PM PB s\u00e3o avaliados por meio do Enem, o que torna essencial uma prepara\u00e7\u00e3o direcionada para esse exame. Pensando nisso, desenvolvemos materiais completos e atualizados, que seguem a matriz de refer\u00eancia do Enem e abordam todas as disciplinas exigidas, com teoria detalhada, quest\u00f5es comentadas das provas recentes e dicas pr\u00e1ticas para memoriza\u00e7\u00e3o. Al\u00e9m disso, h\u00e1 materiais voltados para o treino de reda\u00e7\u00e3o, com aulas passo a passo e orienta\u00e7\u00f5es para alcan\u00e7ar nota m\u00e1xima no texto dissertativo. Com conte\u00fado elaborado por professores especialistas, nossos materiais garantem uma prepara\u00e7\u00e3o s\u00f3lida e eficiente para quem busca conquistar a aprova\u00e7\u00e3o no concurso PM PB!<\/p>\n\n\n\n<div class=\"nova-continue-reading\">Confira tamb\u00e9m os <a href=\"https:\/\/www.novaconcursos.com.br\/concurso\/enem\">materiais preparat\u00f3rios<\/a> para o Enem!<\/div>\n\n\n\n<h2 class=\"wp-block-heading\" id=\"ltimo-concurso-pm-pb\">\u00daltimo concurso PM PB<\/h2>\n\n\n\n<p>O \u00faltimo concurso PM PB ocorreu em 2024 e ofertou <strong>30 vagas para o quadro de Oficiais Combatentes. <\/strong>Destas vagas, 24 foram destinadas a ampla concorr\u00eancia, enquanto 6 foram reservadas a candidatos negros.<\/p>\n\n\n\n<h3 class=\"wp-block-heading\">Quanto ganha um Oficial da PM PB?<\/h3>\n\n\n\n<p>Durante o primeiro ano do Curso de Forma\u00e7\u00e3o de Oficiais da Pol\u00edcia Militar da Para\u00edba (PMPB), os aprovados ingressam como Cadetes e recebem uma remunera\u00e7\u00e3o de R$3.003,48.<\/p>\n\n\n\n<p>No segundo ano, o valor aumenta para R$3.300,74, e no terceiro e \u00faltimo ano de forma\u00e7\u00e3o, o Cadete passa a ganhar R$3.660,87.<\/p>\n\n\n\n<p>Ap\u00f3s concluir o curso, o candidato se torna Aspirante-a-Oficial, com um sal\u00e1rio de R$6.771,08. Ap\u00f3s essa fase, o profissional alcan\u00e7a o posto de 2\u00ba Tenente, com uma remunera\u00e7\u00e3o de R$8.745,75.<\/p>\n\n\n\n<p>Esses valores s\u00e3o compostos por soldo, gratifica\u00e7\u00e3o de habilita\u00e7\u00e3o, anu\u00eanio, aux\u00edlio-alimenta\u00e7\u00e3o e bolsa desempenho, garantindo uma compensa\u00e7\u00e3o financeira atrativa ao longo da carreira.<\/p>\n\n\n\n<h3 class=\"wp-block-heading\">Quais os requisitos para o concurso PM Para\u00edba? <\/h3>\n\n\n\n<p>Para participar, \u00e9 preciso ter conclu\u00eddo o <strong>n\u00edvel superior <\/strong>em qualquer \u00e1rea, comprovado pela apresenta\u00e7\u00e3o do diploma devidamente registrado, emitido por estabelecimento de ensino reconhecido MEC. <\/p>\n\n\n\n<p>A corpora\u00e7\u00e3o exige altura m\u00ednima de 1,60 m, se do sexo masculino, e de 1,55 m, se do sexo feminino. <\/p>\n\n\n\n<p>Al\u00e9m disso, \u00e9 necess\u00e1rio completar, no ano da inscri\u00e7\u00e3o do concurso (at\u00e9 31 de dezembro de 2024) 18 anos, no m\u00ednimo, e 32 anos, no m\u00e1ximo. <\/p>\n\n\n\n<p>J\u00e1 as exig\u00eancias <strong>gerais<\/strong> para investidura nos cargos s\u00e3o: <\/p>\n\n\n\n<ul class=\"wp-block-list\"><li>ser brasileiro(a) nato(a);<\/li>\n\n\n\n<li>estar em dia com as obriga\u00e7\u00f5es militares, comprovado mediante apresenta\u00e7\u00e3o do certifi cado original de reservista, dispensa de incorpora\u00e7\u00e3o, declara\u00e7\u00e3o de militar da ativa ou de emiss\u00e3o de carta patente;<\/li>\n\n\n\n<li>estar quite com as obriga\u00e7\u00f5es eleitorais, comprovando mediante apresenta\u00e7\u00e3o de certid\u00e3o original<\/li>\n\n\n\n<li>emitida pelo Tribunal Regional Eleitoral (TRE) da respectiva Unidade da Federa\u00e7\u00e3o;<\/li>\n\n\n\n<li>achar-se em pleno gozo de seus direitos civis e pol\u00edticos;<\/li>\n\n\n\n<li>N\u00e3o ter antecedentes criminais ou policiais, possuir ilibada conduta p\u00fablica e privada, comprovada documentalmente atrav\u00e9s dos meios previstos no Edital do Concurso P\u00fablico, incluindo certid\u00f5es negativas de 1\u00ba e 2\u00ba grau, federal e estadual, quando for o caso, emitidas pela Justi\u00e7a Federal, Eleitoral, Militar e Comum, referentes ao Estado onde o candidato reside ou residiu nos \u00faltimos cinco anos, demonstrando n\u00e3o estar indiciado, denunciado ou em cumprimento de pena criminal;<\/li>\n\n\n\n<li>Ter idoneidade moral e conduta pregressa compat\u00edvel com o cargo de Oficial;<\/li>\n\n\n\n<li>Ter sido aprovado no Exame Intelectual, sendo considerado apto nos Exames de Sa\u00fade e de Aptid\u00e3o F\u00edsica, indicado no exame Psicol\u00f3gico e na investiga\u00e7\u00e3o social, e estar classificado dentre as vagas previstas neste Edital;<\/li>\n\n\n\n<li>Apresentar, quando o candidato for militar estadual ou federal, por ocasi\u00e3o da matr\u00edcula no Curso de Forma\u00e7\u00e3o de Oficiais, of\u00edcio de seu Comandante, Chefe ou Diretor, dirigido \u00e0 Comiss\u00e3o de Coordena\u00e7\u00e3o-geral do Concurso, declarando o comportamento do candidato, n\u00e3o podendo estar no comportamento \u201cINSUFICIENTE\u201d ou \u201cMAU\u201d, nos termos do Regulamento Disciplinar do \u00d3rg\u00e3o de origem ou equivalente;<\/li>\n\n\n\n<li>N\u00e3o ter sido exonerado, demitido, exclu\u00eddo ou licenciado ex-offi cio de uma das Corpora\u00e7\u00f5es Militares Estaduais ou das For\u00e7as Armadas, inclusive por for\u00e7a de decis\u00e3o judicial, Conselho de Disciplina ou Processo Administrativo Disciplinar;<\/li>\n\n\n\n<li>Atender as demais exig\u00eancias constantes deste Edital e suas Normas;<\/li>\n<\/ul><h3 class=\"wp-block-heading\">Etapas de sele\u00e7\u00e3o do concurso PM PB<\/h3>\n\n\n\n<p>O concurso da Pol\u00edcia Militar da Para\u00edba foi composto por duas etapas principais: o exame intelectual, realizado por meio do\u00a0<strong>Exame Nacional do Ensino M\u00e9dio (Enem)<\/strong>, e os exames complementares, que inclu\u00edam avalia\u00e7\u00f5es de sa\u00fade, aptid\u00e3o f\u00edsica e psicol\u00f3gica.<\/p>\n\n\n\n<p>Confira os detalhes sobre cada uma delas a seguir!<\/p>\n\n\n\n<h4 class=\"wp-block-heading\">Exame intelectual<\/h4>\n\n\n\n<p>O exame intelectual foi realizado atrav\u00e9s do\u00a0<strong>Enem 2024<\/strong>, que ocorrer\u00e1 em dois dias:<\/p>\n\n\n\n<p>No dia\u00a0<strong>03 de novembro<\/strong>\u00a0foram aplicadas as provas de Linguagens, C\u00f3digos e suas Tecnologias e\u00a0Reda\u00e7\u00e3o\u00a0e Ci\u00eancias Humanas e suas Tecnologias. J\u00e1 no dia\u00a0<strong>10 de novembro<\/strong>\u00a0foram realizadas as provas de Ci\u00eancias da Natureza e suas Tecnologias e Matem\u00e1tica e suas Tecnologias.<\/p>\n\n\n\n<p>Cada prova foi dividida em duas partes, totalizando <strong>90 quest\u00f5es objetivas<\/strong>, sendo 45 quest\u00f5es para cada \u00e1rea do conhecimento. Al\u00e9m disso, foi exigida uma reda\u00e7\u00e3o dissertativa-argumentativa, com um m\u00ednimo de 7 linhas e um m\u00e1ximo de 30 linhas, abordando um tema atual.<\/p>\n\n\n\n<p>A avalia\u00e7\u00e3o teve car\u00e1ter eliminat\u00f3rio e classificat\u00f3rio, e foram considerados habilitados os candidatos que ficarem dentro do limite de 10 vezes o n\u00famero de vagas dispon\u00edveis, conforme a ordem de classifica\u00e7\u00e3o definida pelo \u00f3rg\u00e3o.<\/p>\n\n\n\n<h4 class=\"wp-block-heading\">Exames complementares<\/h4>\n\n\n\n<p>Os exames complementares PB tiveram car\u00e1ter eliminat\u00f3rio e foram compostos por tr\u00eas fases: Exame de Sa\u00fade, Exame de Aptid\u00e3o F\u00edsica e Exame Psicol\u00f3gico.<\/p>\n\n\n\n<p>O objetivo dessas etapas \u00e9 garantir que os candidatos possuam as condi\u00e7\u00f5es f\u00edsicas, mentais e de sa\u00fade necess\u00e1rias para o desempenho das fun\u00e7\u00f5es militares.<\/p>","protected":false},"excerpt":{"rendered":"<p>O concurso PM PB vem a\u00ed! Foi oficialmente formada a comiss\u00e3o organizadora do certame. Saiba mais!<\/p>\n","protected":false},"author":54696,"featured_media":293603,"comment_status":"closed","ping_status":"closed","sticky":false,"template":"","format":"standard","meta":{"_acf_changed":false,"footnotes":"","_wp_rev_ctl_limit":""},"categories":[44999,44943,44941,44956],"tags":[39073],"class_list":["post-138533","post","type-post","status-publish","format-standard","has-post-thumbnail","hentry","category-concursos","category-carreira-militar","category-carreira-policial","category-pb","tag-concurso-pm-pb-2"],"acf":[],"_links":{"self":[{"href":"https:\/\/www.novaconcursos.com.br\/portal\/wp-json\/wp\/v2\/posts\/138533","targetHints":{"allow":["GET"]}}],"collection":[{"href":"https:\/\/www.novaconcursos.com.br\/portal\/wp-json\/wp\/v2\/posts"}],"about":[{"href":"https:\/\/www.novaconcursos.com.br\/portal\/wp-json\/wp\/v2\/types\/post"}],"author":[{"embeddable":true,"href":"https:\/\/www.novaconcursos.com.br\/portal\/wp-json\/wp\/v2\/users\/54696"}],"replies":[{"embeddable":true,"href":"https:\/\/www.novaconcursos.com.br\/portal\/wp-json\/wp\/v2\/comments?post=138533"}],"version-history":[{"count":27,"href":"https:\/\/www.novaconcursos.com.br\/portal\/wp-json\/wp\/v2\/posts\/138533\/revisions"}],"predecessor-version":[{"id":298386,"href":"https:\/\/www.novaconcursos.com.br\/portal\/wp-json\/wp\/v2\/posts\/138533\/revisions\/298386"}],"wp:featuredmedia":[{"embeddable":true,"href":"https:\/\/www.novaconcursos.com.br\/portal\/wp-json\/wp\/v2\/media\/293603"}],"wp:attachment":[{"href":"https:\/\/www.novaconcursos.com.br\/portal\/wp-json\/wp\/v2\/media?parent=138533"}],"wp:term":[{"taxonomy":"category","embeddable":true,"href":"https:\/\/www.novaconcursos.com.br\/portal\/wp-json\/wp\/v2\/categories?post=138533"},{"taxonomy":"post_tag","embeddable":true,"href":"https:\/\/www.novaconcursos.com.br\/portal\/wp-json\/wp\/v2\/tags?post=138533"}],"curies":[{"name":"wp","href":"https:\/\/api.w.org\/{rel}","templated":true}]}}