{"id":138574,"date":"2021-07-27T14:24:38","date_gmt":"2021-07-27T17:24:38","guid":{"rendered":"https:\/\/www.novaconcursos.com.br\/portal\/?p=138574"},"modified":"2021-07-27T14:25:45","modified_gmt":"2021-07-27T17:25:45","slug":"concurso-ifrj-edital-retificado","status":"publish","type":"post","link":"https:\/\/www.novaconcursos.com.br\/portal\/noticias\/concurso-ifrj-edital-retificado\/","title":{"rendered":"Concurso IFRJ: Edital retificado e inscri\u00e7\u00f5es alteradas!"},"content":{"rendered":"<p>Foram publicadas <strong>diversas retifica\u00e7\u00f5es <\/strong>do <a href=\"https:\/\/www.novaconcursos.com.br\/portal\/concursos\/concurso-ifrj\/\">concurso IFRJ<\/a>. Dentre as mudan\u00e7as est\u00e1 o <strong>in\u00edcio das inscri\u00e7\u00f5es.<\/strong><\/p>\n\n\n\n<ul class=\"wp-block-list\"><li><strong>Confira:<\/strong> <a href=\"https:\/\/www.novaconcursos.com.br\/eventos\/guia-definitivo-como-fazer-uma-boa-revisao\/\" target=\"_blank\" rel=\"noreferrer noopener\" aria-label=\"Material gr\u00e1tis - Guia Definitivo Como fazer uma boa revis\u00e3o! (abre numa nova aba)\">Material gr\u00e1tis \u2013 Guia Definitivo Como fazer uma boa revis\u00e3o!<\/a>  <\/li><\/ul><p><\/p>\n\n\n\n<p>Vale ressaltar que o <strong>edital foi publicado este m\u00eas,<\/strong> e conta com\u00a0<strong>53 vagas\u00a0<\/strong>em cargos dos n\u00edveis m\u00e9dio, m\u00e9dio\/t\u00e9cnico e superior, com remunera\u00e7\u00e3o de at\u00e9\u00a0<strong>R$4.638,66.<\/strong> <\/p>\n\n\n\n<h2 class=\"wp-block-heading\" id=\"mudanas-no-concurso-ifrj\">Mudan\u00e7as no concurso IFRJ<\/h2>\n\n\n\n<p>Foram publicadas no Di\u00e1rio Oficial da Uni\u00e3o desta ter\u00e7a-feira, 27, <strong>diversas retifica\u00e7\u00f5es do concurso IFRJ<\/strong>. A principal mudan\u00e7a foi em rela\u00e7\u00e3o \u00e0s inscri\u00e7\u00f5es que iriam come\u00e7ar hoje, dia 27 e agora poder\u00e3o ser realizadas do dia <strong>30 de julho ao dia 22 de agosto.<\/strong><\/p>\n\n\n\n<p>No entanto, embora as mudan\u00e7as n\u00e3o parem por a\u00ed, a data da prova objetiva, permaneceu a mesma:\u00a0<strong>3 de outubro.\u00a0<\/strong><\/p>\n\n\n\n<p> Vale ressaltar que o edital do concurso Instituto Federal de Educa\u00e7\u00e3o, Ci\u00eancia e Tecnologia do <a href=\"https:\/\/www.novaconcursos.com.br\/portal\/concursos-abertos\/rj\/\">Rio de Janeiro<\/a>, foi publicado este m\u00eas<strong>,<\/strong> e conta com\u00a0<strong>53 vagas\u00a0<\/strong>em cargos dos n\u00edveis m\u00e9dio, m\u00e9dio\/t\u00e9cnico e superior, com remunera\u00e7\u00e3o de at\u00e9\u00a0<strong>R$ 4.638,66.<\/strong>  <\/p>\n\n\n\n<p> O cargo que se destaca na sele\u00e7\u00e3o \u00e9 o\u00a0<strong>Assistente em Administra\u00e7\u00e3o, destinado a quem possui o n\u00edvel m\u00e9dio<\/strong>\u00a0e com 23\u00a0vagas. <\/p>\n\n\n\n<h3 class=\"wp-block-heading\">Principais mudan\u00e7as no edital<\/h3>\n\n\n\n<p>De acordo com as retifica\u00e7\u00f5es publicadas no Di\u00e1rio Oficial, est\u00e3o valendo agora as seguintes normas:  <\/p>\n\n\n\n<ul class=\"wp-block-list\"><li><strong>PcD \u2013<\/strong>\u00a0O pedido de condi\u00e7\u00e3o ou prova especial dever\u00e1 ser solicitado no momento do preenchimento do formul\u00e1rio de Inscri\u00e7\u00e3o, no site do IUDS: www.iuds.org.br, sendo que ser\u00e1 examinado para verifica\u00e7\u00e3o das possibilidades operacionais de atendimento, obedecendo a crit\u00e9rios de viabilidade e de razoabilidade. Ser\u00e3o indeferidos os pedidos de condi\u00e7\u00f5es especiais e\/ou prova especial de Pessoa com Defici\u00eancia \u2013 PcD dos candidatos que n\u00e3o encaminharem dentro do prazo de Inscri\u00e7\u00e3o o respectivo Laudo M\u00e9dico.\u00a0<\/li><\/ul><p><\/p>\n\n\n\n<p>Nos cargos reservados \u00e0 Pessoa com Defici\u00eancia \u2013 PcD, tamb\u00e9m poder\u00e3o se candidatar os candidatos de Ampla Concorr\u00eancia \u2013 AC.\u00a0<\/p>\n\n\n\n<ul class=\"wp-block-list\"><li><strong>Reserva de vagas \u2013\u00a0<\/strong>Caso o primeiro provimento para o cargo seja destinado \u00e0 apenas uma vaga para Negros (Pretos ou Pardos) \u2013 NE, essa dever\u00e1 ser preenchida prioritariamente pelo candidato melhor classificado na listagem de Negros (Pretos ou Pardos) \u2013 NE.<\/li><\/ul><ul class=\"wp-block-list\"><li><strong>Isen\u00e7\u00e3o \u2013\u00a0<\/strong>Em conformidade com as Lei n\u00b0 13.656, de 30 de abril de 2018 e Decreto 6.593 de 02 de outubro de 2008, ficar\u00e1 isento do pagamento da taxa de inscri\u00e7\u00e3o os candidatos que perten\u00e7am a fam\u00edlia inscrita no Cadastro \u00danico para Programas Sociais (Cad\u00danico), do Governo Federal, cuja renda familiar mensal per capita seja inferior ou igual a meio sal\u00e1rio-m\u00ednimo nacional ou que possua renda familiar mensal de at\u00e9 tr\u00eas sal\u00e1rios m\u00ednimos; e os candidatos doadores de medula \u00f3ssea em entidades reconhecidas pelo Minist\u00e9rio da Sa\u00fade.\u00a0<\/li><\/ul><ul class=\"wp-block-list\"><li><strong>Provas \u2013\u00a0<\/strong>\u00a0A Prova Objetiva ser\u00e1 realizada em locais apropriados no munic\u00edpio do Rio de Janeiro.<\/li><\/ul><p><\/p>\n\n\n\n<p>O candidato s\u00f3 poder\u00e1 levar o seu Caderno de Quest\u00f5es depois de decorridas 03 (tr\u00eas) horas do in\u00edcio da prova.<\/p>\n\n\n\n<p>O Caderno de Quest\u00f5es ser\u00e1 disponibilizado no site do IUDS,\u00a0juntamente com o Gabarito das Quest\u00f5es Objetivas.<\/p>\n\n\n\n<h2 class=\"wp-block-heading\" id=\"como-sero-as-provas-do-concurso-ifrj-2021\">Como ser\u00e3o as provas do concurso IFRJ 2021?<\/h2>\n\n\n\n<h3 class=\"wp-block-heading\">Prova Objetiva<\/h3>\n\n\n\n<p>O <a href=\"https:\/\/www.novaconcursos.com.br\/portal\/concursos-previstos\/rj\/\">concurso<\/a> avaliar\u00e1 os candidatos por meio de uma\u00a0<strong>prova objetiva<\/strong>\u00a0com 50 quest\u00f5es. A avalia\u00e7\u00e3o est\u00e1 marcada para\u00a0<strong>3 de outubro pela manh\u00e3<\/strong>. Como todas as provas ser\u00e3o em mesmo hor\u00e1rio,\u00a0<strong>n\u00e3o ser\u00e1 poss\u00edvel ao candidato concorrer a mais de um cargo.<\/strong><\/p>\n\n\n\n<p>Para as carreiras de\u00a0<strong>n\u00edveis m\u00e9dio e m\u00e9dio\/t\u00e9cnico<\/strong>\u00a0ser\u00e3o:<\/p>\n\n\n\n<ul class=\"wp-block-list\"><li>L\u00edngua Portuguesa \u2013 8 quest\u00f5es<\/li><li>Inform\u00e1tica \u2013 5 quest\u00f5es<\/li><li>Legisla\u00e7\u00e3o e \u00c9tica \u2013 7 quest\u00f5es<\/li><li>Conhecimentos Espec\u00edficos \u2013 30 quest\u00f5es (que ir\u00e3o variar de acordo com o cargo).<\/li><\/ul><p><\/p>\n\n\n\n<p>Para o\u00a0<strong>n\u00edvel superior<\/strong>, ser\u00e3o:<\/p>\n\n\n\n<ul class=\"wp-block-list\"><li>L\u00edngua Portuguesa \u2013 8 quest\u00f5es<\/li><li>Legisla\u00e7\u00e3o e \u00c9tica \u2013 7 quest\u00f5es<\/li><li>Conhecimentos Espec\u00edficos \u2013 35 quest\u00f5es (que tamb\u00e9m ir\u00e3o variar de acordo com a carreira escolhida).<\/li><\/ul>","protected":false},"excerpt":{"rendered":"<p>Foram publicadas diversas retifica\u00e7\u00f5es do concurso IFRJ. Dentre as mudan\u00e7as est\u00e1 o in\u00edcio das inscri\u00e7\u00f5es. Confira: Material gr\u00e1tis \u2013 Guia Definitivo Como fazer uma boa revis\u00e3o! Vale ressaltar que o edital foi publicado este m\u00eas, e conta com\u00a053 vagas\u00a0em cargos dos n\u00edveis m\u00e9dio, m\u00e9dio\/t\u00e9cnico e superior, com remunera\u00e7\u00e3o de at\u00e9\u00a0R$4.638,66. Mudan\u00e7as no concurso IFRJ Foram [&hellip;]<\/p>\n","protected":false},"author":54662,"featured_media":138051,"comment_status":"closed","ping_status":"closed","sticky":false,"template":"","format":"standard","meta":{"_acf_changed":false,"footnotes":"","_wp_rev_ctl_limit":""},"categories":[228],"tags":[14938,40454,40456,40455,40457,40453],"class_list":["post-138574","post","type-post","status-publish","format-standard","has-post-thumbnail","hentry","category-noticias","tag-concurso-ifrj","tag-provas-concurso-ifrj","tag-remuneracao-concurso-ifrj","tag-requisitos-concurso-ifrj","tag-retificacoes-concurso-ifrj","tag-vagas-concurso-ifrj"],"acf":[],"_links":{"self":[{"href":"https:\/\/www.novaconcursos.com.br\/portal\/wp-json\/wp\/v2\/posts\/138574","targetHints":{"allow":["GET"]}}],"collection":[{"href":"https:\/\/www.novaconcursos.com.br\/portal\/wp-json\/wp\/v2\/posts"}],"about":[{"href":"https:\/\/www.novaconcursos.com.br\/portal\/wp-json\/wp\/v2\/types\/post"}],"author":[{"embeddable":true,"href":"https:\/\/www.novaconcursos.com.br\/portal\/wp-json\/wp\/v2\/users\/54662"}],"replies":[{"embeddable":true,"href":"https:\/\/www.novaconcursos.com.br\/portal\/wp-json\/wp\/v2\/comments?post=138574"}],"version-history":[{"count":2,"href":"https:\/\/www.novaconcursos.com.br\/portal\/wp-json\/wp\/v2\/posts\/138574\/revisions"}],"predecessor-version":[{"id":138577,"href":"https:\/\/www.novaconcursos.com.br\/portal\/wp-json\/wp\/v2\/posts\/138574\/revisions\/138577"}],"wp:featuredmedia":[{"embeddable":true,"href":"https:\/\/www.novaconcursos.com.br\/portal\/wp-json\/wp\/v2\/media\/138051"}],"wp:attachment":[{"href":"https:\/\/www.novaconcursos.com.br\/portal\/wp-json\/wp\/v2\/media?parent=138574"}],"wp:term":[{"taxonomy":"category","embeddable":true,"href":"https:\/\/www.novaconcursos.com.br\/portal\/wp-json\/wp\/v2\/categories?post=138574"},{"taxonomy":"post_tag","embeddable":true,"href":"https:\/\/www.novaconcursos.com.br\/portal\/wp-json\/wp\/v2\/tags?post=138574"}],"curies":[{"name":"wp","href":"https:\/\/api.w.org\/{rel}","templated":true}]}}