{"id":138665,"date":"2021-07-29T08:25:34","date_gmt":"2021-07-29T11:25:34","guid":{"rendered":"https:\/\/www.novaconcursos.com.br\/portal\/?p=138665"},"modified":"2021-07-29T08:25:38","modified_gmt":"2021-07-29T11:25:38","slug":"concurso-sme-olinda-pe-200-vagas-para-educacao","status":"publish","type":"post","link":"https:\/\/www.novaconcursos.com.br\/portal\/noticias\/concurso-sme-olinda-pe-200-vagas-para-educacao\/","title":{"rendered":"Concurso SME Olinda &#8211; PE: Prefeito anuncia 200 vagas para Educa\u00e7\u00e3o!"},"content":{"rendered":"<p><strong>\u00d3tima not\u00edcia!<\/strong> O prefeito, Professor Lup\u00e9rcio, anunciou um <strong>novo concurso Olinda PE<\/strong>, que ter\u00e1 <strong>200 vagas<\/strong> para a Educa\u00e7\u00e3o. S\u00e3o vagas para Professores, e o edital deve ser <strong>divulgado em breve<\/strong>.<\/p>\n\n\n\n<ul class=\"wp-block-list\"><li><strong>Adquira:<\/strong> <a rel=\"noreferrer noopener\" aria-label=\"Como Montar Mapas Mentais - guia GR\u00c1TIS (abre numa nova aba)\" href=\"https:\/\/www.novaconcursos.com.br\/eventos\/guia-definitivo-como-montar-um-mapa-mental\/\" target=\"_blank\">Como Montar Mapas Mentais \u2013 guia GR\u00c1TIS<\/a><\/li><\/ul><p><\/p>\n\n\n\n<p>Nesse sentido, a informa\u00e7\u00e3o foi repassada <strong>por meio de nota<\/strong> da Prefeitura de Olinda, o <strong>prefeito anunciou a portaria<\/strong> de membros da Comiss\u00e3o Organizadora.<\/p>\n\n\n\n<p>Essa \u00e9 uma <strong>\u00f3tima not\u00edcia<\/strong>, pois com a comiss\u00e3o organizadora formada, \u00e9 um passo a mais para <strong>come\u00e7ar os tr\u00e2mites internos<\/strong> do concurso p\u00fablico da Secretaria da Educa\u00e7\u00e3o. Segundo a prefeitura, a sele\u00e7\u00e3o <strong>est\u00e1 prevista para 2022<\/strong>.<\/p>\n\n\n\n<p>Al\u00e9m disso, fora as <strong>vagas imediatas<\/strong> j\u00e1 confirmadas, o concurso pode ofertar <strong>mais oportunidades<\/strong>, por conta da vontade da prefeitura em formar <strong>cadastros reservas<\/strong>. <\/p>\n\n\n\n<p>Com os cadastros, a Prefeitura <strong>poder\u00e1 chamar aprovados<\/strong> \u00e0 medida em que necessite, e enquanto o <strong>prazo de validade<\/strong> do concurso for vigente.<\/p>\n\n\n\n<p><em>\u201cA comiss\u00e3o institu\u00edda vai conduzir todo processo licitat\u00f3rio necess\u00e1rio para a realiza\u00e7\u00e3o do concurso. \u00c9 a partir dele que ser\u00e1 definida a empresa que vai elaborar as provas\u201d<\/em> refor\u00e7ou a prefeitura.<\/p>\n\n\n\n<h2 class=\"wp-block-heading\" id=\"prefeito-se-esfora-para-realizar-novos-concursos\">Prefeito se esfor\u00e7a para realizar novos concursos<\/h2>\n\n\n\n<p>A princ\u00edpio, o prefeito de Olinda anunciou que <strong>estava reunindo esfor\u00e7os<\/strong> e organiza\u00e7\u00e3o para<strong> realizar<\/strong> novos <a href=\"https:\/\/www.novaconcursos.com.br\/portal\/concursos-abertos\/pe\/\">concursos<\/a> na cidade. Pelas redes sociais, registrou um encontro com o secretariado para falar sobre o assunto.<\/p>\n\n\n\n<p><em>\u201cO di\u00e1logo \u00e9 fundamental para garantir mais conquistas e avan\u00e7os para Olinda. Me reuni agora h\u00e1 pouco com parte do secretariado para discutirmos sobre futuras sele\u00e7\u00f5es simplificadas e concursos em diversas \u00e1reas aqui da cidade.\u201d<\/em> disse o prefeito.<\/p>\n\n\n\n<p>Entretanto, <strong>n\u00e3o especificou<\/strong> para quais <strong>cargos e \u00e1reas <\/strong>seriam as oportunidades. O munic\u00edpio de Olinda fica na regi\u00e3o metropolitana de Recife, na <strong>capital de Pernambuco<\/strong>.<\/p>\n\n\n\n<h2 class=\"wp-block-heading\" id=\"ltimo-concurso-olinda-pe\">\u00daltimo concurso Olinda PE<\/h2>\n\n\n\n<p>Em primeiro lugar, \u00e9 importante lembrar que o \u00faltimo <a href=\"https:\/\/www.novaconcursos.com.br\/portal\/concursos-previstos\/pe\/\">concurso p\u00fablico<\/a> realizado <strong>foi em 2011<\/strong>, ou seja, h\u00e1 10 anos. Foram ofertadas <strong>334 vagas <\/strong>em v\u00e1rios cargos. Foram vagas para:<\/p>\n\n\n\n<ul class=\"wp-block-list\"><li>Auditor Fiscal da Fazenda Municipal;<\/li><li>M\u00e9dico em v\u00e1rias especialidades;<\/li><li>Procurador Municipal;<\/li><li>Professor;<\/li><li>T\u00e9cnico de N\u00edvel Superior;<\/li><li>Agente de Tr\u00e2nsito e Transporte;<\/li><li>Guarda Municipal;<\/li><li>T\u00e9cnico Administrativo, da Fazenda Municipal, em Seguran\u00e7a do Trabalho.<\/li><\/ul><p><\/p>\n\n\n\n<p>Al\u00e9m disso, na \u00e9poca, os sal\u00e1rios iniciais variavam entre <strong>R$ 529,61 e R$ 2.032,67<\/strong> de acordo com o cargo escolhido e escolaridade, por\u00e9m <strong>havia benef\u00edcios<\/strong>.<\/p>\n\n\n\n<p>Ademais, os candidatos <strong>foram submetidos<\/strong> \u00e0 uma <strong>prova objetiva<\/strong>, aplicada na pr\u00f3pria cidade. A sele\u00e7\u00e3o foi organizada pelo Iaupe (Instituto de Apoio \u00e0 Universidade de Pernambuco).<\/p>","protected":false},"excerpt":{"rendered":"<p>\u00d3tima not\u00edcia! O prefeito, Professor Lup\u00e9rcio, anunciou um novo concurso Olinda PE, que ter\u00e1 200 vagas para a Educa\u00e7\u00e3o. S\u00e3o vagas para Professores, e o edital deve ser divulgado em breve. Adquira: Como Montar Mapas Mentais \u2013 guia GR\u00c1TIS Nesse sentido, a informa\u00e7\u00e3o foi repassada por meio de nota da Prefeitura de Olinda, o prefeito [&hellip;]<\/p>\n","protected":false},"author":16,"featured_media":138667,"comment_status":"closed","ping_status":"closed","sticky":false,"template":"","format":"standard","meta":{"_acf_changed":false,"footnotes":"","_wp_rev_ctl_limit":""},"categories":[228],"tags":[40480,40476,2578,40477,115,3670,40478,40479],"class_list":["post-138665","post","type-post","status-publish","format-standard","has-post-thumbnail","hentry","category-noticias","tag-cargos-concurso-sme-olinda","tag-concurso-sme-olinda-pe","tag-concursos-publicos","tag-edital-concurso-sme-olinda","tag-nova-concursos","tag-pernambuco","tag-salarios-concurso-sme-olinda","tag-vagas-concurso-sme-olinda"],"acf":[],"_links":{"self":[{"href":"https:\/\/www.novaconcursos.com.br\/portal\/wp-json\/wp\/v2\/posts\/138665","targetHints":{"allow":["GET"]}}],"collection":[{"href":"https:\/\/www.novaconcursos.com.br\/portal\/wp-json\/wp\/v2\/posts"}],"about":[{"href":"https:\/\/www.novaconcursos.com.br\/portal\/wp-json\/wp\/v2\/types\/post"}],"author":[{"embeddable":true,"href":"https:\/\/www.novaconcursos.com.br\/portal\/wp-json\/wp\/v2\/users\/16"}],"replies":[{"embeddable":true,"href":"https:\/\/www.novaconcursos.com.br\/portal\/wp-json\/wp\/v2\/comments?post=138665"}],"version-history":[{"count":3,"href":"https:\/\/www.novaconcursos.com.br\/portal\/wp-json\/wp\/v2\/posts\/138665\/revisions"}],"predecessor-version":[{"id":138678,"href":"https:\/\/www.novaconcursos.com.br\/portal\/wp-json\/wp\/v2\/posts\/138665\/revisions\/138678"}],"wp:featuredmedia":[{"embeddable":true,"href":"https:\/\/www.novaconcursos.com.br\/portal\/wp-json\/wp\/v2\/media\/138667"}],"wp:attachment":[{"href":"https:\/\/www.novaconcursos.com.br\/portal\/wp-json\/wp\/v2\/media?parent=138665"}],"wp:term":[{"taxonomy":"category","embeddable":true,"href":"https:\/\/www.novaconcursos.com.br\/portal\/wp-json\/wp\/v2\/categories?post=138665"},{"taxonomy":"post_tag","embeddable":true,"href":"https:\/\/www.novaconcursos.com.br\/portal\/wp-json\/wp\/v2\/tags?post=138665"}],"curies":[{"name":"wp","href":"https:\/\/api.w.org\/{rel}","templated":true}]}}