{"id":138772,"date":"2021-08-18T16:30:25","date_gmt":"2021-08-18T19:30:25","guid":{"rendered":"https:\/\/www.novaconcursos.com.br\/portal\/?p=138772"},"modified":"2025-12-03T09:54:54","modified_gmt":"2025-12-03T12:54:54","slug":"tem-taf-para-policia-penal-mg","status":"publish","type":"post","link":"https:\/\/www.novaconcursos.com.br\/portal\/noticias\/tem-taf-para-policia-penal-mg\/","title":{"rendered":"Tem TAF para Pol\u00edcia Penal MG?"},"content":{"rendered":"<p>O edital do <a href=\"https:\/\/www.novaconcursos.com.br\/portal\/concursos\/policia-penal-mg\/\">concurso Pol\u00edcia Penal MG<\/a> foi publicado e trouxe a oferta de <strong>2.420 vagas<\/strong> para o cargo de Policial Penal com ganhos iniciais de <strong>R$ 4,6 mil<\/strong>!<\/p>\n\n\n\n<ul class=\"wp-block-list\"><li><strong>Confira:<\/strong> <a rel=\"noreferrer noopener\" aria-label=\"Curso GR\u00c1TIS Pol\u00edcia Penal MG (abre numa nova aba)\" href=\"https:\/\/www.novaconcursos.com.br\/eventos\/curso-gratis-policia-penal-mg-agente-penitenciario\/\" target=\"_blank\">Curso GR\u00c1TIS Pol\u00edcia Penal MG<\/a><\/li>\n<\/ul><p><\/p>\n\n\n\n<p>O Instituto Selecon ser\u00e1 o <strong>respons\u00e1vel pelas etapas e recebimento das inscri\u00e7\u00f5es<\/strong> do certame. <\/p>\n\n\n\n<ul class=\"wp-block-list\"><li><strong>Adquira: <\/strong><a href=\"https:\/\/www.novaconcursos.com.br\/concurso\/policia-penal-mg\/apostila\">Apostilas concurso Pol\u00edcia Penal MG<\/a><\/li>\n\n\n\n<li><strong>Adquira:<\/strong> <a href=\"https:\/\/www.novaconcursos.com.br\/concurso\/policia-penal-mg\/curso-online\">Cursos Online concurso Pol\u00edcia Penal MG<\/a><\/li>\n<\/ul><p><\/p>\n\n\n\n<p>S\u00e3o 1.944 vagas <strong>para homens<\/strong> e 476 vagas <strong>para mulheres<\/strong>. \u00c9 requisitado para o concurso o <strong>ensino m\u00e9dio completo<\/strong>, e idade m\u00ednima de 18 anos. N\u00e3o h\u00e1 idade limite.<\/p>\n\n\n\n<p>O sal\u00e1rio inicial da carreira \u00e9 de <strong>R$ 4.631,25<\/strong> com jornada de trabalho de 40h semanais.<\/p>\n\n\n\n<h2 class=\"wp-block-heading\" id=\"quais-so-as-etapas-do-concurso-polcia-penal-mg\">Quais s\u00e3o as etapas do concurso Pol\u00edcia Penal MG?<\/h2>\n\n\n\n<p>A princ\u00edpio, o <a href=\"https:\/\/www.novaconcursos.com.br\/portal\/concursos-abertos\/mg\/\">concurso p\u00fablico<\/a> \u00e9 composto por <strong>5 etapas<\/strong>: Provas Objetivas e Reda\u00e7\u00e3o, Aptid\u00e3o Psicol\u00f3gica e Psicot\u00e9cnica, Exames M\u00e9dicos, <strong>Prova de Condicionamento F\u00edsico<\/strong> e Comprova\u00e7\u00e3o de Idoneidade e Conduta Ilibada.<\/p>\n\n\n\n<p>Ap\u00f3s os <strong>aprovados no concurso<\/strong> ser\u00e3o submetidos \u00e0 um Curso de Forma\u00e7\u00e3o, que ser\u00e1 realizado em Belo Horizonte. Durante esse per\u00edodo, o Policial receber\u00e1 uma bolsa de <strong>50% o valor do sal\u00e1rio<\/strong> de um efetivo.<\/p>\n\n\n\n<h2 class=\"wp-block-heading\" id=\"teste-de-aptido-fsica-cai-no-concurso-polcia-penal-mg\">Teste de Aptid\u00e3o F\u00edsica cai no concurso Pol\u00edcia Penal MG?<\/h2>\n\n\n\n<p><strong>Sim!<\/strong> O edital traz o teste de aptid\u00e3o f\u00edsica com a nomenclatura de Prova de Condicionamento F\u00edsico.<\/p>\n\n\n\n<p>\u00c9 uma etapa muito importante do <a href=\"https:\/\/www.novaconcursos.com.br\/portal\/concursos-previstos\/mg\/\">concurso<\/a>. Para quem <strong>deseja ingressar <\/strong>na Pol\u00edcia Penal MG, deve ficar de olho no TAF, pois precisa de uma <strong>prepara\u00e7\u00e3o f\u00edsica maior<\/strong>, e n\u00e3o apenas da mente, como nas provas escritas.<\/p>\n\n\n\n<p>Al\u00e9m disso, somente os candidatos <strong>aprovados na 3\u00aa etapa<\/strong> do concurso, que \u00e9 o <strong>Exame M\u00e9dico<\/strong>, poder\u00e1 participar do TAF. Portanto, uma dica para os concurseiros \u00e9: <strong>manter a sa\u00fade em dia<\/strong> e fazer exames antes para n\u00e3o ser pego de surpresa na 3\u00aa etapa e n\u00e3o correr o risco de ser eliminado.<\/p>\n\n\n\n<p>Ademais, o Teste de Aptid\u00e3o F\u00edsico \u00e9 de <strong>car\u00e1ter eliminat\u00f3rio<\/strong>. Portanto, \u00e9 de suma import\u00e2ncia que o candidato tenha um <strong>bom condicionamento f\u00edsico<\/strong> j\u00e1 no dia a dia, e se prepare para <strong>realizar os exerc\u00edcios<\/strong>. <\/p>\n\n\n\n<p>Nessa etapa, a <strong>quantidade de esfor\u00e7o muscular<\/strong> \u00e9 observada a fim de perceber a individualidade biol\u00f3gica do candidato.<\/p>\n\n\n\n<p>O TAF ser\u00e1 <strong>realizado somente em Belo Horizonte<\/strong>, e n\u00e3o ser\u00e1 organizado em outros locais que n\u00e3o seja as presentes e divulgadas no edital. <\/p>\n\n\n\n<p>Para submeter-se \u00e0 etapa, o candidato <strong>precisar\u00e1 apresentar <\/strong>atestado m\u00e9dico espec\u00edfico para participar do TAF.<\/p>\n\n\n\n<h3 class=\"wp-block-heading\">Vestimenta adequada<\/h3>\n\n\n\n<p>Para o Teste do concurso, o aprovado tamb\u00e9m dever\u00e1 estar <strong>trajado adequadamente<\/strong>, sendo <strong>roupas de pr\u00e1tica esportiva<\/strong> (t\u00eanis, short, bermuda e camiseta). Al\u00e9m disso, o candidato dever\u00e1 portar um <strong>documento original<\/strong> de identifica\u00e7\u00e3o.<\/p>\n\n\n\n<h3 class=\"wp-block-heading\">Quais ser\u00e3o os testes?<\/h3>\n\n\n\n<p>Finalmente, os <strong>exerc\u00edcios f\u00edsicos <\/strong>que ser\u00e3o cobrados no <strong>Teste de Aptid\u00e3o F\u00edsica<\/strong> s\u00e3o:<\/p>\n\n\n\n<ul class=\"wp-block-list\"><li>Teste de Flex\u00e3o em Barra Fixa: Teste din\u00e2mico para homens e Teste Est\u00e1tico para mulheres;<\/li>\n\n\n\n<li>Teste de Flex\u00e3o Abdominal;<\/li>\n\n\n\n<li>Teste de Impuls\u00e3o Horizontal;<\/li>\n\n\n\n<li>Teste de Flex\u00e3o de Bra\u00e7o no Solo;<\/li>\n\n\n\n<li>Teste de Corrida de 12 minutos.<\/li>\n<\/ul><p><\/p>\n\n\n\n<h3 class=\"wp-block-heading\">Elimina\u00e7\u00e3o do TAF<\/h3>\n\n\n\n<p>Aten\u00e7\u00e3o! Estar\u00e1 eliminado do TAF, candidatos que porventura venham a <strong>utilizar subst\u00e2ncias qu\u00edmicas<\/strong> para a hora do Teste. O TAF <strong>ser\u00e1 realizado sob orienta\u00e7\u00e3o<\/strong>, coordena\u00e7\u00e3o e supervis\u00e3o da Comiss\u00e3o Examinadora, e presidida por um <strong>profissional habilitado<\/strong> em Educa\u00e7\u00e3o F\u00edsica. <\/p>\n\n\n\n<p>Os candidatos que <strong>n\u00e3o apresentarem<\/strong> atestado m\u00e9dico espec\u00edfico ou <strong>deixarem de realizar <\/strong>algum desses testes de capacidade f\u00edsica, estar\u00e3o eliminados da etapa e do concurso.<\/p>","protected":false},"excerpt":{"rendered":"<p>O edital do concurso Pol\u00edcia Penal MG foi publicado e trouxe a oferta de 2.420 vagas para o cargo de Policial Penal com ganhos iniciais de R$ 4,6 mil! O Instituto Selecon ser\u00e1 o respons\u00e1vel pelas etapas e recebimento das inscri\u00e7\u00f5es do certame. S\u00e3o 1.944 vagas para homens e 476 vagas para mulheres. \u00c9 requisitado [&hellip;]<\/p>\n","protected":false},"author":16,"featured_media":126096,"comment_status":"closed","ping_status":"closed","sticky":false,"template":"","format":"standard","meta":{"_acf_changed":false,"footnotes":"","_wp_rev_ctl_limit":""},"categories":[228],"tags":[38340,37112,2578,37508,39492,1636,115,38177,39490,40501,37507],"class_list":["post-138772","post","type-post","status-publish","format-standard","has-post-thumbnail","hentry","category-noticias","tag-cargos-concurso-policia-penal-mg","tag-concurso-policia-penal-mg","tag-concursos-publicos","tag-edital-concurso-policia-penal-mg","tag-etapas-do-concurso-policia-penal-mg","tag-minas-gerais","tag-nova-concursos","tag-provas-concurso-policia-penal-mg","tag-salarios-concurso-policia-penal-mg","tag-teste-de-aptidao-fisica-concurso-policia-penal-mg","tag-vagas-concurso-policia-penal-mg"],"acf":[],"_links":{"self":[{"href":"https:\/\/www.novaconcursos.com.br\/portal\/wp-json\/wp\/v2\/posts\/138772","targetHints":{"allow":["GET"]}}],"collection":[{"href":"https:\/\/www.novaconcursos.com.br\/portal\/wp-json\/wp\/v2\/posts"}],"about":[{"href":"https:\/\/www.novaconcursos.com.br\/portal\/wp-json\/wp\/v2\/types\/post"}],"author":[{"embeddable":true,"href":"https:\/\/www.novaconcursos.com.br\/portal\/wp-json\/wp\/v2\/users\/16"}],"replies":[{"embeddable":true,"href":"https:\/\/www.novaconcursos.com.br\/portal\/wp-json\/wp\/v2\/comments?post=138772"}],"version-history":[{"count":7,"href":"https:\/\/www.novaconcursos.com.br\/portal\/wp-json\/wp\/v2\/posts\/138772\/revisions"}],"predecessor-version":[{"id":298207,"href":"https:\/\/www.novaconcursos.com.br\/portal\/wp-json\/wp\/v2\/posts\/138772\/revisions\/298207"}],"wp:featuredmedia":[{"embeddable":true,"href":"https:\/\/www.novaconcursos.com.br\/portal\/wp-json\/wp\/v2\/media\/126096"}],"wp:attachment":[{"href":"https:\/\/www.novaconcursos.com.br\/portal\/wp-json\/wp\/v2\/media?parent=138772"}],"wp:term":[{"taxonomy":"category","embeddable":true,"href":"https:\/\/www.novaconcursos.com.br\/portal\/wp-json\/wp\/v2\/categories?post=138772"},{"taxonomy":"post_tag","embeddable":true,"href":"https:\/\/www.novaconcursos.com.br\/portal\/wp-json\/wp\/v2\/tags?post=138772"}],"curies":[{"name":"wp","href":"https:\/\/api.w.org\/{rel}","templated":true}]}}