{"id":139063,"date":"2021-08-02T19:18:28","date_gmt":"2021-08-02T22:18:28","guid":{"rendered":"https:\/\/www.novaconcursos.com.br\/portal\/?p=139063"},"modified":"2021-08-03T09:25:55","modified_gmt":"2021-08-03T12:25:55","slug":"concurso-policia-penal-pe-edital-outubro","status":"publish","type":"post","link":"https:\/\/www.novaconcursos.com.br\/portal\/noticias\/concurso-policia-penal-pe-edital-outubro\/","title":{"rendered":"Concurso Pol\u00edcia Penal PE: Edital em outubro est\u00e1 confirmado!"},"content":{"rendered":"<p>Aten\u00e7\u00e3o concurseiros! O\u00a0<strong>edital\u00a0<\/strong>do novo\u00a0<a href=\"https:\/\/www.novaconcursos.com.br\/portal\/concursos\/concurso-agepen-pe\/\">concurso Pol\u00edcia Penal PE<\/a>, com previs\u00e3o de\u00a0<strong>mil vagas<\/strong>\u00a0imediatas e para cadastro de reserva, ser\u00e1 publicado em <strong>outubro<\/strong>. A informa\u00e7\u00e3o foi confirmada pela Secretaria Executiva de Ressocializa\u00e7\u00e3o\u00a0(Seres), respons\u00e1vel por organizar a sele\u00e7\u00e3o. <\/p>\n\n\n\n<ul class=\"wp-block-list\"><li><strong>Confira:\u00a0<\/strong><a href=\"https:\/\/www.novaconcursos.com.br\/eventos\/guia-definitivo-plano-de-estudos-passo-a-passo\/\" target=\"_blank\" rel=\"noreferrer noopener\" aria-label=\" (abre numa nova aba)\">Guia Definitivo Plano de Estudos (Gr\u00e1tis)<\/a><\/li><\/ul><p><\/p>\n\n\n\n<h2 class=\"wp-block-heading\" id=\"concurso-polcia-penal-pe-previso-de-vagas-salrios-e-requisit\">Concurso Pol\u00edcia Penal PE: previs\u00e3o de vagas, sal\u00e1rios e requisitos<\/h2>\n\n\n\n<p>Em outubro! <strong>Este ser\u00e1 o m\u00eas <\/strong>que os concurseiros conhecer\u00e3o o edital do concurso da Pol\u00edcia Penal de Pernambuco. <\/p>\n\n\n\n<p>A informa\u00e7\u00e3o foi dada pela <strong>Secretaria Executiva de Ressocializa\u00e7\u00e3o<\/strong>\u00a0(Seres), respons\u00e1vel por organizar a sele\u00e7\u00e3o, nesta segunda-feira (02).<\/p>\n\n\n\n<p>Ser\u00e3o ofertadas <strong>1.000 vagas, sendo 200 imediatas e 800 para forma\u00e7\u00e3o de um cadastro reserva<\/strong>. Todas as oportunidades s\u00e3o para o cargo de Policial Penal, sendo 15 destinadas a mulheres e 185 a homens.<\/p>\n\n\n\n<p>Para se inscrever a uma das vagas ser\u00e1 preciso o ensino superior completo em qualquer \u00e1rea e Carteira Nacional de Habilita\u00e7\u00e3o (CNH) na categoria B.\u00a0O sal\u00e1rio inicial \u00e9 de\u00a0<strong>R$ 4.146,40.<\/strong><\/p>\n\n\n\n<h3 class=\"wp-block-heading\">Banca sendo escolhida<\/h3>\n\n\n\n<p>A <strong>banca organizadora<\/strong> do concurso da Pol\u00edcia Penal de <a href=\"https:\/\/www.novaconcursos.com.br\/portal\/concursos-previstos\/pe\/\">Pernambuco <\/a>est\u00e1 sendo escolhida. Ela ficar\u00e1 respons\u00e1vel por receber as inscri\u00e7\u00f5es e aplicar as etapas da sele\u00e7\u00e3o, como as provas objetivas.<\/p>\n\n\n\n<p>O cronograma do certame s\u00f3 ser\u00e1 finalizado ap\u00f3s a <strong>contrata\u00e7\u00e3o da banca. <\/strong>Por isso, ainda n\u00e3o se sabe se as provas acontecer\u00e3o em 2021 ou 2022.<\/p>\n\n\n\n<p>O concurso foi <strong>autorizado e anunciado em junho<\/strong>, pelo secret\u00e1rio de Justi\u00e7a e Direitos Humanos, Pedro Eurico.<\/p>\n\n\n\n<p><em>\u201cO governador do Estado autorizou um novo concurso, que j\u00e1 est\u00e1 em andamento, com 200 vagas e mais 800 vagas em cadastro de reserva\u201d<\/em>, disse o titular da pasta.<\/p>\n\n\n\n<h2 class=\"wp-block-heading\" id=\"polcia-penal-de-pernambuco-foi-institucionalizada-em-2020\">Pol\u00edcia Penal de Pernambuco foi institucionalizada em 2020<\/h2>\n\n\n\n<p>Antes, por\u00e9m, em agosto de 2020, os deputados aprovaram a <strong>Proposta de Emenda Constitucional (PEC); <\/strong>o documento regulamentou a Pol\u00edcia Penal de Pernambuco, transformando a carreira de Agentes Penitenci\u00e1rios.<\/p>\n\n\n\n<p>Vale destacar que, com a mudan\u00e7a, eles passam a ter, de maneira oficial, a <strong>responsabilidade da seguran\u00e7a <\/strong>das unidades prisionais do Estado e s\u00e3o respons\u00e1veis por garantir os mesmos benef\u00edcios de policiais de outras corpora\u00e7\u00f5es do Estado.<\/p>\n\n\n\n<h2 class=\"wp-block-heading\" id=\"deputada-aponta-falta-de-profissionais-para-novo-edital\">Deputada aponta falta de profissionais para novo edital<\/h2>\n\n\n\n<p>Em fevereiro deste ano, a\u00a0<strong>deputada delegada Gleide \u00c2ngelo<\/strong>\u00a0cobrou a abertura de um novo concurso para a Pol\u00edcia Penal do\u00a0<a href=\"https:\/\/www.novaconcursos.com.br\/portal\/concursos-abertos\/pe\/\">Pernambuco<\/a>\u00a0, apontando falta de profissionais.<\/p>\n\n\n\n<p>De acordo com a deputada, n\u00e3o h\u00e1 agentes suficientes para suprir a demanda no estado, nas suas\u00a0<strong>24 unidades prisionais e 33 mil presos<\/strong>.<\/p>\n\n\n\n<p><em>\u201cFazemos apelo (\u2026) no sentido de que seja realizado, com urg\u00eancia, novo concurso p\u00fablico para recompletamento do quadro de servidores da Pol\u00edcia Penal do Estado de Pernambuco\u201d<\/em>, exp\u00f5e a parlamentar.<\/p>\n\n\n\n<p>Com isso, ela apresentou a\u00a0<strong>indica\u00e7\u00e3o n\u00ba4980\/2021<\/strong>, que foi enviada\u00a0\u00e0 Assembleia Legislativa de Pernambuco. <\/p>\n\n\n\n<p>\u201cEst\u00e1 em tramita\u00e7\u00e3o o processo para a publica\u00e7\u00e3o do edital do concurso p\u00fablico para policiais penais\u201d, disse a secretaria, comemorando.<\/p>","protected":false},"excerpt":{"rendered":"<p>Aten\u00e7\u00e3o concurseiros! O\u00a0edital\u00a0do novo\u00a0concurso Pol\u00edcia Penal PE, com previs\u00e3o de\u00a0mil vagas\u00a0imediatas e para cadastro de reserva, ser\u00e1 publicado em outubro. A informa\u00e7\u00e3o foi confirmada pela Secretaria Executiva de Ressocializa\u00e7\u00e3o\u00a0(Seres), respons\u00e1vel por organizar a sele\u00e7\u00e3o. Confira:\u00a0Guia Definitivo Plano de Estudos (Gr\u00e1tis) Concurso Pol\u00edcia Penal PE: previs\u00e3o de vagas, sal\u00e1rios e requisitos Em outubro! Este ser\u00e1 o [&hellip;]<\/p>\n","protected":false},"author":54671,"featured_media":125394,"comment_status":"closed","ping_status":"closed","sticky":false,"template":"","format":"standard","meta":{"_acf_changed":false,"footnotes":"","_wp_rev_ctl_limit":""},"categories":[228],"tags":[11717,36931,579,3726,39333,36930,198,2578,39362,39361,3670,39359,22314,36933,39311,39358],"class_list":["post-139063","post","type-post","status-publish","format-standard","has-post-thumbnail","hentry","category-noticias","tag-concurso","tag-concurso-policia-penal-pe","tag-concursos","tag-concursos-abertos","tag-concursos-pe","tag-concursos-pernambuco","tag-concursos-previstos","tag-concursos-publicos","tag-editais-pe","tag-edital-policia-penal-pe","tag-pernambuco","tag-policia-pena-pe","tag-policia-penal","tag-policia-penal-pe","tag-policia-penal-pernambuco","tag-pp-pe"],"acf":[],"_links":{"self":[{"href":"https:\/\/www.novaconcursos.com.br\/portal\/wp-json\/wp\/v2\/posts\/139063","targetHints":{"allow":["GET"]}}],"collection":[{"href":"https:\/\/www.novaconcursos.com.br\/portal\/wp-json\/wp\/v2\/posts"}],"about":[{"href":"https:\/\/www.novaconcursos.com.br\/portal\/wp-json\/wp\/v2\/types\/post"}],"author":[{"embeddable":true,"href":"https:\/\/www.novaconcursos.com.br\/portal\/wp-json\/wp\/v2\/users\/54671"}],"replies":[{"embeddable":true,"href":"https:\/\/www.novaconcursos.com.br\/portal\/wp-json\/wp\/v2\/comments?post=139063"}],"version-history":[{"count":6,"href":"https:\/\/www.novaconcursos.com.br\/portal\/wp-json\/wp\/v2\/posts\/139063\/revisions"}],"predecessor-version":[{"id":139088,"href":"https:\/\/www.novaconcursos.com.br\/portal\/wp-json\/wp\/v2\/posts\/139063\/revisions\/139088"}],"wp:featuredmedia":[{"embeddable":true,"href":"https:\/\/www.novaconcursos.com.br\/portal\/wp-json\/wp\/v2\/media\/125394"}],"wp:attachment":[{"href":"https:\/\/www.novaconcursos.com.br\/portal\/wp-json\/wp\/v2\/media?parent=139063"}],"wp:term":[{"taxonomy":"category","embeddable":true,"href":"https:\/\/www.novaconcursos.com.br\/portal\/wp-json\/wp\/v2\/categories?post=139063"},{"taxonomy":"post_tag","embeddable":true,"href":"https:\/\/www.novaconcursos.com.br\/portal\/wp-json\/wp\/v2\/tags?post=139063"}],"curies":[{"name":"wp","href":"https:\/\/api.w.org\/{rel}","templated":true}]}}