{"id":139328,"date":"2021-08-04T14:35:53","date_gmt":"2021-08-04T17:35:53","guid":{"rendered":"https:\/\/www.novaconcursos.com.br\/portal\/?p=139328"},"modified":"2021-08-04T14:35:56","modified_gmt":"2021-08-04T17:35:56","slug":"concurso-mp-ap-confira-os-gabaritos-das-provas","status":"publish","type":"post","link":"https:\/\/www.novaconcursos.com.br\/portal\/noticias\/concurso-mp-ap-confira-os-gabaritos-das-provas\/","title":{"rendered":"Concurso MP AP: Confira os gabaritos das provas!"},"content":{"rendered":"<p>O <a href=\"https:\/\/www.novaconcursos.com.br\/portal\/concursos\/concurso-mp-ap\/\">concurso MP AP<\/a> j\u00e1 publicou os <strong>gabaritos preliminares <\/strong>da sele\u00e7\u00e3o de T\u00e9cnicos e Analistas. Confira!<\/p>\n\n\n\n<ul class=\"wp-block-list\"><li><strong>Confira<\/strong>: <a href=\"https:\/\/www.novaconcursos.com.br\/eventos\/guia-definitivo-como-montar-um-mapa-mental\/\" target=\"_blank\" rel=\"noreferrer noopener\" aria-label=\"Como Montar Mapas Mentais (Gr\u00e1tis) (abre numa nova aba)\">Como Montar Mapas Mentais (Gr\u00e1tis)<\/a><\/li><\/ul><p><\/p>\n\n\n\n<p>As provas do MP do <a href=\"https:\/\/www.novaconcursos.com.br\/portal\/concursos-abertos\/ap\/\">Amap\u00e1 <\/a>foram aplicadas no \u00faltimo domingo, dia 1\u00ba de agosto e o<strong> resultado preliminar das quest\u00f5es<\/strong> foi publicado no site da banca organizadora, o <a href=\"https:\/\/www.cebraspe.org.br\/\" target=\"_blank\" rel=\"noreferrer noopener\" aria-label=\"Cebraspe (abre numa nova aba)\">Cebraspe<\/a>.<\/p>\n\n\n\n<p>As provas foram aplicadas para o cargos de <strong>Analista e T\u00e9cnico<\/strong> e tiveram quatro horas e meia de dura\u00e7\u00e3o, com 60 quest\u00f5es sobre Conhecimentos Gerais e Espec\u00edficos.<\/p>\n\n\n\n<p>At\u00e9 o momento, as Provas Objetivas e Discursivas foram aplicadas e as <strong>pr\u00f3ximas etapas<\/strong> a acontecer ser\u00e3o:<\/p>\n\n\n\n<ul class=\"wp-block-list\"><li>Exame de Aptid\u00e3o Psicol\u00f3gica; e<\/li><li>Avalia\u00e7\u00e3o de T\u00edtulos, que ser\u00e1 apenas para o cargo de Analista Ministerial.<\/li><\/ul><p><\/p>\n\n\n\n<h2 class=\"wp-block-heading\" id=\"panorama-geral-do-concurso-mp-ap-\">Panorama Geral do concurso MP AP <\/h2>\n\n\n\n<p>O edital do <a href=\"https:\/\/www.novaconcursos.com.br\/portal\/concursos-previstos\/ap\/\">concurso <\/a>MP AP oferta <strong>10 vagas <\/strong>para os cargos de T\u00e9cnico (de n\u00edvel m\u00e9dio) e de Analista (de n\u00edvel superior) nas seguintes <strong>especialidades<\/strong>:<\/p>\n\n\n\n<ul class=\"wp-block-list\"><li>T\u00e9cnico Ministerial \u2013 <strong>Auxiliar Administrativo<\/strong>;<\/li><li>Analista Ministerial \u2013 <strong>Tecnologia da Informa\u00e7\u00e3o<\/strong>;<\/li><li>Analista Ministerial \u2013 <strong>Servi\u00e7o Social<\/strong>;<\/li><li>Analista Ministerial \u2013<strong> Psicologia<\/strong>.<\/li><\/ul><p><\/p>\n\n\n\n<p>Al\u00e9m das 10 vagas imediatas, o edital pretende formar tamb\u00e9m um <strong>cadastro de reserva<\/strong>.<\/p>\n\n\n\n<p>Os candidatos que forem aprovados na sele\u00e7\u00e3o receber\u00e3o sal\u00e1rios iniciais de <strong>R$ 4.584,25<\/strong>, no caso dos T\u00e9cnicos, e de <strong>R$ 6.239,72<\/strong>, no caso dos Analistas.<\/p>\n\n\n\n<p>As Provas Objetivas, que j\u00e1 foram aplicadas versaram sobre as seguintes <strong>disciplinas<\/strong>:<\/p>\n\n\n\n<ul class=\"wp-block-list\"><li>L\u00edngua Portuguesa;<\/li><li>\u00c9tica na Administra\u00e7\u00e3o P\u00fablica e Legisla\u00e7\u00e3o;<\/li><li>Legisla\u00e7\u00e3o Estadual e Institucional;<\/li><li>No\u00e7\u00f5es de Direito Constitucional;<\/li><li>No\u00e7\u00f5es de Direito Administrativo; e<\/li><li>Conhecimentos Espec\u00edficos, que variam de acordo com o n\u00edvel e a especialidade do cargo concorrido.<\/li><\/ul><p><\/p>\n\n\n\n<h2 class=\"wp-block-heading\" id=\"mp-ap-tambm-aplicar-provas-para-promotores-\">MP AP tamb\u00e9m aplicar\u00e1 provas para Promotores <\/h2>\n\n\n\n<p>O concurso MP AP tamb\u00e9m oferta vagas para o cargo de <strong>Promotor<\/strong>. As <strong>provas <\/strong>para essa sele\u00e7\u00e3o est\u00e3o marcadas para o pr\u00f3ximo domingo, dia <strong>08 de agosto.<\/strong><\/p>\n\n\n\n<p>As provas ter\u00e3o dura\u00e7\u00e3o m\u00e1xima de 5 horas e os <strong>locais <\/strong>em que ser\u00e3o aplicadas j\u00e1 podem ser consultados pelos candidatos.<\/p>\n\n\n\n<p>Os inscritos ao cargo de Promotor passar\u00e3o pelas seguintes<strong> fases de avalia\u00e7\u00e3o:<\/strong><\/p>\n\n\n\n<ul class=\"wp-block-list\"><li>Inscri\u00e7\u00e3o Provis\u00f3ria;<\/li><li>Prova Preambular;<\/li><li>Prova Discursiva;<\/li><li>Inscri\u00e7\u00e3o Definitiva;<\/li><li>Prova Oral;<\/li><li>Prova de Tribuna; e<\/li><li>Avalia\u00e7\u00e3o de T\u00edtulos.<\/li><\/ul><p><\/p>\n\n\n\n<p>Para concorrer ao cargo, \u00e9 necess\u00e1rio ter forma\u00e7\u00e3o no curso superior de <strong>Direito <\/strong>e tr\u00eas anos de <strong>atividade jur\u00eddica.<\/strong><\/p>\n\n\n\n<p>O <strong>sal\u00e1rio <\/strong>inicial para essa carreira \u00e9 de <strong>R$ 30.404,42.<\/strong><\/p>","protected":false},"excerpt":{"rendered":"<p>O concurso MP AP j\u00e1 publicou os gabaritos preliminares da sele\u00e7\u00e3o de T\u00e9cnicos e Analistas. Confira! Confira: Como Montar Mapas Mentais (Gr\u00e1tis) As provas do MP do Amap\u00e1 foram aplicadas no \u00faltimo domingo, dia 1\u00ba de agosto e o resultado preliminar das quest\u00f5es foi publicado no site da banca organizadora, o Cebraspe. As provas foram [&hellip;]<\/p>\n","protected":false},"author":54673,"featured_media":122135,"comment_status":"closed","ping_status":"closed","sticky":false,"template":"","format":"standard","meta":{"_acf_changed":false,"footnotes":"","_wp_rev_ctl_limit":""},"categories":[228],"tags":[36607,39326,37203,39327,40561,40562,40560,37987,36742],"class_list":["post-139328","post","type-post","status-publish","format-standard","has-post-thumbnail","hentry","category-noticias","tag-concurso-mp-ap","tag-concursos-ap","tag-concursos-mp","tag-editais-ap","tag-editais-mp","tag-edital-mp-ap","tag-ministerio-publico-do-amapa","tag-mp-ap","tag-mpap"],"acf":[],"_links":{"self":[{"href":"https:\/\/www.novaconcursos.com.br\/portal\/wp-json\/wp\/v2\/posts\/139328","targetHints":{"allow":["GET"]}}],"collection":[{"href":"https:\/\/www.novaconcursos.com.br\/portal\/wp-json\/wp\/v2\/posts"}],"about":[{"href":"https:\/\/www.novaconcursos.com.br\/portal\/wp-json\/wp\/v2\/types\/post"}],"author":[{"embeddable":true,"href":"https:\/\/www.novaconcursos.com.br\/portal\/wp-json\/wp\/v2\/users\/54673"}],"replies":[{"embeddable":true,"href":"https:\/\/www.novaconcursos.com.br\/portal\/wp-json\/wp\/v2\/comments?post=139328"}],"version-history":[{"count":2,"href":"https:\/\/www.novaconcursos.com.br\/portal\/wp-json\/wp\/v2\/posts\/139328\/revisions"}],"predecessor-version":[{"id":139330,"href":"https:\/\/www.novaconcursos.com.br\/portal\/wp-json\/wp\/v2\/posts\/139328\/revisions\/139330"}],"wp:featuredmedia":[{"embeddable":true,"href":"https:\/\/www.novaconcursos.com.br\/portal\/wp-json\/wp\/v2\/media\/122135"}],"wp:attachment":[{"href":"https:\/\/www.novaconcursos.com.br\/portal\/wp-json\/wp\/v2\/media?parent=139328"}],"wp:term":[{"taxonomy":"category","embeddable":true,"href":"https:\/\/www.novaconcursos.com.br\/portal\/wp-json\/wp\/v2\/categories?post=139328"},{"taxonomy":"post_tag","embeddable":true,"href":"https:\/\/www.novaconcursos.com.br\/portal\/wp-json\/wp\/v2\/tags?post=139328"}],"curies":[{"name":"wp","href":"https:\/\/api.w.org\/{rel}","templated":true}]}}