{"id":139406,"date":"2021-08-04T19:52:39","date_gmt":"2021-08-04T22:52:39","guid":{"rendered":"https:\/\/www.novaconcursos.com.br\/portal\/?p=139406"},"modified":"2021-08-04T19:52:46","modified_gmt":"2021-08-04T22:52:46","slug":"concurso-seed-pr-comissao-formada","status":"publish","type":"post","link":"https:\/\/www.novaconcursos.com.br\/portal\/noticias\/concurso-seed-pr-comissao-formada\/","title":{"rendered":"Concurso SEED PR: Comiss\u00e3o organizadora para 500 vagas \u00e9 formada!"},"content":{"rendered":"<p>Depois selecionar <strong>tempor\u00e1rios em 2020<\/strong>, um <strong>novo edital<\/strong> ser\u00e1 publicado para efetivos no <a href=\"https:\/\/www.novaconcursos.com.br\/portal\/concursos\/concurso-seed-pr\/\">concurso SEED PR<\/a> (Secretaria de Estado da Educa\u00e7\u00e3o e do Esporte do Paran\u00e1). A <strong>comiss\u00e3o organizadora<\/strong> j\u00e1 est\u00e1 formada. <\/p>\n\n\n\n<ul class=\"wp-block-list\"><li><strong>Confira:<\/strong> <a rel=\"noreferrer noopener\" aria-label=\"Guia Definitivo Plano de Estudos (Gr\u00e1tis) (abre numa nova aba)\" href=\"https:\/\/www.novaconcursos.com.br\/eventos\/guia-definitivo-plano-de-estudos-passo-a-passo\/\" target=\"_blank\">Guia Definitivo Plano de Estudos (Gr\u00e1tis)<\/a><\/li><\/ul><p><\/p>\n\n\n\n<h2 class=\"wp-block-heading\" id=\"concurso-seed-pr-comisso-formada-e-edital-em-breve\">Concurso SEED PR: comiss\u00e3o formada e edital em breve<\/h2>\n\n\n\n<p>A <strong>comiss\u00e3o organizadora<\/strong> do concurso da Secretaria de Estado da Educa\u00e7\u00e3o e do Esporte do <a href=\"https:\/\/www.novaconcursos.com.br\/portal\/concursos-previstos\/pr\/\">Paran\u00e1 <\/a>foi <strong>formada<\/strong>. Agora, o edital deve sair em breve!<\/p>\n\n\n\n<p>Os nomes foram anunciados em publica\u00e7\u00e3o no <strong>Di\u00e1rio Oficial do Paran\u00e1; <\/strong>a comiss\u00e3o ficar\u00e1 respons\u00e1vel pelo\u00a0dimensionamento da demanda de vagas.<\/p>\n\n\n\n<p>Boa parte dos <strong>15 nomes<\/strong> que comp\u00f5em a comiss\u00e3o s\u00e3o da pr\u00f3pria secretaria, mas h\u00e1 ainda membros do\u00a0Grupo Or\u00e7ament\u00e1rio Financeiro e\u00a0do Setor de Manuten\u00e7\u00e3o e Transporte.  <\/p>\n\n\n\n<p>O concurso teve <strong>aval dado pelo governador em 2019<\/strong>, entretanto a sele\u00e7\u00e3o n\u00e3o andou. Com isso, o n\u00famero de vagas deve ser atualizado com um novo levantamento.<\/p>\n\n\n\n<p>A informa\u00e7\u00e3o de que o concurso <strong>n\u00e3o seria publicado em 2020<\/strong> s\u00f3 saiu em dezembro, para desespero de quem aguardava a sele\u00e7\u00e3o.<\/p>\n\n\n\n<p>Na \u00e9poca, a Secretaria afirmou que o concurso n\u00e3o seria aberto por conta da <strong>Lei Complementar 173\/2020,<\/strong> que pro\u00edbe\u00a0a realiza\u00e7\u00e3o de concursos para a cria\u00e7\u00e3o de vagas e aumento de despesas durante 2021.<\/p>\n\n\n\n<p><em>\u201cJ\u00e1 temos um concurso aprovado para oferta de 500 vagas. No entanto, a pandemia inviabilizou esse plano no momento, impedindo a realiza\u00e7\u00e3o de concurso por conta da Lei 173\/2020, pela qual n\u00e3o \u00e9 poss\u00edvel aumentar despesas correntes com pessoal\u201d<\/em>, informou.<\/p>\n\n\n\n<p>Agora, a comiss\u00e3o estudar\u00e1 um <strong>novo acordo,<\/strong> que poder\u00e1 ser enviado para o\u00a0<strong>governador Ratinho Junior.<\/strong> <\/p>\n\n\n\n<h2 class=\"wp-block-heading\" id=\"ltimo-concurso-seed-pr-aconteceu-h-8-anos\"><strong>\u00daltimo concurso SEED PR aconteceu h\u00e1 8 anos<\/strong><\/h2>\n\n\n\n<p>Publicado em <strong>2013<\/strong>, o \u00faltimo concurso da Secretaria de Educa\u00e7\u00e3o do <a href=\"https:\/\/www.novaconcursos.com.br\/portal\/concursos-abertos\/pr\/\">Paran\u00e1 <\/a>aconteceu h\u00e1 <strong>oito anos.<\/strong> Com isso, uma nova sele\u00e7\u00e3o \u00e9 vista como urgente!<\/p>\n\n\n\n<p>Foram <strong>13.771 vagas ofertadas<\/strong> em 2013, para os cargos de <strong>Professor e Pedagogo<\/strong>, ambos exigindo n\u00edvel superior.<\/p>\n\n\n\n<p>Para <strong>Professor <\/strong>foram oferecidas oportunidades nas <strong>\u00e1reas <\/strong>de Artes, Biologia, Ci\u00eancias, Educa\u00e7\u00e3o F\u00edsica, Filosofia, Geografia, Hist\u00f3ria, Espanhol,\u00a0Ingl\u00eas, L\u00edngua Portuguesa, Matem\u00e1tica, Qu\u00edmica e Sociologia. <\/p>\n\n\n\n<p>As vagas foram para lota\u00e7\u00e3o dos 32 N\u00facleos Regionais de Educa\u00e7\u00e3o (NRE\u2019s). A\u00a0<strong>remunera\u00e7\u00e3o era de R$ 1.348,94<\/strong>,\u00a0composto pelo vencimento b\u00e1sico de R$ 1.044,94, mais o vale-transporte de R$ 304.\u00a0<\/p>\n\n\n\n<p>A banca organizadora foi a <strong>Pontif\u00edcia Universidade Cat\u00f3lica do Paran\u00e1<\/strong> (PUC PR) que avaliou os candidatos por meio de cinco etapas: prova objetiva; reda\u00e7\u00e3o dissertativo-argumentativa;\u00a0prova did\u00e1tica; avalia\u00e7\u00e3o de t\u00edtulos; e an\u00e1lise m\u00e9dica.\u00a0<\/p>\n\n\n\n<p>O exame objetivo foi aplicado com <strong>40 quest\u00f5es<\/strong>, que foram montadas atrav\u00e9s das seguintes disciplinas:<\/p>\n\n\n\n<ul class=\"wp-block-list\"><li>Fundamentos da Educa\u00e7\u00e3o;<\/li><li>Conhecimento Comum; e<\/li><li>Conhecimentos Espec\u00edficos.<\/li><\/ul><p><\/p>\n\n\n\n<p>Por outro lado, a <strong>prova did\u00e1tica<\/strong> ministrou aos concorrentes uma aula de 20 minutos, avaliada por um Professor e um Pedagogo.<\/p>\n\n\n\n<h2 class=\"wp-block-heading\" id=\"seed-pr-selecionou-4-mil-temporrios-em-2020\"><strong>SEED PR selecionou 4 mil tempor\u00e1rios<\/strong> em 2020<\/h2>\n\n\n\n<p>Sem concursos para efetivos, em <strong>2020 <\/strong>a secretaria promoveu uma sele\u00e7\u00e3o com <strong>4 mil vagas tempor\u00e1rias <\/strong>para Pedagogos e Professores, em diferentes \u00e1reas.<\/p>\n\n\n\n<p>Para o cargo de <strong>Professor <\/strong>foi exigida licenciatura na \u00e1rea e outros t\u00edtulos, de acordo com a disciplina. <\/p>\n\n\n\n<p>J\u00e1 <strong>remunera\u00e7\u00e3o <\/strong>inicial variava de acordo com a jornada de trabalho e a forma\u00e7\u00e3o do profissional, por exemplo:<\/p>\n\n\n\n<ul class=\"wp-block-list\"><li><strong>Jornada de 40 horas:<\/strong><ul><li><strong>N\u00edvel superior<\/strong>: R$ 2.566,40<\/li><li><strong>Licenciatura<\/strong>: R$ 1.924,80<\/li><li><strong>Acad\u00eamicos<\/strong>: R$ 1.796,80<\/li><\/ul><\/li><\/ul><p><\/p>\n\n\n\n<p>Os candidatos foram avaliados por meio de<strong> provas objetivas e de t\u00edtulos.<\/strong>\u00a0As quest\u00f5es variavam de acordo com a fun\u00e7\u00e3o, podendo ser 40, 56 ou 72 perguntas sobre:<\/p>\n\n\n\n<ul class=\"wp-block-list\"><li>Conhecimentos b\u00e1sicos;<\/li><li>Espec\u00edficos; e\u00a0<\/li><li>Comuns a todas as \u00e1reas de Educa\u00e7\u00e3o Profissional.<\/li><\/ul><p><\/p>","protected":false},"excerpt":{"rendered":"<p>Depois selecionar tempor\u00e1rios em 2020, um novo edital ser\u00e1 publicado para efetivos no concurso SEED PR (Secretaria de Estado da Educa\u00e7\u00e3o e do Esporte do Paran\u00e1). A comiss\u00e3o organizadora j\u00e1 est\u00e1 formada. Confira: Guia Definitivo Plano de Estudos (Gr\u00e1tis) Concurso SEED PR: comiss\u00e3o formada e edital em breve A comiss\u00e3o organizadora do concurso da Secretaria [&hellip;]<\/p>\n","protected":false},"author":54671,"featured_media":139407,"comment_status":"closed","ping_status":"closed","sticky":false,"template":"","format":"standard","meta":{"_acf_changed":false,"footnotes":"","_wp_rev_ctl_limit":""},"categories":[228],"tags":[40570,40571,40568,579,36573,3726,198,2578,40569,40572,17223],"class_list":["post-139406","post","type-post","status-publish","format-standard","has-post-thumbnail","hentry","category-noticias","tag-concurso-secretaria-de-estado-da-educacao-e-do-esporte-do-parana","tag-concurso-secretaria-de-estado-da-educacao-e-do-esporte-pr","tag-concurso-seed-pr","tag-concursos","tag-concursos-2021","tag-concursos-abertos","tag-concursos-previstos","tag-concursos-publicos","tag-secretaria-de-estado-da-educacao-e-do-esporte-do-estado","tag-secretaria-de-estado-da-educacao-e-do-esporte-do-parana","tag-seed-pr"],"acf":[],"_links":{"self":[{"href":"https:\/\/www.novaconcursos.com.br\/portal\/wp-json\/wp\/v2\/posts\/139406","targetHints":{"allow":["GET"]}}],"collection":[{"href":"https:\/\/www.novaconcursos.com.br\/portal\/wp-json\/wp\/v2\/posts"}],"about":[{"href":"https:\/\/www.novaconcursos.com.br\/portal\/wp-json\/wp\/v2\/types\/post"}],"author":[{"embeddable":true,"href":"https:\/\/www.novaconcursos.com.br\/portal\/wp-json\/wp\/v2\/users\/54671"}],"replies":[{"embeddable":true,"href":"https:\/\/www.novaconcursos.com.br\/portal\/wp-json\/wp\/v2\/comments?post=139406"}],"version-history":[{"count":6,"href":"https:\/\/www.novaconcursos.com.br\/portal\/wp-json\/wp\/v2\/posts\/139406\/revisions"}],"predecessor-version":[{"id":139413,"href":"https:\/\/www.novaconcursos.com.br\/portal\/wp-json\/wp\/v2\/posts\/139406\/revisions\/139413"}],"wp:featuredmedia":[{"embeddable":true,"href":"https:\/\/www.novaconcursos.com.br\/portal\/wp-json\/wp\/v2\/media\/139407"}],"wp:attachment":[{"href":"https:\/\/www.novaconcursos.com.br\/portal\/wp-json\/wp\/v2\/media?parent=139406"}],"wp:term":[{"taxonomy":"category","embeddable":true,"href":"https:\/\/www.novaconcursos.com.br\/portal\/wp-json\/wp\/v2\/categories?post=139406"},{"taxonomy":"post_tag","embeddable":true,"href":"https:\/\/www.novaconcursos.com.br\/portal\/wp-json\/wp\/v2\/tags?post=139406"}],"curies":[{"name":"wp","href":"https:\/\/api.w.org\/{rel}","templated":true}]}}