{"id":139487,"date":"2021-08-06T09:46:34","date_gmt":"2021-08-06T12:46:34","guid":{"rendered":"https:\/\/www.novaconcursos.com.br\/portal\/?p=139487"},"modified":"2021-08-06T09:46:37","modified_gmt":"2021-08-06T12:46:37","slug":"concurso-trf-3-processo-escolha-banca-organizadora-iniciado","status":"publish","type":"post","link":"https:\/\/www.novaconcursos.com.br\/portal\/noticias\/concurso-trf-3-processo-escolha-banca-organizadora-iniciado\/","title":{"rendered":"Concurso TRF 3: Processo para escolha da banca organizadora \u00e9 iniciado!"},"content":{"rendered":"<p>A licita\u00e7\u00e3o para a <strong>contrata\u00e7\u00e3o da banca<\/strong> que ficar\u00e1 respons\u00e1vel pela organiza\u00e7\u00e3o do <a href=\"https:\/\/www.novaconcursos.com.br\/portal\/concursos\/concurso-trf-3a-regiao\/\">concurso TRF 3 <\/a>j\u00e1 se iniciou!<\/p>\n\n\n\n<ul class=\"wp-block-list\"><li><strong>Confira<\/strong>: <a href=\"https:\/\/www.novaconcursos.com.br\/eventos\/guia-definitivo-como-fazer-uma-boa-revisao\/\" target=\"_blank\" rel=\"noreferrer noopener\" aria-label=\"Como Fazer uma Boa Revis\u00e3o (Gr\u00e1tis) (abre numa nova aba)\">Como Fazer uma Boa Revis\u00e3o (Gr\u00e1tis)<\/a><\/li><\/ul><p><\/p>\n\n\n\n<p>Mesmo com a tradi\u00e7\u00e3o j\u00e1 formada em que a <strong>FCC <\/strong>(Funda\u00e7\u00e3o Carlos Chagas) organiza as sele\u00e7\u00f5es do TRF 3, os tr\u00e2mites para analisar as propostas de outras <strong>organizadoras <\/strong>est\u00e3o em andamento.<\/p>\n\n\n\n<p>Ainda n\u00e3o se tem informa\u00e7\u00f5es sobre as <strong>poss\u00edveis bancas <\/strong>participantes da licita\u00e7\u00e3o.<\/p>\n\n\n\n<ul class=\"wp-block-list\"><li><strong>Adquira<\/strong>:<a href=\"https:\/\/www.novaconcursos.com.br\/concurso\/trf-3-regiao-sao-paulo-e-mato-grosso-do-sul\/apostila\"> Apostilas Concurso TRF 3<\/a><\/li><li><strong>Adquira<\/strong>: <a href=\"https:\/\/www.novaconcursos.com.br\/concurso\/trf-3-regiao-sao-paulo-e-mato-grosso-do-sul\/curso-online\">Cursos Online Concurso TRF 3<\/a><\/li><\/ul><p><\/p>\n\n\n\n<p>O Tribunal Regional Federal da 3\u00aa Regi\u00e3o, ap\u00f3s a \u00faltima edi\u00e7\u00e3o do <a href=\"https:\/\/www.novaconcursos.com.br\/portal\/concursos-abertos\/\">concurso <\/a>de 2019, afirmou que teria planos para realizar um outro <strong>certame no segundo semestre de 2021.<\/strong><\/p>\n\n\n\n<p><em>\u201cInformamos\nque h\u00e1 previs\u00e3o de realiza\u00e7\u00e3o do concurso p\u00fablico para provimento de cargos\ndesta Justi\u00e7a Federal da 3\u00aa Regi\u00e3o no segundo semestre do presente exerc\u00edcio,\nap\u00f3s o processo licitat\u00f3rio para contrata\u00e7\u00e3o de empresa especializada,\ndivulgado nos termos do Aviso de Licita\u00e7\u00e3o do Preg\u00e3o Eletr\u00f4nico n\u00ba 028\/2021,\npublicado no Di\u00e1rio Oficial da Uni\u00e3o, Se\u00e7\u00e3o 3, de 26\/07\/2021\u201d, <\/em><em>disse o Tribunal.<\/em><\/p>\n\n\n\n<p>A <strong>expectativa <\/strong>\u00e9 de que o edital saia ainda neste ano.<\/p>\n\n\n\n<h2 class=\"wp-block-heading\" id=\"concurso-trf-3-j-tem-projeto-bsico-publicado-\">Concurso TRF 3 j\u00e1 tem projeto b\u00e1sico publicado! <\/h2>\n\n\n\n<p>Al\u00e9m do processo de licita\u00e7\u00e3o para contratar uma banca para o <a href=\"https:\/\/www.novaconcursos.com.br\/portal\/concursos-previstos\/\">concurso<\/a> TRF da 3\u00aa Regi\u00e3o (S\u00e3o Paulo e Mato Grosso do Sul), a sele\u00e7\u00e3o j\u00e1 tem o <strong>projeto b\u00e1sico<\/strong> publicado, o que aumenta a expectativa sobre a abertura do novo edital.<\/p>\n\n\n\n<p>Os <strong>cargos <\/strong>que ser\u00e3o ofertados no pr\u00f3ximo concurso, de acordo com o Projeto B\u00e1sico, s\u00e3o:<\/p>\n\n\n\n<p><strong>N\u00edvel M\u00e9dio<\/strong><\/p>\n\n\n\n<ul class=\"wp-block-list\"><li>Administrativa, na \u00e1rea de <strong>Seguran\u00e7a e Transporte<\/strong> (5 vagas para S\u00e3o Paulo capital);<\/li><li>Administrativa, na \u00e1rea de <strong>Seguran\u00e7a e Transporte <\/strong>(2 vagas para S\u00e3o Paulo interior);<\/li><li>Administrativa, na \u00e1rea de<strong> Seguran\u00e7a e Transporte<\/strong> (1 vaga para Mato Groso do Sul);<\/li><li>Apoio Especializado, na \u00e1rea de <strong>Enfermagem <\/strong>(1 vaga para S\u00e3o Paulo capital).<\/li><\/ul><p><\/p>\n\n\n\n<p><strong>N\u00edvel Superior<\/strong><\/p>\n\n\n\n<ul class=\"wp-block-list\"><li>Apoio Especializado, na \u00e1rea de <strong>Medicina\/Psiquiatria<\/strong> (1 vaga para S\u00e3o Paulo Capital);<\/li><li><strong>Medicina do Trabalho<\/strong> (1 vaga para S\u00e3o Paulo capital);<\/li><li><strong>Psicologia do Trabalho<\/strong> (1 vaga para S\u00e3o Paulo capital);<\/li><li><strong>Psicologia Cl\u00ednica <\/strong>(1 vaga S\u00e3o Paulo capital);<\/li><li><strong>Servi\u00e7o Social<\/strong> (1 vaga para S\u00e3o Paulo capital);<\/li><li><strong>Medicina Cl\u00ednica Geral<\/strong> (1 vaga para Mato Grosso do Sul).<\/li><\/ul><p><\/p>\n\n\n\n<p>O <strong>sal\u00e1rio <\/strong>para as vagas de n\u00edvel m\u00e9dio \u00e9 de <strong>R$ 7.591,37<\/strong>, enquanto o sal\u00e1rio para as carreiras de n\u00edvel superior s\u00e3o de <strong>R$ 12.455,30.<\/strong><\/p>","protected":false},"excerpt":{"rendered":"<p>A licita\u00e7\u00e3o para a contrata\u00e7\u00e3o da banca que ficar\u00e1 respons\u00e1vel pela organiza\u00e7\u00e3o do concurso TRF 3 j\u00e1 se iniciou! Confira: Como Fazer uma Boa Revis\u00e3o (Gr\u00e1tis) Mesmo com a tradi\u00e7\u00e3o j\u00e1 formada em que a FCC (Funda\u00e7\u00e3o Carlos Chagas) organiza as sele\u00e7\u00f5es do TRF 3, os tr\u00e2mites para analisar as propostas de outras organizadoras est\u00e3o [&hellip;]<\/p>\n","protected":false},"author":54673,"featured_media":130508,"comment_status":"closed","ping_status":"closed","sticky":false,"template":"","format":"standard","meta":{"_acf_changed":false,"footnotes":"","_wp_rev_ctl_limit":""},"categories":[228],"tags":[3723,16011,3726,198,40588,4047,40587,33774,10539],"class_list":["post-139487","post","type-post","status-publish","format-standard","has-post-thumbnail","hentry","category-noticias","tag-concurso-trf","tag-concurso-trf-3","tag-concursos-abertos","tag-concursos-previstos","tag-edital-trf-3","tag-trf","tag-trf-3","tag-trf-3a-regiao","tag-tribunal-regional-federal-3a-regiao"],"acf":[],"_links":{"self":[{"href":"https:\/\/www.novaconcursos.com.br\/portal\/wp-json\/wp\/v2\/posts\/139487","targetHints":{"allow":["GET"]}}],"collection":[{"href":"https:\/\/www.novaconcursos.com.br\/portal\/wp-json\/wp\/v2\/posts"}],"about":[{"href":"https:\/\/www.novaconcursos.com.br\/portal\/wp-json\/wp\/v2\/types\/post"}],"author":[{"embeddable":true,"href":"https:\/\/www.novaconcursos.com.br\/portal\/wp-json\/wp\/v2\/users\/54673"}],"replies":[{"embeddable":true,"href":"https:\/\/www.novaconcursos.com.br\/portal\/wp-json\/wp\/v2\/comments?post=139487"}],"version-history":[{"count":5,"href":"https:\/\/www.novaconcursos.com.br\/portal\/wp-json\/wp\/v2\/posts\/139487\/revisions"}],"predecessor-version":[{"id":139557,"href":"https:\/\/www.novaconcursos.com.br\/portal\/wp-json\/wp\/v2\/posts\/139487\/revisions\/139557"}],"wp:featuredmedia":[{"embeddable":true,"href":"https:\/\/www.novaconcursos.com.br\/portal\/wp-json\/wp\/v2\/media\/130508"}],"wp:attachment":[{"href":"https:\/\/www.novaconcursos.com.br\/portal\/wp-json\/wp\/v2\/media?parent=139487"}],"wp:term":[{"taxonomy":"category","embeddable":true,"href":"https:\/\/www.novaconcursos.com.br\/portal\/wp-json\/wp\/v2\/categories?post=139487"},{"taxonomy":"post_tag","embeddable":true,"href":"https:\/\/www.novaconcursos.com.br\/portal\/wp-json\/wp\/v2\/tags?post=139487"}],"curies":[{"name":"wp","href":"https:\/\/api.w.org\/{rel}","templated":true}]}}