{"id":139555,"date":"2021-08-06T18:17:24","date_gmt":"2021-08-06T21:17:24","guid":{"rendered":"https:\/\/www.novaconcursos.com.br\/portal\/?p=139555"},"modified":"2021-08-06T18:17:28","modified_gmt":"2021-08-06T21:17:28","slug":"concurso-pf-gestantes-podem-solicitar-adiamento","status":"publish","type":"post","link":"https:\/\/www.novaconcursos.com.br\/portal\/noticias\/concurso-pf-gestantes-podem-solicitar-adiamento\/","title":{"rendered":"Concurso PF: Candidatas gestantes podem solicitar adiamento de avalia\u00e7\u00e3o, confira!"},"content":{"rendered":"<p>Informa\u00e7\u00f5es importantes para as candidatas gestantes do <a href=\"https:\/\/www.novaconcursos.com.br\/portal\/concursos\/concurso-policia-federal\/\">concurso PF<\/a> (Pol\u00edcia Federal)! De acordo com documento oficial, as gestantes poder\u00e3o <strong>adiar a realiza\u00e7\u00e3o das avalia\u00e7\u00f5es de sa\u00fade<\/strong> para o concurso.<\/p>\n\n\n\n<ul class=\"wp-block-list\"><li><strong>Confira: <\/strong><a rel=\"noreferrer noopener\" aria-label=\" (abre numa nova aba)\" href=\"https:\/\/www.novaconcursos.com.br\/eventos\/curso-gratis-policia-federal\/\" target=\"_blank\">Curso Concurso Pol\u00edcia Federal \u2013 Gr\u00e1tis<\/a><\/li><\/ul><p><\/p>\n\n\n\n<p>Na \u00faltima quarta-feira, <strong>4 de agosto de 2021<\/strong>, o Di\u00e1rio da Uni\u00e3o publicou o documento que comunica que as candidatas gestantes do <a href=\"https:\/\/www.novaconcursos.com.br\/portal\/concursos-abertos\/nacional\/\">concurso<\/a> que possu\u00edrem restri\u00e7\u00f5es ou impedimentos para realizar as avalia\u00e7\u00f5es conforme o cronograma do edital, <strong>poder\u00e3o solicitar o adiamento<\/strong>. <\/p>\n\n\n\n<h2 class=\"wp-block-heading\" id=\"concurso-pf-adiamento-de-avaliaes-para-gestantes\">Concurso PF: adiamento de avalia\u00e7\u00f5es para gestantes<\/h2>\n\n\n\n<p>De acordo com a <a href=\"https:\/\/www.in.gov.br\/en\/web\/dou\/-\/edital-n-16-dgp\/pf-de-4-de-agosto-de-2021-concurso-publico-para-o-provimento-de-vagas-336508356\" target=\"_blank\" rel=\"noreferrer noopener\" aria-label=\"publica\u00e7\u00e3o (abre numa nova aba)\">publica\u00e7\u00e3o<\/a> do Di\u00e1rio, as gestantes dever\u00e3o <strong>comprovar seu estado grav\u00eddico<\/strong> por meio de envio de documento.<\/p>\n\n\n\n<p>Para o adiamento das avalia\u00e7\u00f5es de sa\u00fade, as mulheres em tal condi\u00e7\u00e3o dever\u00e3o<strong> acessar o site da banca<\/strong> organizadora, o <a rel=\"noreferrer noopener\" aria-label=\"Cebraspe (abre numa nova aba)\" href=\"https:\/\/www.cebraspe.org.br\/concursos\/pf_21\" target=\"_blank\">Cebraspe<\/a>. As orienta\u00e7\u00f5es presentes no documento s\u00e3o:<\/p>\n\n\n\n<p>a) acessar link espec\u00edfico no endere\u00e7o eletr\u00f4nico http:\/\/www.cebraspe.org.br\/concursos\/pf_21;<br>b) no campo apropriado, assinalar a sua pretens\u00e3o de adiamento da realiza\u00e7\u00e3o da avalia\u00e7\u00e3o m\u00e9dica; e<br>c) enviar, via upload, documento m\u00e9dico que comprove o seu estado grav\u00eddico.<\/p>\n\n\n\n<p>A solicita\u00e7\u00e3o pode ser feita at\u00e9 as 18 horas do dia <strong>6 de agosto de 2021<\/strong>.<\/p>\n\n\n\n<h2 class=\"wp-block-heading\" id=\"concurso-polcia-federal\">Concurso Pol\u00edcia Federal<\/h2>\n\n\n\n<p>O concurso PF teve suas<strong> inscri\u00e7\u00f5es encerradas<\/strong> no dia 9 de fevereiro de 2021. Para pessoas com defici\u00eancia, o encerramento aconteceu no dia 1 de abril.<\/p>\n\n\n\n<p>O n\u00famero de vagas oferecidas pelo concurso \u00e9 de <strong>1.500,<\/strong> distribu\u00eddas entre os cargos de <strong>Delegado, Agente, Escriv\u00e3o e Papiloscopista<\/strong> da seguinte maneira:<\/p>\n\n\n\n<ul class=\"wp-block-list\"><li><strong>Agente<\/strong>: 893 vagas;<\/li><li><strong>Delegado<\/strong>: 123 vagas;<\/li><li><strong>Escriv\u00e3o<\/strong>: 400 vagas;<\/li><li><strong>Papiloscopista<\/strong>: 84 vagas.<\/li><\/ul><p><\/p>\n\n\n\n<p>Para todos os cargos exige-se o <strong>n\u00edvel superior<\/strong> de escolaridade, e a jornada de trabalho semanal para todas as carreiras \u00e9 de <strong>40 horas<\/strong>.<\/p>\n\n\n\n<p>A remunera\u00e7\u00e3o para os cargos de Agente, Escriv\u00e3o e Papiloscopista \u00e9 de <strong>R$12.522,50<\/strong>. O cargo de Delegado, por sua vez, possui o vencimento de <strong>R$23.692,74<\/strong>.<\/p>\n\n\n\n<h2 class=\"wp-block-heading\" id=\"concurso-pf-provas\">Concurso PF: provas<\/h2>\n\n\n\n<p>A primeira etapa de avalia\u00e7\u00f5es para o concurso PF j\u00e1 aconteceu no dia <strong>23 de maio de 2021<\/strong>. Nessa data, realizaram-se as <strong>provas objetivas e discursivas<\/strong>, que contavam com 120 quest\u00f5es do tipo CERTO ou ERRADO para a prova objetiva, e a produ\u00e7\u00e3o de uma reda\u00e7\u00e3o para a discursiva.<\/p>\n\n\n\n<p>Al\u00e9m disso, a segunda etapa de avalia\u00e7\u00f5es, o <strong>Exame de Aptid\u00e3o F\u00edsica<\/strong> (TAF) tamb\u00e9m j\u00e1 ocorreu nos dias <strong>3 e 4 de julho<\/strong>. As pr\u00f3ximas etapas a serem realizadas pelos candidatos s\u00e3o: <\/p>\n\n\n\n<ul class=\"wp-block-list\"><li>Exame M\u00e9dico (eliminat\u00f3rio);<\/li><li>Prova Oral (eliminat\u00f3ria e classificat\u00f3ria, somente para Delegado);<\/li><li>Prova Pr\u00e1tica de Digita\u00e7\u00e3o (eliminat\u00f3rio, somente para Escriv\u00e3o);<\/li><li>Avalia\u00e7\u00e3o de T\u00edtulos (classificat\u00f3ria);<\/li><li>Avalia\u00e7\u00e3o Psicol\u00f3gica (eliminat\u00f3ria).<\/li><\/ul><p><\/p>\n\n\n\n<p>Segundo documento publicado pelo Cebraspe, o concurso contou com um total de <strong>321.615 inscritos<\/strong>. A carreira de <strong>Agente<\/strong> foi a mais procurada, recebendo <strong>222 mil inscri\u00e7\u00f5es<\/strong>.<\/p>","protected":false},"excerpt":{"rendered":"<p>Informa\u00e7\u00f5es importantes para as candidatas gestantes do concurso PF (Pol\u00edcia Federal)! De acordo com documento oficial, as gestantes poder\u00e3o adiar a realiza\u00e7\u00e3o das avalia\u00e7\u00f5es de sa\u00fade para o concurso. Confira: Curso Concurso Pol\u00edcia Federal \u2013 Gr\u00e1tis Na \u00faltima quarta-feira, 4 de agosto de 2021, o Di\u00e1rio da Uni\u00e3o publicou o documento que comunica que as [&hellip;]<\/p>\n","protected":false},"author":54674,"featured_media":125942,"comment_status":"closed","ping_status":"closed","sticky":false,"template":"","format":"standard","meta":{"_acf_changed":false,"footnotes":"","_wp_rev_ctl_limit":""},"categories":[228],"tags":[38662,280,36577,36944,25932,38740,38660],"class_list":["post-139555","post","type-post","status-publish","format-standard","has-post-thumbnail","hentry","category-noticias","tag-cargos-concurso-pf","tag-concurso-pf","tag-concurso-pf-2021","tag-concurso-pf-provas","tag-concurso-pf-vagas","tag-nivel-superior-concurso-pf","tag-vagas-concurso-pf"],"acf":[],"_links":{"self":[{"href":"https:\/\/www.novaconcursos.com.br\/portal\/wp-json\/wp\/v2\/posts\/139555","targetHints":{"allow":["GET"]}}],"collection":[{"href":"https:\/\/www.novaconcursos.com.br\/portal\/wp-json\/wp\/v2\/posts"}],"about":[{"href":"https:\/\/www.novaconcursos.com.br\/portal\/wp-json\/wp\/v2\/types\/post"}],"author":[{"embeddable":true,"href":"https:\/\/www.novaconcursos.com.br\/portal\/wp-json\/wp\/v2\/users\/54674"}],"replies":[{"embeddable":true,"href":"https:\/\/www.novaconcursos.com.br\/portal\/wp-json\/wp\/v2\/comments?post=139555"}],"version-history":[{"count":5,"href":"https:\/\/www.novaconcursos.com.br\/portal\/wp-json\/wp\/v2\/posts\/139555\/revisions"}],"predecessor-version":[{"id":139667,"href":"https:\/\/www.novaconcursos.com.br\/portal\/wp-json\/wp\/v2\/posts\/139555\/revisions\/139667"}],"wp:featuredmedia":[{"embeddable":true,"href":"https:\/\/www.novaconcursos.com.br\/portal\/wp-json\/wp\/v2\/media\/125942"}],"wp:attachment":[{"href":"https:\/\/www.novaconcursos.com.br\/portal\/wp-json\/wp\/v2\/media?parent=139555"}],"wp:term":[{"taxonomy":"category","embeddable":true,"href":"https:\/\/www.novaconcursos.com.br\/portal\/wp-json\/wp\/v2\/categories?post=139555"},{"taxonomy":"post_tag","embeddable":true,"href":"https:\/\/www.novaconcursos.com.br\/portal\/wp-json\/wp\/v2\/tags?post=139555"}],"curies":[{"name":"wp","href":"https:\/\/api.w.org\/{rel}","templated":true}]}}