{"id":139980,"date":"2021-09-28T08:00:37","date_gmt":"2021-09-28T11:00:37","guid":{"rendered":"https:\/\/www.novaconcursos.com.br\/portal\/?post_type=nc-public-tender&#038;p=139980"},"modified":"2024-12-16T09:58:36","modified_gmt":"2024-12-16T12:58:36","slug":"concurso-crt-rn","status":"publish","type":"post","link":"https:\/\/www.novaconcursos.com.br\/portal\/concursos\/concurso-crt-rn\/","title":{"rendered":"Concurso CRT RN: Novo edital j\u00e1 tem banca escolhida!"},"content":{"rendered":"<p>Novo <strong>concurso CRT RN (Conselho Regional dos T\u00e9cnicos Industriais do Rio Grande do Norte)<\/strong> conta com edital publicado e oferta de 110 vagas.<\/p>\n<p>As oportunidades est\u00e3o distribu\u00eddas pelos cargos de\u00a0<strong>agente administrativo, de n\u00edvel m\u00e9dio, e agende fiscaliza\u00e7\u00e3o, de n\u00edvel m\u00e9dio t\u00e9cnico.\u00a0<\/strong><\/p>\n<ul><li><a class=\"_ps2id\" href=\"#inscri%C3%A7%C3%B5es\" data-ps2id-offset=\"\">Inscri\u00e7\u00f5es e isen\u00e7\u00e3o da taxa\u00a0<\/a><\/li>\n<li><a class=\"_ps2id\" href=\"#carreira\" data-ps2id-offset=\"\">Carreira<\/a><\/li>\n<li><a class=\"_ps2id\" href=\"#sobre\" data-ps2id-offset=\"\">Sobre o CRT RN<\/a><\/li>\n<li><a class=\"_ps2id\" href=\"#prova\" data-ps2id-offset=\"\">Como ser\u00e1 a prova\u00a0<\/a>\n<ul><li><a class=\"_ps2id\" href=\"#objetiva\" data-ps2id-offset=\"\">Prova Objetiva\u00a0<\/a><\/li>\n<\/ul><\/li>\n<li><a class=\"_ps2id\" href=\"#%C3%BAltimo\" data-ps2id-offset=\"\">\u00daltimo concurso<\/a><\/li>\n<\/ul><h2 id=\"\"><\/h2>\n<h2 id=\"ps2id-idinscries-targetcomo-realizar-as-inscries-do-concurso\">[ps2id id=\u2019inscri\u00e7\u00f5es\u2019 target=\u201d\/]Como realizar as inscri\u00e7\u00f5es do concurso CRT RN?<\/h2>\n<p>Os interessados poder\u00e3o realizar as inscri\u00e7\u00f5es do dia <strong>28 de setembro ao dia 8 de novembro<\/strong>, atrav\u00e9as do<a href=\"http:\/\/www.quadrix.org.br\/todos-os-concursos\/inscricoes-abertas\/crtrn2021.aspx\" target=\"_blank\" rel=\"noopener noreferrer\"> site da banca organizadora, Instituto Quadrix.<\/a><\/p>\n<p>Para participar \u00e9 preciso pagar uma taxa de<strong> R$ 55,00 (n\u00edvel m\u00e9dio)<\/strong> ou <strong>R$ 58,00 (n\u00edvel m\u00e9dio t\u00e9cnico)<\/strong>, at\u00e9 o dia 9 de novembro.<\/p>\n<p>J\u00e1 a <strong>isen\u00e7\u00e3o da taxa<\/strong> poder\u00e1 ser solicitada por inscritos no Cadastro \u00danico para Programas Sociais do Governo Federal (Cad\u00danico) e doadores de medula \u00f3ssea. Os pedidos podem ser realizados \u00a0<strong>at\u00e9 as 18h do dia 1\u00ba de outubro<\/strong>.<\/p>\n<h2 id=\"ps2id-idcarreira-targetconcurso-crt-rn-carreira\">[ps2id id=\u2019carreira\u2019 target=\u201d\/]Concurso CRT RN: carreira<\/h2>\n<p>S\u00e3o ofertadas ao todo <strong>110 vagas<\/strong>, sendo 11 imediatas e 99 em cadastro de reserva.<\/p>\n<p>As oportunidades est\u00e3o distribu\u00eddas pelos cargos de <strong>Agente Administrativo, de n\u00edvel m\u00e9dio, e Agende Fiscaliza\u00e7\u00e3o, de n\u00edvel m\u00e9dio t\u00e9cnico<\/strong>. Nesse \u00faltimo caso, os candidatos devem ter o curso\u00a0em T\u00e9cnico Industrial, registro ativo na \u00e1rea e\u00a0CNH, no m\u00ednimo,\u00a0na categoria \u201cB\u201d.<\/p>\n<p>Os\u00a0<strong>ganhos s\u00e3o de R$ 1.550 e R$ 2.500, respectivamente<\/strong>. Al\u00e9m da remunera\u00e7\u00e3o, os aprovados ter\u00e3o direito ao vale-transporte e ao vale-alimenta\u00e7\u00e3o, no valor de R$400 por m\u00eas.<\/p>\n<p>J\u00e1 as oportunidades est\u00e3o distribu\u00eddas pelas cidades de\u00a0Natal e Mossor\u00f3, no\u00a0Rio Grande do Norte. Os aprovados ser\u00e3o contratados de acordo com o regime da\u00a0Consolida\u00e7\u00e3o das Leis dos Trabalho (CLT).<\/p>\n<h2 id=\"ps2id-idsobre-targetsobre-o-crt-rn\">[ps2id id=\u2019sobre\u2019 target=\u201d\/]Sobre o CRT RN<\/h2>\n<p>H\u00e1 mais de quatro d\u00e9cadas que um grupo de t\u00e9cnicos iniciou um trabalho pela regulamenta\u00e7\u00e3o profissional da categoria \u2013 Lei n\u00ba 5.524\/1968 e Decreto n\u00ba 90.922\/1985, e a cria\u00e7\u00e3o do conselho pr\u00f3prio. Em 26 de mar\u00e7o de 2018, a san\u00e7\u00e3o presidencial da Lei n\u00ba 13.639\/2018 representa n\u00e3o somente mais uma conquista hist\u00f3rica, mas principalmente a concretiza\u00e7\u00e3o de um ciclo pol\u00edtico e o in\u00edcio de uma nova \u00e9poca, com mais seguran\u00e7a \u00e0 sociedade e valoriza\u00e7\u00e3o profissional para milh\u00f5es de t\u00e9cnicos, devidamente reconhecidos como profissionais imprescind\u00edveis para o desenvolvimento do pa\u00eds.<\/p>\n<h2 id=\"ps2id-idprova-targetcomo-ser-a-prova-do-concurso-crt-rn\">[ps2id id=\u2019prova\u2019 target=\u201d\/]Como ser\u00e1 a prova do concurso CRT RN?<\/h2>\n<p>Os candidatos er\u00e3o avaliados por\u00a0 etapa \u00fanica, sendo ela a aplica\u00e7\u00e3o das provas objetivas. A avalia\u00e7\u00e3o ser\u00e1 realizada nas cidades de Mossor\u00f3 e Natal.<\/p>\n<p>A avalia\u00e7\u00e3o<strong>\u00a0est\u00e1 previsto para o dia 5 de dezembro<\/strong>, nos turno da tarde, com tr\u00eas horas e meia de dura\u00e7\u00e3o<\/p>\n<h3 id=\"objetiva\">[ps2id id=\u2019objetiva\u2019 target=\u201d\/]Prova Objetiva<\/h3>\n<p>A prova objetiva, avaliar\u00e1 as habilidades e os conhecimentos do candidato e ser\u00e1 composta de 120 itens.\u00a0 Cada \u00e1rea de conhecimento ser\u00e1 constitu\u00edda de itens para julgamento, agrupados por comandos que dever\u00e3o ser respeitados. O julgamento de cada item ser\u00e1 CERTO ou ERRADO, de acordo com o(s) comando(s) a que se refere o item.<\/p>\n<p>Haver\u00e1, no cart\u00e3o-resposta, para cada item, duas \u00e1reas de marca\u00e7\u00e3o: a \u00e1rea designada com a letra C, que dever\u00e1 ser preenchida pelo candidato caso julgue o item CERTO, e a \u00e1rea designada com a letra E, que dever\u00e1 ser preenchida pelo candidato caso julgue o item ERRADO.<\/p>\n<p>Confira a seguir as disciplinas que ser\u00e3o cobradas:<\/p>\n<ul><li><strong>Conhecimentos B\u00e1sicos \u2013 40 quest\u00f5es<\/strong>\n<ul><li>L\u00edngua Portuguesa;<\/li>\n<li>No\u00e7\u00f5es de Inform\u00e1tica;<\/li>\n<li>Racioc\u00ednio L\u00f3gico e Matem\u00e1tica.<\/li>\n<\/ul><\/li>\n<li><strong>Conhecimentos Complementares \u2013 30 quest\u00f5es<\/strong>\n<ul><li>Legisla\u00e7\u00e3o e \u00c9tica na Administra\u00e7\u00e3o P\u00fablica;<\/li>\n<li>No\u00e7\u00f5es de Direito Constitucional.<\/li>\n<\/ul><\/li>\n<li><strong>Conhecimentos Espec\u00edficos \u2013 50 quest\u00f5es<\/strong>.<\/li>\n<\/ul><p>\u00a0<\/p>\n<p>A nota em cada item da prova objetiva ser\u00e1 igual a: 1,00 ponto positivo, caso a resposta do candidato esteja em concord\u00e2ncia com o gabarito oficial definitivo da prova; 1,00 ponto negativo, caso a resposta do candidato esteja em discord\u00e2ncia com o gabarito oficial definitivo da prova; 0,00, caso n\u00e3o haja marca\u00e7\u00e3o ou haja marca\u00e7\u00e3o dupla (C e E).<\/p>\n<p>Ser\u00e1\u00a0<strong>aprovado<\/strong>\u00a0na prova objetiva o candidato que,\u00a0cumulativamente:<br>\na) obtiver\u00a0<strong>nota igual ou superior a 8,00 pontos na \u00e1rea de Conhecimentos B\u00e1sicos<\/strong>;<br>\nb) obtiver\u00a0<strong>nota igual ou superior a 6,00 pontos na \u00e1rea de Conhecimentos Complementares<\/strong>;<br>\nc) obtiver\u00a0<strong>nota igual ou superior a 10,00 pontos na \u00e1rea de Conhecimentos Espec\u00edficos<\/strong>; e<br>\nd) obtiver\u00a0<strong>nota igual ou superior a 30,00 pontos na prova objetiva<\/strong>.<\/p>\n<h2 id=\"ps2id-idltimo-targetltimo-concurso-crt-rn\">[ps2id id=\u2019\u00faltimo\u2019 target=\u201d\/]\u00daltimo concurso CRT RN<\/h2>\n<p>Realizado em 2019, o \u00faltimo concurso CRT RN contou com a contrata\u00e7\u00e3o de pessoal em car\u00e1ter tempor\u00e1rio para o cargo de\u00a0<strong>profissionais na \u00e1rea de fiscaliza\u00e7\u00e3o<\/strong>. Na ocasi\u00e3o foram ofertadas\u00a0seis oportunidades, sendo quatro para contrata\u00e7\u00f5es imediatas e duas para formar cadastro reserva de pessoal.<\/p>\n<p>Para concorrer a uma das vagas, foi exigida forma\u00e7\u00e3o de\u00a0<strong>ensino t\u00e9cnico<\/strong>, com remunera\u00e7\u00e3o inicial de R$ 2.150, com jornada de trabalho de 40 horas semanais.<\/p>\n<p>A sele\u00e7\u00e3o foi realizada por meio de<strong>\u00a0an\u00e1lise curricular.<\/strong><\/p>","protected":false},"excerpt":{"rendered":"<p>Novo concurso CRT RN (Conselho Regional dos T\u00e9cnicos Industriais do Rio Grande do Norte) conta com edital publicado e oferta de 110 vagas.<\/p>\n<p>As oportunidades est\u00e3o distribu\u00eddas pelos cargos de\u00a0agente administrativo, de n\u00edvel m\u00e9dio, e agende fiscaliza\u00e7\u00e3o, de n\u00edvel m\u00e9dio t\u00e9cnico.\u00a0<\/p>\n","protected":false},"author":54662,"featured_media":139981,"comment_status":"closed","ping_status":"closed","sticky":false,"template":"","format":"standard","meta":{"_acf_changed":false,"footnotes":"","_wp_rev_ctl_limit":""},"categories":[44999],"tags":[],"class_list":["post-139980","post","type-post","status-publish","format-standard","has-post-thumbnail","hentry","category-concursos"],"acf":[],"_links":{"self":[{"href":"https:\/\/www.novaconcursos.com.br\/portal\/wp-json\/wp\/v2\/posts\/139980","targetHints":{"allow":["GET"]}}],"collection":[{"href":"https:\/\/www.novaconcursos.com.br\/portal\/wp-json\/wp\/v2\/posts"}],"about":[{"href":"https:\/\/www.novaconcursos.com.br\/portal\/wp-json\/wp\/v2\/types\/post"}],"author":[{"embeddable":true,"href":"https:\/\/www.novaconcursos.com.br\/portal\/wp-json\/wp\/v2\/users\/54662"}],"replies":[{"embeddable":true,"href":"https:\/\/www.novaconcursos.com.br\/portal\/wp-json\/wp\/v2\/comments?post=139980"}],"version-history":[{"count":5,"href":"https:\/\/www.novaconcursos.com.br\/portal\/wp-json\/wp\/v2\/posts\/139980\/revisions"}],"predecessor-version":[{"id":144249,"href":"https:\/\/www.novaconcursos.com.br\/portal\/wp-json\/wp\/v2\/posts\/139980\/revisions\/144249"}],"wp:featuredmedia":[{"embeddable":true,"href":"https:\/\/www.novaconcursos.com.br\/portal\/wp-json\/wp\/v2\/media\/139981"}],"wp:attachment":[{"href":"https:\/\/www.novaconcursos.com.br\/portal\/wp-json\/wp\/v2\/media?parent=139980"}],"wp:term":[{"taxonomy":"category","embeddable":true,"href":"https:\/\/www.novaconcursos.com.br\/portal\/wp-json\/wp\/v2\/categories?post=139980"},{"taxonomy":"post_tag","embeddable":true,"href":"https:\/\/www.novaconcursos.com.br\/portal\/wp-json\/wp\/v2\/tags?post=139980"}],"curies":[{"name":"wp","href":"https:\/\/api.w.org\/{rel}","templated":true}]}}