{"id":140181,"date":"2021-08-12T14:48:52","date_gmt":"2021-08-12T17:48:52","guid":{"rendered":"https:\/\/www.novaconcursos.com.br\/portal\/?p=140181"},"modified":"2021-08-12T14:48:57","modified_gmt":"2021-08-12T17:48:57","slug":"concurso-core-pr-confira-locais-de-prova","status":"publish","type":"post","link":"https:\/\/www.novaconcursos.com.br\/portal\/noticias\/concurso-core-pr-confira-locais-de-prova\/","title":{"rendered":"Concurso Core PR: Confira os locais de prova!"},"content":{"rendered":"<p>As provas do <a href=\"https:\/\/www.novaconcursos.com.br\/portal\/concursos\/concurso-core-pr\/\">concurso Core PR <\/a>acontecer\u00e3o no pr\u00f3ximo fim de semana e os <strong>locais de aplica\u00e7\u00e3o de prova<\/strong> j\u00e1 foram divulgados!<\/p>\n\n\n\n<ul class=\"wp-block-list\"><li><strong>Confira<\/strong>: <a href=\"https:\/\/www.novaconcursos.com.br\/eventos\/guia-definitivo-como-montar-um-mapa-mental\/\" target=\"_blank\" rel=\"noreferrer noopener\" aria-label=\"Como Montar Mapas Mentais (Gr\u00e1tis) (abre numa nova aba)\">Como Montar Mapas Mentais (Gr\u00e1tis)<\/a><\/li><\/ul><p><\/p>\n\n\n\n<p>O concurso do Conselho Regional de Representantes Comerciais do <a href=\"https:\/\/www.novaconcursos.com.br\/portal\/concursos-abertos\/pr\/\">Paran\u00e1 <\/a>est\u00e1 com seus exames marcados para o pr\u00f3ximo domino, dia <strong>15 de agosto<\/strong>, e os candidatos <strong>j\u00e1 podem consultar os locais<\/strong> em que realizar\u00e3o as provas.<\/p>\n\n\n\n<ul class=\"wp-block-list\"><li><strong>Adquira<\/strong>: <a href=\"https:\/\/www.novaconcursos.com.br\/concurso\/core-pr-conselho-regional-dos-representantes-comerciais-no-estado-do-parana\/apostila\">Apostila Concurso Core PR<\/a><\/li><\/ul><p><\/p>\n\n\n\n<p>Informa\u00e7\u00f5es como o local e o hor\u00e1rio de prova podem ser encontrados no site da banca organizadora, o<a href=\"http:\/\/www.quadrix.org.br\/\" target=\"_blank\" rel=\"noreferrer noopener\" aria-label=\" Instituto Quadrix (abre numa nova aba)\"> Instituto Quadrix<\/a>.<\/p>\n\n\n\n<p>As <strong>avalia\u00e7\u00f5es<\/strong> ter\u00e3o dura\u00e7\u00e3o de tr\u00eas horas e meia e acontecer\u00e3o no per\u00edodo da manh\u00e3 para o n\u00edvel superior e na parte da tarde para o n\u00edvel m\u00e9dio.<\/p>\n\n\n\n<p>\u00c9 indicado que os candidatos estejam no local de prova <strong>uma hora antes do hor\u00e1rio <\/strong>marcado.<\/p>\n\n\n\n<h2 class=\"wp-block-heading\" id=\"concurso-core-pr-panorama-geral-\">Concurso Core PR: Panorama Geral <\/h2>\n\n\n\n<p>O concurso Core PR oferta<strong> 80 vagas<\/strong> para o n\u00edvel m\u00e9dio e superior. Os <strong>cargos <\/strong>presentes neste edital s\u00e3o:<\/p>\n\n\n\n<ul class=\"wp-block-list\"><li><strong>Assistente Administrativo<\/strong> J\u00fanior (n\u00edvel m\u00e9dio; 2 vagas + 18 CR);<\/li><li><strong>Fiscal<\/strong> J\u00fanior (n\u00edvel m\u00e9dio; 2 vagas + 18 CR);<\/li><li><strong>Analista Cont\u00e1bil <\/strong>J\u00fanior (n\u00edvel superior; 1 vaga + 14 CR);<\/li><li><strong>Assessor Jur\u00eddico<\/strong> J\u00fanior (n\u00edvel superior; 1 vaga + 14 CR); e<\/li><li><strong>Analista<\/strong> de Tecnologia da Informa\u00e7\u00e3o (n\u00edvel superior; 10 CR).<\/li><\/ul><p><\/p>\n\n\n\n<p>Os sal\u00e1rios variam entre<strong> R$ 1.387,77 e R$ 3.500,00.<\/strong><\/p>\n\n\n\n<h2 class=\"wp-block-heading\" id=\"qual-ser-a-estrutura-das-avaliaes-do-concurso-core-pr-\">Qual ser\u00e1 a estrutura das avalia\u00e7\u00f5es do concurso Core PR? <\/h2>\n\n\n\n<p>Os candidatos ser\u00e3o avaliados por meio de <strong>Provas Objetivas<\/strong>, obrigat\u00f3rias para todos os cargos, e uma <strong>Avalia\u00e7\u00e3o de T\u00edtulo<\/strong>, somente para os cargos de n\u00edvel superior.<\/p>\n\n\n\n<p>A <strong>Prova Objetiva <\/strong>ser\u00e1 formada por 120 quest\u00f5es sobre Conhecimentos B\u00e1sicos, Conhecimentos Complementares e Conhecimentos Espec\u00edficos.<\/p>\n\n\n\n<p>A <strong>Avalia\u00e7\u00e3o T\u00edtulo<\/strong> ter\u00e1 car\u00e1ter eliminat\u00f3rio e ser\u00e1 exigida a documenta\u00e7\u00e3o somente dos candidatos que forem aprovados na Prova Objetiva.<\/p>\n\n\n\n<h2 class=\"wp-block-heading\" id=\"ltima-edio-do-concurso-core-pr-\">\u00daltima edi\u00e7\u00e3o do concurso Core PR <\/h2>\n\n\n\n<p>A \u00faltima edi\u00e7\u00e3o do concurso do Conselho Regional de Representantes Comerciais do <a href=\"https:\/\/www.novaconcursos.com.br\/portal\/concursos-previstos\/pr\/\">Paran\u00e1 <\/a>aconteceu em <strong>2007 <\/strong>e ofertou vagas de n\u00edvel m\u00e9dio em car\u00e1ter de<strong> cadastro de reserva.<\/strong><\/p>\n\n\n\n<p>Na \u00e9poca, a <strong>banca organizadora<\/strong> foi o Instituto Superior de Educa\u00e7\u00e3o, Tecnologia e Pesquisa Saber Ltda.<\/p>\n\n\n\n<p>Os candidatos foram avaliados por meio de <strong>Prova Objetiva.<\/strong><\/p>\n\n\n\n<p>Os <strong>cargos <\/strong>ofertados foram de Supervisor Administrativo e Assistente Administrativo, cujos sal\u00e1rios eram de <strong>R$ 567,00 e R$ 773,00<\/strong>. Tamb\u00e9m foram ofertados os seguintes <strong>benef\u00edcios <\/strong>aos contratados:<\/p>\n\n\n\n<ul class=\"wp-block-list\"><li>Plano de Sa\u00fade;<\/li><li>Vale Transporte;<\/li><li>Vale Refei\u00e7\u00e3o; e<\/li><li>Aux\u00edlio Creche.<\/li><\/ul><p><\/p>","protected":false},"excerpt":{"rendered":"<p>As provas do concurso Core PR acontecer\u00e3o no pr\u00f3ximo fim de semana e os locais de aplica\u00e7\u00e3o de prova j\u00e1 foram divulgados! Confira: Como Montar Mapas Mentais (Gr\u00e1tis) O concurso do Conselho Regional de Representantes Comerciais do Paran\u00e1 est\u00e1 com seus exames marcados para o pr\u00f3ximo domino, dia 15 de agosto, e os candidatos j\u00e1 [&hellip;]<\/p>\n","protected":false},"author":54673,"featured_media":136946,"comment_status":"closed","ping_status":"closed","sticky":false,"template":"","format":"standard","meta":{"_acf_changed":false,"footnotes":"","_wp_rev_ctl_limit":""},"categories":[228],"tags":[39990,37580,40682,40681,38336,40683],"class_list":["post-140181","post","type-post","status-publish","format-standard","has-post-thumbnail","hentry","category-noticias","tag-concurso-core-pr","tag-concursos-pr","tag-conselho-regional-de-representantes-comerciais","tag-core-pr","tag-editais-pr","tag-edital-core-pr"],"acf":[],"_links":{"self":[{"href":"https:\/\/www.novaconcursos.com.br\/portal\/wp-json\/wp\/v2\/posts\/140181","targetHints":{"allow":["GET"]}}],"collection":[{"href":"https:\/\/www.novaconcursos.com.br\/portal\/wp-json\/wp\/v2\/posts"}],"about":[{"href":"https:\/\/www.novaconcursos.com.br\/portal\/wp-json\/wp\/v2\/types\/post"}],"author":[{"embeddable":true,"href":"https:\/\/www.novaconcursos.com.br\/portal\/wp-json\/wp\/v2\/users\/54673"}],"replies":[{"embeddable":true,"href":"https:\/\/www.novaconcursos.com.br\/portal\/wp-json\/wp\/v2\/comments?post=140181"}],"version-history":[{"count":3,"href":"https:\/\/www.novaconcursos.com.br\/portal\/wp-json\/wp\/v2\/posts\/140181\/revisions"}],"predecessor-version":[{"id":140185,"href":"https:\/\/www.novaconcursos.com.br\/portal\/wp-json\/wp\/v2\/posts\/140181\/revisions\/140185"}],"wp:featuredmedia":[{"embeddable":true,"href":"https:\/\/www.novaconcursos.com.br\/portal\/wp-json\/wp\/v2\/media\/136946"}],"wp:attachment":[{"href":"https:\/\/www.novaconcursos.com.br\/portal\/wp-json\/wp\/v2\/media?parent=140181"}],"wp:term":[{"taxonomy":"category","embeddable":true,"href":"https:\/\/www.novaconcursos.com.br\/portal\/wp-json\/wp\/v2\/categories?post=140181"},{"taxonomy":"post_tag","embeddable":true,"href":"https:\/\/www.novaconcursos.com.br\/portal\/wp-json\/wp\/v2\/tags?post=140181"}],"curies":[{"name":"wp","href":"https:\/\/api.w.org\/{rel}","templated":true}]}}