{"id":140266,"date":"2021-08-13T09:51:03","date_gmt":"2021-08-13T12:51:03","guid":{"rendered":"https:\/\/www.novaconcursos.com.br\/portal\/?p=140266"},"modified":"2021-08-13T09:51:39","modified_gmt":"2021-08-13T12:51:39","slug":"concurso-policia-penal-al-edital-sera-republicado","status":"publish","type":"post","link":"https:\/\/www.novaconcursos.com.br\/portal\/noticias\/concurso-policia-penal-al-edital-sera-republicado\/","title":{"rendered":"Concurso Pol\u00edcia Penal AL: Edital ser\u00e1 republicado e provas aplicadas em novembro!"},"content":{"rendered":"<p>Aten\u00e7\u00e3o concurseiros! De acordo com a Seplag, o<a href=\"https:\/\/www.novaconcursos.com.br\/portal\/concursos\/concurso-agepen-al\/\"> concurso Pol\u00edcia Penal AL <\/a>ter\u00e1 <strong>edital republicado ainda este m\u00eas e provas em novembro.<\/strong><\/p>\n\n\n\n<ul class=\"wp-block-list\"><li><strong>Confira: <\/strong><a href=\"https:\/\/www.novaconcursos.com.br\/eventos\/guia-definitivo-como-fazer-uma-boa-revisao\/\" target=\"_blank\" rel=\"noreferrer noopener\" aria-label=\"Material gr\u00e1tis - Guia Definitivo Como fazer uma boa revis\u00e3o!  (abre numa nova aba)\">Material gr\u00e1tis \u2013 Guia Definitivo Como fazer uma boa revis\u00e3o! <\/a> <\/li><\/ul><p><\/p>\n\n\n\n<p>No \u00faltimo dia 10 de agosto, a sele\u00e7\u00e3o foi\u00a0<strong>suspensa\u00a0<\/strong>devido a uma liminar que pedia a\u00a0<strong>republica\u00e7\u00e3o do edital<\/strong>, para ser apresentada a devida <strong>reserva de vagas para Pessoas com Defici\u00eancia. <\/strong><\/p>\n\n\n\n<ul class=\"wp-block-list\"><li><strong>Adquira:<\/strong> <a href=\"https:\/\/www.novaconcursos.com.br\/apostila\/policia-penal-al-agente-penitenciario\">Apostila completa Pol\u00edcia Penal AL<\/a><\/li><li><strong>Adquira: <\/strong><a href=\"https:\/\/www.novaconcursos.com.br\/curso-online\/policia-penal-al\">Curso online completo Pol\u00edcia Penal AL<\/a><\/li><\/ul><h2 class=\"wp-block-heading\" id=\"novidades-sobre-o-concurso-polcia-penal-al\">Novidades sobre o concurso Pol\u00edcia Penal AL<\/h2>\n\n\n\n<p>Na \u00faltima quinta-feira, 12, o Secret\u00e1rio de Planejamento, Gest\u00e3o e Patrim\u00f4nio do<a href=\"https:\/\/www.novaconcursos.com.br\/portal\/concursos-abertos\/al\/\"> Estado de Alagoas<\/a>,\u00a0Fabr\u00edcio Marques, se prenunciou sobre a <strong>suspens\u00e3o do concurso e afirmou que o edital ser\u00e1 republicado<\/strong>.  <\/p>\n\n\n\n<p>Sendo assim, <strong>o edital contar\u00e1 com a reserva de 20% das vagas para  Pessoas com Defici\u00eancia (PcDs)<\/strong>,  seguindo a decis\u00e3o judicial,  que foi determinada ap\u00f3s uma\u00a0A\u00e7\u00e3o Civil P\u00fablica (ACP) ajuizada pelo Minist\u00e9rio P\u00fablico Estadual. <\/p>\n\n\n\n<p>Ainda de acordo com Fabr\u00edcio Marques, <strong>o edital ser\u00e1 publicado ainda este m\u00eas<\/strong>, dentro das pr\u00f3ximas duas semanas. Em rela\u00e7\u00e3o \u00e0s <strong>provas<\/strong>, agora elas est\u00e3o previstas para serem aplicadas no <strong>m\u00eas de novembro<\/strong>.<\/p>\n\n\n\n<p><em>\u201cAp\u00f3s nos reunirmos com a comiss\u00e3o t\u00e9cnica, decidimos por atender a demanda e republicar o edital, assim democratizamos o certame e oferecemos ainda mais oportunidades neste momento t\u00e3o delicado\u201d<\/em>, disse a Seplag.<\/p>\n\n\n\n<p>Vale lembrar que a <a href=\"https:\/\/www.novaconcursos.com.br\/portal\/concursos-previstos\/al\/\">sele\u00e7\u00e3o<\/a> conta com <strong>300 vagas para o cargo de Policial Penal<\/strong>, antigo cargo de Agente Penitenci\u00e1rio.  A carreira exige o<strong>\u00a0n\u00edvel superior<\/strong>\u00a0dos candidatos e tem ganhos iniciais de\u00a0<strong>R$3.800,00<\/strong>.\u00a0 <\/p>\n\n\n\n<h2 class=\"wp-block-heading\" id=\"como-sero-as-provas-do-concurso-polcia-penal-al\">Como ser\u00e3o as provas do concurso Pol\u00edcia Penal AL?<\/h2>\n\n\n\n<p>Todos os candidatos ser\u00e3o avaliados pelas seguintes etapas:<\/p>\n\n\n\n<ul class=\"wp-block-list\"><li>Prova objetiva<\/li><li>Teste de aptid\u00e3o f\u00edsica<\/li><li>Avalia\u00e7\u00e3o m\u00e9dica das condi\u00e7\u00f5es de sa\u00fade f\u00edsica e mental<\/li><li>Comprova\u00e7\u00e3o documental<\/li><li>Investiga\u00e7\u00e3o social<\/li><\/ul><p><\/p>\n\n\n\n<h3 class=\"wp-block-heading\">Provas Objetivas<\/h3>\n\n\n\n<p>As provas objetivas s\u00e3o de car\u00e1ter eliminat\u00f3rio e classificat\u00f3rio, compostas por 120 quest\u00f5es de julgamento de Certo ou Errado.<\/p>\n\n\n\n<p>Elas ser\u00e3o realizadas em novembro\u00a0e ter\u00e3o dura\u00e7\u00e3o de 3 horas e 30 minutos. Confira as disciplinas que compor\u00e3o as provas:<\/p>\n\n\n\n<p><strong>Conhecimentos Gerais (30 quest\u00f5es)<\/strong><\/p>\n\n\n\n<ul class=\"wp-block-list\"><li>L\u00edngua Portuguesa;<\/li><li>Atualidades;<\/li><li>\u00c9tica no Servi\u00e7o P\u00fablico;<\/li><li>No\u00e7\u00f5es de Inform\u00e1tica; e<\/li><li>Racioc\u00ednio L\u00f3gico.<\/li><\/ul><p><\/p>\n\n\n\n<p><strong>Conhecimentos Complementares (30 quest\u00f5es)<\/strong><\/p>\n\n\n\n<ul class=\"wp-block-list\"><li>Execu\u00e7\u00e3o Penal;<\/li><li>No\u00e7\u00f5es de Direitos Humanos e Participa\u00e7\u00e3o Social; e<\/li><li>Legisla\u00e7\u00e3o Estadual.<\/li><\/ul><p><\/p>\n\n\n\n<p><strong>Conhecimentos Espec\u00edficos (60 quest\u00f5es)<\/strong><\/p>\n\n\n\n<ul class=\"wp-block-list\"><li>Direito Administrativo;<\/li><li>Direito Constitucional;<\/li><li>Direito Penal;<\/li><li>Direito Processual Penal;<\/li><li>Legisla\u00e7\u00e3o Especial;<\/li><li>Hist\u00f3ria Geral, de Alagoas e do Brasil; e<\/li><li>Geografia Geral, de Alagoas e do Brasil.<\/li><\/ul>","protected":false},"excerpt":{"rendered":"<p>Aten\u00e7\u00e3o concurseiros! De acordo com a Seplag, o concurso Pol\u00edcia Penal AL ter\u00e1 edital republicado ainda este m\u00eas e provas em novembro. Confira: Material gr\u00e1tis \u2013 Guia Definitivo Como fazer uma boa revis\u00e3o! No \u00faltimo dia 10 de agosto, a sele\u00e7\u00e3o foi\u00a0suspensa\u00a0devido a uma liminar que pedia a\u00a0republica\u00e7\u00e3o do edital, para ser apresentada a devida [&hellip;]<\/p>\n","protected":false},"author":54662,"featured_media":128521,"comment_status":"closed","ping_status":"closed","sticky":false,"template":"","format":"standard","meta":{"_acf_changed":false,"footnotes":"","_wp_rev_ctl_limit":""},"categories":[228],"tags":[36688,37079,40697,37714,40698,37636],"class_list":["post-140266","post","type-post","status-publish","format-standard","has-post-thumbnail","hentry","category-noticias","tag-concurso-policia-penal-al","tag-edital-concurso-policia-penal-al","tag-mudancas-no-concurso-policia-penal-al","tag-provas-concurso-policia-penal-al","tag-situacao-atual-concurso-policia-penal-al","tag-vagas-concurso-policia-penal-al"],"acf":[],"_links":{"self":[{"href":"https:\/\/www.novaconcursos.com.br\/portal\/wp-json\/wp\/v2\/posts\/140266","targetHints":{"allow":["GET"]}}],"collection":[{"href":"https:\/\/www.novaconcursos.com.br\/portal\/wp-json\/wp\/v2\/posts"}],"about":[{"href":"https:\/\/www.novaconcursos.com.br\/portal\/wp-json\/wp\/v2\/types\/post"}],"author":[{"embeddable":true,"href":"https:\/\/www.novaconcursos.com.br\/portal\/wp-json\/wp\/v2\/users\/54662"}],"replies":[{"embeddable":true,"href":"https:\/\/www.novaconcursos.com.br\/portal\/wp-json\/wp\/v2\/comments?post=140266"}],"version-history":[{"count":3,"href":"https:\/\/www.novaconcursos.com.br\/portal\/wp-json\/wp\/v2\/posts\/140266\/revisions"}],"predecessor-version":[{"id":140270,"href":"https:\/\/www.novaconcursos.com.br\/portal\/wp-json\/wp\/v2\/posts\/140266\/revisions\/140270"}],"wp:featuredmedia":[{"embeddable":true,"href":"https:\/\/www.novaconcursos.com.br\/portal\/wp-json\/wp\/v2\/media\/128521"}],"wp:attachment":[{"href":"https:\/\/www.novaconcursos.com.br\/portal\/wp-json\/wp\/v2\/media?parent=140266"}],"wp:term":[{"taxonomy":"category","embeddable":true,"href":"https:\/\/www.novaconcursos.com.br\/portal\/wp-json\/wp\/v2\/categories?post=140266"},{"taxonomy":"post_tag","embeddable":true,"href":"https:\/\/www.novaconcursos.com.br\/portal\/wp-json\/wp\/v2\/tags?post=140266"}],"curies":[{"name":"wp","href":"https:\/\/api.w.org\/{rel}","templated":true}]}}