{"id":14045,"date":"2015-02-04T09:39:51","date_gmt":"2015-02-04T12:39:51","guid":{"rendered":"http:\/\/www.novaconcursos.com.br\/portal\/?p=14045"},"modified":"2021-01-28T17:17:25","modified_gmt":"2021-01-28T20:17:25","slug":"o-que-cai-na-prova-prefeitura-de-aracatuba","status":"publish","type":"post","link":"https:\/\/www.novaconcursos.com.br\/portal\/artigos\/o-que-cai-na-prova-prefeitura-de-aracatuba\/","title":{"rendered":"O que cai na prova: Prefeitura de Ara\u00e7atuba"},"content":{"rendered":"<p><a href=\"https:\/\/www.novaconcursos.com.br\/portal\/wp-content\/uploads\/2015\/02\/brasao_prefeituraara%C3%A7atuva.jpg\"><img decoding=\"async\" class=\"alignleft size-thumbnail wp-image-14041\" alt=\"brasao_prefeituraara\u00e7atuva\" src=\"https:\/\/www.novaconcursos.com.br\/portal\/wp-content\/uploads\/2015\/02\/brasao_prefeituraara%C3%A7atuva-150x150.jpg\" width=\"150\" height=\"150\" loading=\"lazy\" title=\"\" srcset=\"https:\/\/www.novaconcursos.com.br\/portal\/wp-content\/uploads\/2015\/02\/brasao_prefeituraara\u00e7atuva-55x55.jpg 55w, https:\/\/www.novaconcursos.com.br\/portal\/wp-content\/uploads\/2015\/02\/brasao_prefeituraara\u00e7atuva-105x105.jpg 105w, https:\/\/www.novaconcursos.com.br\/portal\/wp-content\/uploads\/2015\/02\/brasao_prefeituraara\u00e7atuva-150x150.jpg 150w\" sizes=\"auto, (max-width: 480px) 100vw, (max-width: 768px) 100vw, (max-width: 1200px) 70vw, 768px\"><\/a>A Prefeitura de Ara\u00e7atuba, no Estado de S\u00e3o Paulo, lan\u00e7ou edital para concurso p\u00fablico que visa preencher 87 vagas na \u00e1rea de educa\u00e7\u00e3o. A remunera\u00e7\u00e3o pode variar de R$\u00a01.249,36 a R$ 2.751,53, dependendo do cargo pretendido e da jornada de trabalho. A prova tem data prevista para acontecer no dia 08 de mar\u00e7o de 2015. Para conferir mais detalhes do concurso, <a href=\"https:\/\/www.novaconcursos.com.br\/portal\/noticias\/novos-editais\/analise-de-edital-prefeitura-de-aracatuba\/\">clique aqui e veja a An\u00e1lise do Edital<\/a>.<\/p>\n<p><strong>Conte\u00fado Program\u00e1tico<\/strong><\/p>\n<p>A prova objetiva ter\u00e1 dura\u00e7\u00e3o de 3 horas e ser\u00e1 com quest\u00f5es com m\u00faltipla escolha.<\/p>\n<p><em><strong>L\u00edngua Portuguesa<\/strong><\/em>:\u00a0Fonologia; Ortografia; Acentua\u00e7\u00e3o; Morfologia; Sintaxe; Problemas gerais da l\u00edngua culta e Estil\u00edstica.<\/p>\n<p><em><strong>Conhecimentos Educacionais:<\/strong><\/em>\u00a0BRASIL. Lei Federal n\u00ba 9.394\/96. Estabelece as diretrizes e bases da educa\u00e7\u00e3o nacional. Di\u00e1rio Oficial da Uni\u00e3o, Bras\u00edlia, se\u00e7\u00e3o I, 23 dez. 1996. Lei Federal n\u00ba 8.069\/90 (arts 1\u00ba ao 140). Disp\u00f5e sobre o Estatuto da Crian\u00e7a e do Adolescente, e d\u00e1 outras provid\u00eancias. Di\u00e1rio Oficial da Uni\u00e3o, Bras\u00edlia, se\u00e7\u00e3o I, 16 jul. 1990. Constitui\u00e7\u00e3o da Rep\u00fablica Federativa do Brasil (art. 205 a 217). Di\u00e1rio Oficial da Uni\u00e3o, Bras\u00edlia, se\u00e7\u00e3o I, 05 out. 1988. Lei Federal n\u00ba 13.005. Aprova o Plano Nacional de Educa\u00e7\u00e3o \u2013 PNE, e d\u00e1 outras provid\u00eancias. Di\u00e1rio Oficial da Uni\u00e3o, Bras\u00edlia, 25 jun. 2014. Minist\u00e9rio da Educa\u00e7\u00e3o. O Plano de Desenvolvimento da Educa\u00e7\u00e3o \u2013 raz\u00f5es, princ\u00edpios e programas. Bras\u00edlia: Minist\u00e9rio da Educa\u00e7\u00e3o, 2007. DELORS, Jacques et al. Educa\u00e7\u00e3o: um tesouro a descobrir \u2013 relat\u00f3rio para a UNESCO da Comiss\u00e3o Internacional sobre Educa\u00e7\u00e3o para o s\u00e9culo XXI. S\u00e3o Paulo: Cortez, 1998. MACEDO, Lino. Ensaios pedag\u00f3gicos: como construir uma escola para todos?. Porto Alegre: Artmed, 2005. RAMOS, Marise Nogueira. A pedagogia das compet\u00eancias: autonomia ou adapta\u00e7\u00e3o?. S\u00e3o Paulo: Cortez, 2001. RIOS, Terezinha Azer\u00eado. Compreender e ensinar por uma doc\u00eancia de melhor qualidade. 5 ed. S\u00e3o Paulo: Cortez Editora, 2001. Lei Complementar n\u00ba 204\/2009 (dispon\u00edvel no site http:\/\/www.camaraaracatuba.com.br\/site\/legislacao\/legislacao)<\/p>\n<p><em><strong>Conhecimentos Espec\u00edficos:<\/strong><\/em> de acordo com o cargo pretendido.<\/p>\n<p>\u00a0<\/p>\n<p><strong>Crit\u00e9rios de desempate<\/strong><br>\na) idade igual ou superior a 60 anos;<br>\nb) o candidato j\u00e1 pertencente ao servi\u00e7o p\u00fablico municipal, estadual ou federal, observada essa ordem de\u00a0prefer\u00eancia, e, dentre eles, persistindo o empate, o mais antigo, nos termos do Art. 33 da Lei Municipal\u00a03774 de 28 de setembro de 1992 \u2013 EFPMA;<br>\nc) maior idade;<br>\nd) participa\u00e7\u00e3o como jurado em juri popular (art. 440 do CPP).<\/p>\n<p>\u00a0<\/p>\n<p><strong>Compre os produtos da Nova<\/strong><\/p>\n<p>Compre as<b>\u00a0Apostilas<\/b>\u00a0para o seu\u00a0<b>Concurso P\u00fablico<\/b>\u00a0direto com a Editora Nova e parcele no cart\u00e3o de cr\u00e9dito em at\u00e9 6 x sem juros!<\/p>\n<p>Acompanhe a\u00a0<a title=\"Site Nova Concursos\" href=\"https:\/\/www.novaconcursos.com.br\/\" target=\"_blank\" rel=\"noopener noreferrer\"><strong>Nova Concursos<\/strong><\/a>\u00a0tamb\u00e9m nas\u00a0<strong>redes sociais<\/strong>!<\/p>\n<p><a title=\"Facebook Oficial Nova Concursos\" href=\"https:\/\/www.facebook.com\/NOVAConcursosOficial\" target=\"_blank\" rel=\"noopener noreferrer\"><img decoding=\"async\" alt=\"facebook_logo_detail\" src=\"https:\/\/www.novaconcursos.com.br\/portal\/wp-content\/uploads\/2014\/12\/facebook_logo_detail1.gif\" width=\"50\" height=\"50\" loading=\"lazy\" title=\"\"><\/a>\u00a0<a title=\"G+ Nova Concursos\" href=\"https:\/\/plus.google.com\/u\/1\/115146550907593514602\" target=\"_blank\" rel=\"noopener noreferrer\"><img decoding=\"async\" alt=\"gplus\" src=\"https:\/\/www.novaconcursos.com.br\/portal\/wp-content\/uploads\/2014\/12\/gplus.png\" width=\"50\" height=\"50\" loading=\"lazy\" title=\"\"><\/a>\u00a0<a title=\"Youtube Nova Concursos\" href=\"https:\/\/www.youtube.com\/channel\/UCYEz3vPWPP-oNtkKb4DxoAg?feature=watch\" target=\"_blank\" rel=\"noopener noreferrer\"><img decoding=\"async\" alt=\"youtube-logo\" src=\"https:\/\/www.novaconcursos.com.br\/portal\/wp-content\/uploads\/2014\/12\/youtube-logo.png\" width=\"50\" height=\"50\" loading=\"lazy\" title=\"\"><\/a><\/p>\n<hr><div>\n<div style=\"width: 310px; margin-left: 5px;\">\n<p><b>Apostila para esse cargo<\/b><\/p>\n<div style=\"float: left;\"><a href=\"https:\/\/www.novaconcursos.com.br\/apostila-concurso\/prefeitura-de-aracatuba\" target=\"_blank\" rel=\"noopener noreferrer\"><img decoding=\"async\" style=\"background-color: blue;\" alt=\"Apostila Prefeitura de Ara\u00e7atuba\" src=\"https:\/\/www.novaconcursos.com.br\/portal\/wp-content\/uploads\/2015\/02\/prefeitura-aracatuba-professor-peb-i1.jpg\" loading=\"lazy\" title=\"\"><\/a><\/div>\n<div>\n<div style=\"width: 170px; height: 170px; float: right; margin-right: 10px; margin-left: 10px;\"><b>Apostila concurso<br>\nPrefeitura de Ara\u00e7atuba<\/b>\n<div>\n<div>Por <span style=\"font-size: 18px; color: #006b3e; font-weight: bold;\">R$ 44,90<\/span>ou <span style=\"font-size: 14px; color: #00aa08; font-weight: bold;\">4x<\/span> de <span style=\"font-size: 14px; color: #00aa08; font-weight: bold;\">R$ 11,23<\/span>\n<p>sem juros no cart\u00e3o<\/p>\n<\/div>\n<p><a href=\"https:\/\/www.novaconcursos.com.br\/apostila-concurso\/prefeitura-de-aracatuba\" target=\"_blank\" rel=\"noopener noreferrer\"><img decoding=\"async\" alt=\"\" src=\"https:\/\/www.novaconcursos.com.br\/portal\/wp-content\/uploads\/2014\/12\/botao.jpg\" loading=\"lazy\" title=\"\"><\/a><\/p>\n<\/div>\n<\/div>\n<\/div>\n<\/div>\n<\/div>\n<p>\u00a0<\/p>","protected":false},"excerpt":{"rendered":"<p>A Prefeitura de Ara\u00e7atuba, no Estado de S\u00e3o Paulo, lan\u00e7ou edital para concurso p\u00fablico que visa preencher 87 vagas na \u00e1rea de educa\u00e7\u00e3o. A remunera\u00e7\u00e3o pode variar de R$\u00a01.249,36 a R$ 2.751,53, dependendo do cargo pretendido e da jornada de trabalho. A prova tem data prevista para acontecer no dia 08 de mar\u00e7o de 2015. [&hellip;]<\/p>\n","protected":false},"author":16,"featured_media":14048,"comment_status":"closed","ping_status":"closed","sticky":false,"template":"","format":"standard","meta":{"_acf_changed":false,"footnotes":"","_wp_rev_ctl_limit":""},"categories":[33508],"tags":[3636,3637,3638,3639,3640,3653,3642],"class_list":["post-14045","post","type-post","status-publish","format-standard","has-post-thumbnail","hentry","category-artigos","tag-analise-de-edital-prefeitura-de-aracatuba","tag-concurso-educacao-prefeitura-de-aracatuba","tag-conteudo-programatico-prefeitura-de-aracatuba","tag-dicas-prova-prefeitura-de-aracatuba","tag-edital-prefeitura-de-aracatuba-2015","tag-o-que-cai-na-prova-prefeitura-de-aracatuba-o-que-cai-na-prova","tag-saiu-edital-prefeitura-de-aracatuba"],"acf":[],"_links":{"self":[{"href":"https:\/\/www.novaconcursos.com.br\/portal\/wp-json\/wp\/v2\/posts\/14045","targetHints":{"allow":["GET"]}}],"collection":[{"href":"https:\/\/www.novaconcursos.com.br\/portal\/wp-json\/wp\/v2\/posts"}],"about":[{"href":"https:\/\/www.novaconcursos.com.br\/portal\/wp-json\/wp\/v2\/types\/post"}],"author":[{"embeddable":true,"href":"https:\/\/www.novaconcursos.com.br\/portal\/wp-json\/wp\/v2\/users\/16"}],"replies":[{"embeddable":true,"href":"https:\/\/www.novaconcursos.com.br\/portal\/wp-json\/wp\/v2\/comments?post=14045"}],"version-history":[{"count":2,"href":"https:\/\/www.novaconcursos.com.br\/portal\/wp-json\/wp\/v2\/posts\/14045\/revisions"}],"predecessor-version":[{"id":117517,"href":"https:\/\/www.novaconcursos.com.br\/portal\/wp-json\/wp\/v2\/posts\/14045\/revisions\/117517"}],"wp:featuredmedia":[{"embeddable":true,"href":"https:\/\/www.novaconcursos.com.br\/portal\/wp-json\/wp\/v2\/media\/14048"}],"wp:attachment":[{"href":"https:\/\/www.novaconcursos.com.br\/portal\/wp-json\/wp\/v2\/media?parent=14045"}],"wp:term":[{"taxonomy":"category","embeddable":true,"href":"https:\/\/www.novaconcursos.com.br\/portal\/wp-json\/wp\/v2\/categories?post=14045"},{"taxonomy":"post_tag","embeddable":true,"href":"https:\/\/www.novaconcursos.com.br\/portal\/wp-json\/wp\/v2\/tags?post=14045"}],"curies":[{"name":"wp","href":"https:\/\/api.w.org\/{rel}","templated":true}]}}