{"id":140774,"date":"2021-08-19T16:37:25","date_gmt":"2021-08-19T19:37:25","guid":{"rendered":"https:\/\/www.novaconcursos.com.br\/portal\/?p=140774"},"modified":"2021-08-19T16:37:29","modified_gmt":"2021-08-19T19:37:29","slug":"concurso-idaf-es-banca-definida","status":"publish","type":"post","link":"https:\/\/www.novaconcursos.com.br\/portal\/noticias\/concurso-idaf-es-banca-definida\/","title":{"rendered":"Concurso Idaf ES: Banca de novo edital est\u00e1 definida!"},"content":{"rendered":"<p>O <strong>concurso Idaf ES<\/strong> (Instituto de Defesa Agropecu\u00e1ria e Florestal do Esp\u00edrito Santo)<strong>\u00a0<\/strong>divulgou o nome da <strong>banca <\/strong>organizadora. Al\u00e9m disso, a sele\u00e7\u00e3o agora j\u00e1 conta com <strong>quantitativo de vagas e cargo<\/strong> tamb\u00e9m definido.<\/p>\n\n\n\n<ul class=\"wp-block-list\"><li><strong>Confira:<\/strong> <a href=\"https:\/\/www.novaconcursos.com.br\/eventos\/guia-definitivo-plano-de-estudos-passo-a-passo\/\" target=\"_blank\" rel=\"noreferrer noopener\" aria-label=\"Guia Definitivo Plano de Estudos (Gr\u00e1tis) (abre numa nova aba)\">Guia Definitivo Plano de Estudos (Gr\u00e1tis)<\/a><\/li><\/ul><p><\/p>\n\n\n\n<h2 class=\"wp-block-heading\" id=\"concurso-idaf-es-banca-est-definida-e-o-edital\">Concurso Idaf ES: banca est\u00e1 definida, e o edital?<\/h2>\n\n\n\n<p>O\u00a0Instituto de Desenvolvimento e Capacita\u00e7\u00e3o \u2013\u00a0<strong><a rel=\"noreferrer noopener\" href=\"https:\/\/www.idcap.org.br\/\" target=\"_blank\">o IDCAP<\/a><\/strong>, foi confirmado como <strong>banca <\/strong>organizadora do pr\u00f3ximo concurso do Instituto de Defesa Agropecu\u00e1ria e Florestal do <a href=\"https:\/\/www.novaconcursos.com.br\/portal\/concursos-previstos\/es\/\">Esp\u00edrito Santo<\/a>.<\/p>\n\n\n\n<p>A <strong>dispensa de licita\u00e7\u00e3o<\/strong> foi publicada no Di\u00e1rio Oficial do estado nesta quinta-feira (19), confirmando a escolha da banca.<\/p>\n\n\n\n<p>Agora, as partes assinar\u00e3o o <strong>contrato <\/strong>para <strong>homologa\u00e7\u00e3o <\/strong>da banca e, depois, o edital poder\u00e1 ser publicado. Isso deve acontecer muito em breve!<\/p>\n\n\n\n<h2 class=\"wp-block-heading\" id=\"concurso-idaf-es-vagas-e-cargo\"><strong>Concurso Idaf ES: vagas<\/strong> e cargo<\/h2>\n\n\n\n<p>Al\u00e9m da banca, a dispensa de licita\u00e7\u00e3o confirmou ainda a <strong>oferta de vagas e o cargo <\/strong>que o concurso ir\u00e1 ofertar. <\/p>\n\n\n\n<p>Ser\u00e3o <strong>15 vagas imediatas<\/strong>, mais a forma\u00e7\u00e3o de um cadastro reserva, para o cargo de <strong>Agente em Desenvolvimento Pecu\u00e1rio<\/strong>, que exige forma\u00e7\u00e3o em Medicina Veterin\u00e1ria.<\/p>\n\n\n\n<p>Vale ressaltar que o <strong>cadastro reserva <\/strong>poder\u00e1 ser preenchido durante todo o prazo de validade da sele\u00e7\u00e3o, que deve ser de dois anos, prorrog\u00e1vel, podendo chegar a quatro anos.<\/p>\n\n\n\n<h2 class=\"wp-block-heading\" id=\"concurso-idaf-es-foi-autorizado-em-maro-de-2021\"><strong>Concurso Idaf ES foi autorizado em mar\u00e7o de 2021<\/strong><\/h2>\n\n\n\n<p>O concurso do Instituto de Defesa Agropecu\u00e1ria e Florestal do <a href=\"https:\/\/www.novaconcursos.com.br\/portal\/concursos-abertos\/es\/\">Esp\u00edrito Santo<\/a> est\u00e1 <strong>autorizado desde mar\u00e7o<\/strong> deste ano.<\/p>\n\n\n\n<p>A autoriza\u00e7\u00e3o consta em uma <strong>portaria <\/strong>publicada no Di\u00e1rio Oficial, assinada pelo diretor presidente, M\u00e1rio Louzada.<\/p>\n\n\n\n<p>Vale ressaltar que a <strong>comiss\u00e3o organizadora<\/strong> da sele\u00e7\u00e3o foi formada anteriormente e adiantou os tr\u00e2mites da sele\u00e7\u00e3o. O grupo \u00e9 formado por:<\/p>\n\n\n\n<ul class=\"wp-block-list\"><li><strong>Coordenadora<\/strong><ul><li>Grazieli Galvani Mariano Cardozo<\/li><\/ul><\/li><li><strong>Membros<\/strong><ul><li>Alan Paulo Moreira Teixeira<\/li><li>Josicleia Stelzer Zanelato<\/li><li>Josimaire Loss Souza Fernandes<\/li><li>Rafael Fernandes Ferreira<\/li><li>Sara Souza de Oliveira<\/li><\/ul><\/li><li><strong>Outros membros<\/strong><ul><li>Alequisandra Carla de Sa \u2013 Representante da Seger<\/li><li>Schirley Holz \u2013 Representante do SindiP\u00fablicos<\/li><\/ul><\/li><\/ul><p><\/p>\n\n\n\n<p><\/p>\n\n\n\n<p>A portaria afirmou que na<strong>\u00a0aus\u00eancia ou impedimento <\/strong>da atua\u00e7\u00e3o da coordenadora, fica designada a servidora Josimaire Loss Souza Fernandes exercer a fun\u00e7\u00e3o, como substituta.<\/p>\n\n\n\n<h2 class=\"wp-block-heading\" id=\"ltimo-concurso-idaf-es-\"><strong>\u00daltimo concurso Idaf ES <\/strong><\/h2>\n\n\n\n<p>Publicado em <strong>2010<\/strong>, o \u00faltimo concurso do Idaf ES foi organizado pela Funda\u00e7\u00e3o Professor Carlos Augusto Bittencourt \u2013 <strong>FUNCAB <\/strong>e contou com vagas de n\u00edveis m\u00e9dio, m\u00e9dio\/t\u00e9cnico e superior.<\/p>\n\n\n\n<p>As oportunidades foram em <strong>v\u00e1rias carreiras<\/strong>, sendo elas:<\/p>\n\n\n\n<ul class=\"wp-block-list\"><li>Advogado<\/li><li>Administrador<\/li><li>Analista de sistemas de informa\u00e7\u00f5es geogr\u00e1ficas<\/li><li>Analista de sistemas<\/li><li>Analista em tecnologia da informa\u00e7\u00e3o<\/li><li>Assistente Social<\/li><li>Arquivologista<\/li><li>Economista<\/li><li>Jornalista<\/li><li>Publicidade e Propaganda<\/li><li>Pedagogo<\/li><li>Psic\u00f3logo<\/li><li>Engenheiro Agr\u00f4nomo<\/li><li>Engenheiro Cart\u00f3grafo\/Agrimensor<\/li><li>Engenheiro Civil<\/li><li>Contador<\/li><li>Engenheiro de Alimentos\u00a0\u00a0 \u00a0<\/li><li>Engenheiro Florestal\u00a0\u00a0 \u00a0<\/li><li>Engenheiro Qu\u00edmico\u00a0\u00a0 \u00a0<\/li><li>Ge\u00f3grafo\u00a0\u00a0 \u00a0<\/li><li>M\u00e9dico Veterin\u00e1rio\u00a0\u00a0 \u00a0<\/li><li>Tecn\u00f3logo em Saneamento Ambiental\u00a0\u00a0 \u00a0<\/li><li>T\u00e9cnico em Agropecu\u00e1ria\u00a0\u00a0 \u00a0<\/li><li>T\u00e9cnico em Cartografia Geod\u00e9sica\u00a0\u00a0 \u00a0<\/li><li>T\u00e9cnico em Laborat\u00f3rio\u00a0\u00a0 \u00a0<\/li><li>Top\u00f3grafo<\/li><\/ul><p><\/p>\n\n\n\n<p>A avalia\u00e7\u00e3o dos candidatos aconteceu por meio de <strong>provas objetiva e discursiva<\/strong>, com car\u00e1ter eliminat\u00f3rio e classificat\u00f3rio. <\/p>\n\n\n\n<p>Al\u00e9m disso, para concorrer era preciso ter\u00a0<strong>Carteira Nacional de Habilita\u00e7\u00e3o <\/strong>(CNH) na categoria B, como requisito, fora a escolaridade acima mencionada.<\/p>","protected":false},"excerpt":{"rendered":"<p>O concurso Idaf ES (Instituto de Defesa Agropecu\u00e1ria e Florestal do Esp\u00edrito Santo)\u00a0divulgou o nome da banca organizadora. Al\u00e9m disso, a sele\u00e7\u00e3o agora j\u00e1 conta com quantitativo de vagas e cargo tamb\u00e9m definido. Confira: Guia Definitivo Plano de Estudos (Gr\u00e1tis) Concurso Idaf ES: banca est\u00e1 definida, e o edital? O\u00a0Instituto de Desenvolvimento e Capacita\u00e7\u00e3o \u2013\u00a0o [&hellip;]<\/p>\n","protected":false},"author":54671,"featured_media":140778,"comment_status":"closed","ping_status":"closed","sticky":false,"template":"","format":"standard","meta":{"_acf_changed":false,"footnotes":"","_wp_rev_ctl_limit":""},"categories":[228],"tags":[40798,40801,40797,3726,36838,30946,198,2578,40799,40800,40796],"class_list":["post-140774","post","type-post","status-publish","format-standard","has-post-thumbnail","hentry","category-noticias","tag-concurso-idaf-es","tag-concurso-idaf-espirito-santo","tag-concurso-instituto-de-defesa-agropecuaria-e-florestal-do-espirito-santo","tag-concursos-abertos","tag-concursos-es","tag-concursos-espirito-santo","tag-concursos-previstos","tag-concursos-publicos","tag-idaf-es","tag-idaf-espirito-santo","tag-instituto-de-defesa-agropecuaria-e-florestal-do-espirito-santo"],"acf":[],"_links":{"self":[{"href":"https:\/\/www.novaconcursos.com.br\/portal\/wp-json\/wp\/v2\/posts\/140774","targetHints":{"allow":["GET"]}}],"collection":[{"href":"https:\/\/www.novaconcursos.com.br\/portal\/wp-json\/wp\/v2\/posts"}],"about":[{"href":"https:\/\/www.novaconcursos.com.br\/portal\/wp-json\/wp\/v2\/types\/post"}],"author":[{"embeddable":true,"href":"https:\/\/www.novaconcursos.com.br\/portal\/wp-json\/wp\/v2\/users\/54671"}],"replies":[{"embeddable":true,"href":"https:\/\/www.novaconcursos.com.br\/portal\/wp-json\/wp\/v2\/comments?post=140774"}],"version-history":[{"count":5,"href":"https:\/\/www.novaconcursos.com.br\/portal\/wp-json\/wp\/v2\/posts\/140774\/revisions"}],"predecessor-version":[{"id":140794,"href":"https:\/\/www.novaconcursos.com.br\/portal\/wp-json\/wp\/v2\/posts\/140774\/revisions\/140794"}],"wp:featuredmedia":[{"embeddable":true,"href":"https:\/\/www.novaconcursos.com.br\/portal\/wp-json\/wp\/v2\/media\/140778"}],"wp:attachment":[{"href":"https:\/\/www.novaconcursos.com.br\/portal\/wp-json\/wp\/v2\/media?parent=140774"}],"wp:term":[{"taxonomy":"category","embeddable":true,"href":"https:\/\/www.novaconcursos.com.br\/portal\/wp-json\/wp\/v2\/categories?post=140774"},{"taxonomy":"post_tag","embeddable":true,"href":"https:\/\/www.novaconcursos.com.br\/portal\/wp-json\/wp\/v2\/tags?post=140774"}],"curies":[{"name":"wp","href":"https:\/\/api.w.org\/{rel}","templated":true}]}}