{"id":140831,"date":"2021-08-24T08:07:06","date_gmt":"2021-08-24T11:07:06","guid":{"rendered":"https:\/\/www.novaconcursos.com.br\/portal\/?p=140831"},"modified":"2021-08-24T08:07:09","modified_gmt":"2021-08-24T11:07:09","slug":"concurso-publico-pl-quer-excluir-nota-corte-policiais","status":"publish","type":"post","link":"https:\/\/www.novaconcursos.com.br\/portal\/noticias\/concurso-publico-pl-quer-excluir-nota-corte-policiais\/","title":{"rendered":"Concurso P\u00fablico: PL quer excluir nota de corte para carreiras policiais!"},"content":{"rendered":"<p>Um Projeto de Lei que pretende <strong>acabar com as notas de corte <\/strong>em concurso p\u00fablico para os <strong>Policiais da Uni\u00e3o<\/strong> tramita na C\u00e2mara dos Deputados.<\/p>\n\n\n\n<ul class=\"wp-block-list\"><li><strong>Confira<\/strong>: <a href=\"https:\/\/www.novaconcursos.com.br\/eventos\/guia-definitivo-plano-de-estudos-passo-a-passo-v2\/\" target=\"_blank\" rel=\"noreferrer noopener\" aria-label=\"Plano de Estudos Passo a Passo (Gr\u00e1tis) (abre numa nova aba)\">Plano de Estudos Passo a Passo (Gr\u00e1tis)<\/a><\/li><\/ul><p><\/p>\n\n\n\n<p>O PL foi redigido pelo Deputado Jos\u00e9 Medeiros na \u00faltima ter\u00e7a-feira, 17 de agosto, e <strong>visa proibir nota de corte <\/strong>e cl\u00e1usulas de barreiras nos concursos policiais.<\/p>\n\n\n\n<p>O pol\u00edtico prop\u00f4s a<strong> n\u00e3o fixa\u00e7\u00e3o de um quantitativo m\u00e1ximo<\/strong> de aprovados ap\u00f3s a primeira fase dos <a href=\"https:\/\/www.novaconcursos.com.br\/portal\/concursos-abertos\/nacional\/\">concursos<\/a>.<\/p>\n\n\n\n<p>O <strong>texto <\/strong>do PL diz que:<\/p>\n\n\n\n<p>\u201cA<em>rt. 1\u00ba Nos <a href=\"https:\/\/www.novaconcursos.com.br\/portal\/concursos-previstos\/nacional\/\">concursos p\u00fablicos<\/a> para as carreiras policiais da Uni\u00e3o, n\u00e3o ser\u00e1 permitida a fixa\u00e7\u00e3o de quantitativo m\u00e1ximo de aprovados ap\u00f3s a primeira fase, estando automaticamente aptos a prosseguir no certame todos os candidatos que houverem atingido a nota m\u00ednima na primeira fase, conforme as regras previstas no edital.<\/em><\/p>\n\n\n\n<p><em>Par\u00e1grafo \u00fanico. Os candidatos que atinjam a nota m\u00ednima nas demais fases do concurso, com pontua\u00e7\u00e3o insuficiente para classifica\u00e7\u00e3o dentro das vagas ofertadas, ser\u00e3o inclu\u00eddos em cadastro de reserva, podendo ser nomeados enquanto n\u00e3o esgotado o prazo de validade do concurso, obedecida a ordem de classifica\u00e7\u00e3o.<\/em><\/p>\n\n\n\n<p><em>Art. 2\u00ba Esta lei entra em vigor na data de sua publica\u00e7\u00e3o.<\/em>\u201d<\/p>\n\n\n\n<p>O texto deve passar por algumas comiss\u00f5es antes de chegar \u00e0 <strong>plen\u00e1rio<\/strong> dos Deputados.<\/p>\n\n\n\n<h2 class=\"wp-block-heading\" id=\"qual-a-justificativa-da-pl-que-interfere-em-concurso-pblico-\">Qual \u00e9 a justificativa da PL que interfere em concurso p\u00fablico? <\/h2>\n\n\n\n<p>O deputado Jos\u00e9 Medeiros, do PODE MT, apresentou um texto de justificativa para sua PL, em que indicava <strong>situa\u00e7\u00f5es de injusti\u00e7a <\/strong>devido \u00e0 exist\u00eancia da note de corte.<\/p>\n\n\n\n<p>Medeiros citou um caso de um candidato que participou do <strong>concurso da PRF <\/strong>e notou que algumas quest\u00f5es n\u00e3o tinham resposta correta e, dessa forma, v\u00e1rios pontos foram perdidos e o candidato n\u00e3o atingiu a nota de corte, sendo eliminado das pr\u00f3ximas fases.<\/p>\n\n\n\n<p>O mesmo candidato precisou entrar com <strong>processo judicial <\/strong>para garantir sua nota e teve um parecer favor\u00e1vel.<\/p>\n\n\n\n<p>Segundo Medeiros, todo esse constrangimento poderia ser evitado caso n\u00e3o houvesse nota de corte.<strong> Confira as palavras do deputado<\/strong>:<\/p>\n\n\n\n<p>\u201c<em>Da situa\u00e7\u00e3o descrita, e abstraindo-se o defeito do servi\u00e7o (as quest\u00f5es mal formuladas pelo Cebraspe), resta induvidoso que o candidato n\u00e3o teria passado por todo esse constrangimento se, no seu concurso, n\u00e3o houvesse a nota de corte, isto \u00e9, um quantitativo m\u00e1ximo de candidatos que podem seguir para a segunda e para as demais fases do concurso, ainda que isso signifique a elimina\u00e7\u00e3o sum\u00e1ria de outros candidatos que tenham atingido apenas a nota m\u00ednima no concurso<\/em>.\u201d<\/p>\n\n\n\n<p>O pol\u00edtico tamb\u00e9m <strong>deixou claro<\/strong> que a \u201cproposta n\u00e3o invade compet\u00eancia privativa do Poder Executivo (art. 61, \u00a71\u00ba, CF\/88).\u201d<\/p>","protected":false},"excerpt":{"rendered":"<p>Um Projeto de Lei que pretende acabar com as notas de corte em concurso p\u00fablico para os Policiais da Uni\u00e3o tramita na C\u00e2mara dos Deputados. Confira: Plano de Estudos Passo a Passo (Gr\u00e1tis) O PL foi redigido pelo Deputado Jos\u00e9 Medeiros na \u00faltima ter\u00e7a-feira, 17 de agosto, e visa proibir nota de corte e cl\u00e1usulas [&hellip;]<\/p>\n","protected":false},"author":54673,"featured_media":134177,"comment_status":"closed","ping_status":"closed","sticky":false,"template":"","format":"standard","meta":{"_acf_changed":false,"footnotes":"","_wp_rev_ctl_limit":""},"categories":[228],"tags":[2326,2506,8669,2578,38120,40807,37497,12881],"class_list":["post-140831","post","type-post","status-publish","format-standard","has-post-thumbnail","hentry","category-noticias","tag-concurso-publico","tag-concursos-nacionais","tag-concursos-policiais","tag-concursos-publicos","tag-editais-nacionais","tag-nota-de-corte","tag-pl","tag-projeto-de-lei"],"acf":[],"_links":{"self":[{"href":"https:\/\/www.novaconcursos.com.br\/portal\/wp-json\/wp\/v2\/posts\/140831","targetHints":{"allow":["GET"]}}],"collection":[{"href":"https:\/\/www.novaconcursos.com.br\/portal\/wp-json\/wp\/v2\/posts"}],"about":[{"href":"https:\/\/www.novaconcursos.com.br\/portal\/wp-json\/wp\/v2\/types\/post"}],"author":[{"embeddable":true,"href":"https:\/\/www.novaconcursos.com.br\/portal\/wp-json\/wp\/v2\/users\/54673"}],"replies":[{"embeddable":true,"href":"https:\/\/www.novaconcursos.com.br\/portal\/wp-json\/wp\/v2\/comments?post=140831"}],"version-history":[{"count":6,"href":"https:\/\/www.novaconcursos.com.br\/portal\/wp-json\/wp\/v2\/posts\/140831\/revisions"}],"predecessor-version":[{"id":141070,"href":"https:\/\/www.novaconcursos.com.br\/portal\/wp-json\/wp\/v2\/posts\/140831\/revisions\/141070"}],"wp:featuredmedia":[{"embeddable":true,"href":"https:\/\/www.novaconcursos.com.br\/portal\/wp-json\/wp\/v2\/media\/134177"}],"wp:attachment":[{"href":"https:\/\/www.novaconcursos.com.br\/portal\/wp-json\/wp\/v2\/media?parent=140831"}],"wp:term":[{"taxonomy":"category","embeddable":true,"href":"https:\/\/www.novaconcursos.com.br\/portal\/wp-json\/wp\/v2\/categories?post=140831"},{"taxonomy":"post_tag","embeddable":true,"href":"https:\/\/www.novaconcursos.com.br\/portal\/wp-json\/wp\/v2\/tags?post=140831"}],"curies":[{"name":"wp","href":"https:\/\/api.w.org\/{rel}","templated":true}]}}