{"id":140877,"date":"2021-08-20T17:07:46","date_gmt":"2021-08-20T20:07:46","guid":{"rendered":"https:\/\/www.novaconcursos.com.br\/portal\/?p=140877"},"modified":"2021-08-20T17:07:49","modified_gmt":"2021-08-20T20:07:49","slug":"concurso-pf-fenapef-convocacao-excedentes","status":"publish","type":"post","link":"https:\/\/www.novaconcursos.com.br\/portal\/noticias\/concurso-pf-fenapef-convocacao-excedentes\/","title":{"rendered":"Concurso PF: Fenapef se re\u00fane com diretor por convoca\u00e7\u00e3o de excedentes!"},"content":{"rendered":"<p>O <a href=\"https:\/\/www.novaconcursos.com.br\/portal\/concursos\/concurso-policia-federal\/\">concurso PF <\/a>2021 oferta <strong>1.500 vagas imediatas<\/strong> e agora a corpora\u00e7\u00e3o, juntamente \u00e0 Fenapef, lutam para convocar mais candidatos aprovados que ficaram como <strong>excedentes<\/strong>!<\/p>\n\n\n\n<ul class=\"wp-block-list\"><li><strong>Confira<\/strong>: <a href=\"https:\/\/www.novaconcursos.com.br\/eventos\/e-book-questoes-comentadas-policia-federal\/\" target=\"_blank\" rel=\"noreferrer noopener\" aria-label=\"Quest\u00f5es Comentadas Pol\u00edcia Federal (Gr\u00e1tis) (abre numa nova aba)\">Quest\u00f5es Comentadas Pol\u00edcia Federal (Gr\u00e1tis)<\/a><\/li><\/ul><p><\/p>\n\n\n\n<p>A Federa\u00e7\u00e3o <a href=\"https:\/\/www.novaconcursos.com.br\/portal\/concursos-abertos\/nacional\/\">Nacional <\/a>dos Policiais Federais (Fenapef) fez uma reuni\u00e3o com a ANP (Academia Nacional de Pol\u00edcia) para discutir a <strong>convoca\u00e7\u00e3o dos excedentes<\/strong> do concurso da Pol\u00edcia Federal deste ano.<\/p>\n\n\n\n<p>O Diretor de Gest\u00e3o de Pessoal da PF, Oswaldo Gomide, tamb\u00e9m esteve presente nessa reuni\u00e3o.<\/p>\n\n\n\n<ul class=\"wp-block-list\"><li><strong>Adquira<\/strong>: <a href=\"https:\/\/www.novaconcursos.com.br\/concurso\/pf-policia-federal\/apostila\">Apostila Concurso PF<\/a><\/li><li><strong>Adquira<\/strong>: <a href=\"https:\/\/www.novaconcursos.com.br\/concurso\/pf-policia-federal\/curso-online\">Curso Online Concurso PF<\/a><\/li><\/ul><p><\/p>\n\n\n\n<p>A reuni\u00e3o aconteceu no dia 18 de agosto, quarta-feira, e os presentes debateram sobre a <strong>import\u00e2ncia desse refor\u00e7o a mais <\/strong>para a Pol\u00edcia Federal.<\/p>\n\n\n\n<p>A\nFenapef, que est\u00e1 apoiando bastante essa a\u00e7\u00e3o, reiterou que chamar os excedentes\nn\u00e3o comprometer\u00e1 em nada a efici\u00eancia do trabalho da PF.<\/p>\n\n\n\n<h2 class=\"wp-block-heading\" id=\"a-pretenso-convocar-100-dos-excedentes-do-concurso-pf\">A pretens\u00e3o \u00e9 convocar 100% dos excedentes do concurso PF<\/h2>\n\n\n\n<p>A reuni\u00e3o que aconteceu no dia 14 discutiu a possibilidade de convocar 25% dos excedentes, mas a meta e o acordo entre todos os presentes na confer\u00eancia \u00e9 conseguir<strong> convocar todos os candidatos remanescentes<\/strong>.<\/p>\n\n\n\n<p>O diretor jur\u00eddico da Fenapef se pronunciou sobre o empenho da Federa\u00e7\u00e3o para <strong>zerar o cadastro de reserva<\/strong>:<\/p>\n\n\n\n<p>\u201c<em>A Fenapef est\u00e1 \u00e0 disposi\u00e7\u00e3o para mediar junto ao Minist\u00e9rio da Justi\u00e7a e \u00e0 Presid\u00eancia da Rep\u00fablica a quest\u00e3o do aproveitamento de todas as vagas excedentes. S\u00f3 precisamos do aceno positivo do Diretor-Geral da PF para essa possibilidade<\/em>.\u201d<\/p>\n\n\n\n<h2 class=\"wp-block-heading\" id=\"pf-tem-mais-de-6-mil-cargos-vagos-\">PF tem mais de 6 mil cargos vagos <\/h2>\n\n\n\n<p>De acordo com informa\u00e7\u00f5es da Fenapef, mais de <strong>6 mil cargos <\/strong>dentro da estrutura da Pol\u00edcia <a href=\"https:\/\/www.novaconcursos.com.br\/portal\/concursos-previstos\/nacional\/\">Federal <\/a>est\u00e3o<strong> vagos.<\/strong><\/p>\n\n\n\n<p>Da\u00ed surge a necessidade de convocar todos os <strong>100% de candidatos excedentes.<\/strong> O problema \u00e9 que os primeiros 25% podem ser chamados sem autoriza\u00e7\u00e3o do Governo Federal, mas os outro 75% precisam de um aval presidencial.<\/p>\n\n\n\n<p>A Fenapef ainda ressaltou que<strong> seria mais pr\u00e1tico utilizar o cadastro de reserva<\/strong> formado em 2021 do que realizar um novo concurso, que demoraria mais tempo para chegar \u00e0s contrata\u00e7\u00f5es, al\u00e9m de ser mais custoso para o Governo.<\/p>\n\n\n\n<p>O presidente da Federa\u00e7\u00e3o Nacional dos Policiais Federais, Lu\u00eds Boudens, disse que a <strong>convoca\u00e7\u00e3o dos excedentes n\u00e3o comprometeria o desempenho<\/strong> da Pol\u00edcia Federal e que \u201c<em>teremos uma economia muito grande, tanto de esfor\u00e7os quanto de recursos.<\/em>\u201d<\/p>","protected":false},"excerpt":{"rendered":"<p>O concurso PF 2021 oferta 1.500 vagas imediatas e agora a corpora\u00e7\u00e3o, juntamente \u00e0 Fenapef, lutam para convocar mais candidatos aprovados que ficaram como excedentes! Confira: Quest\u00f5es Comentadas Pol\u00edcia Federal (Gr\u00e1tis) A Federa\u00e7\u00e3o Nacional dos Policiais Federais (Fenapef) fez uma reuni\u00e3o com a ANP (Academia Nacional de Pol\u00edcia) para discutir a convoca\u00e7\u00e3o dos excedentes do [&hellip;]<\/p>\n","protected":false},"author":54673,"featured_media":125942,"comment_status":"closed","ping_status":"closed","sticky":false,"template":"","format":"standard","meta":{"_acf_changed":false,"footnotes":"","_wp_rev_ctl_limit":""},"categories":[228],"tags":[15101,280,2506,38120,282,17225,40813,288,202,35049],"class_list":["post-140877","post","type-post","status-publish","format-standard","has-post-thumbnail","hentry","category-noticias","tag-cadastro-de-reserva","tag-concurso-pf","tag-concursos-nacionais","tag-editais-nacionais","tag-edital-concurso-pf","tag-edital-pf","tag-excedente-policia-federal","tag-pf","tag-policia-federal","tag-policia-federal-pf"],"acf":[],"_links":{"self":[{"href":"https:\/\/www.novaconcursos.com.br\/portal\/wp-json\/wp\/v2\/posts\/140877","targetHints":{"allow":["GET"]}}],"collection":[{"href":"https:\/\/www.novaconcursos.com.br\/portal\/wp-json\/wp\/v2\/posts"}],"about":[{"href":"https:\/\/www.novaconcursos.com.br\/portal\/wp-json\/wp\/v2\/types\/post"}],"author":[{"embeddable":true,"href":"https:\/\/www.novaconcursos.com.br\/portal\/wp-json\/wp\/v2\/users\/54673"}],"replies":[{"embeddable":true,"href":"https:\/\/www.novaconcursos.com.br\/portal\/wp-json\/wp\/v2\/comments?post=140877"}],"version-history":[{"count":3,"href":"https:\/\/www.novaconcursos.com.br\/portal\/wp-json\/wp\/v2\/posts\/140877\/revisions"}],"predecessor-version":[{"id":140884,"href":"https:\/\/www.novaconcursos.com.br\/portal\/wp-json\/wp\/v2\/posts\/140877\/revisions\/140884"}],"wp:featuredmedia":[{"embeddable":true,"href":"https:\/\/www.novaconcursos.com.br\/portal\/wp-json\/wp\/v2\/media\/125942"}],"wp:attachment":[{"href":"https:\/\/www.novaconcursos.com.br\/portal\/wp-json\/wp\/v2\/media?parent=140877"}],"wp:term":[{"taxonomy":"category","embeddable":true,"href":"https:\/\/www.novaconcursos.com.br\/portal\/wp-json\/wp\/v2\/categories?post=140877"},{"taxonomy":"post_tag","embeddable":true,"href":"https:\/\/www.novaconcursos.com.br\/portal\/wp-json\/wp\/v2\/tags?post=140877"}],"curies":[{"name":"wp","href":"https:\/\/api.w.org\/{rel}","templated":true}]}}