{"id":141088,"date":"2021-08-25T17:22:54","date_gmt":"2021-08-25T20:22:54","guid":{"rendered":"https:\/\/www.novaconcursos.com.br\/portal\/?p=141088"},"modified":"2025-12-03T09:43:31","modified_gmt":"2025-12-03T12:43:31","slug":"concurso-policia-penal-mg-edital-passa-pela-primeira-retificacao","status":"publish","type":"post","link":"https:\/\/www.novaconcursos.com.br\/portal\/noticias\/concurso-policia-penal-mg-edital-passa-pela-primeira-retificacao\/","title":{"rendered":"Concurso Pol\u00edcia Penal MG: Edital passa pela primeira retifica\u00e7\u00e3o!"},"content":{"rendered":"<p>Novidades para os concurseiros que j\u00e1 est\u00e3o se preparando para o <a href=\"https:\/\/www.novaconcursos.com.br\/portal\/concursos\/policia-penal-mg\/\">concurso Pol\u00edcia Penal MG<\/a>. O edital do concurso passou por sua <strong>primeira retifica\u00e7\u00e3o<\/strong>. Confira as altera\u00e7\u00f5es!<\/p>\n\n\n\n<ul class=\"wp-block-list\"><li><strong>Confira: <\/strong><a aria-label=\" (abre numa nova aba)\" href=\"https:\/\/www.novaconcursos.com.br\/eventos\/curso-gratis-policia-penal-mg-agente-penitenciario\/\" target=\"_blank\" rel=\"noreferrer noopener\">Curso Gr\u00e1tis Pol\u00edcia Penal MG<\/a><\/li>\n<\/ul><p><\/p>\n\n\n\n<p>As <strong>mudan\u00e7as<\/strong> feitas no edital para o concurso da Pol\u00edcia Penal de <a href=\"https:\/\/www.novaconcursos.com.br\/portal\/concursos-abertos\/mg\/\">Minas Gerais<\/a> s\u00e3o sobre n\u00edvel de escolaridade, hor\u00e1rio de provas, obrigatoriedade do uso da m\u00e1scara e lota\u00e7\u00e3o.<\/p>\n\n\n\n<ul class=\"wp-block-list\"><li><strong>Adquira: <\/strong><a href=\"https:\/\/www.novaconcursos.com.br\/concurso\/policia-penal-mg\/apostila\">Apostilas Concurso Pol\u00edcia Penal MG<\/a><\/li>\n\n\n\n<li><strong>Adquira: <\/strong><a href=\"https:\/\/www.novaconcursos.com.br\/concurso\/policia-penal-mg\/curso-online\">Curso Online Concurso Pol\u00edcia Penal MG<\/a><\/li>\n<\/ul><p><\/p>\n\n\n\n<h2 class=\"wp-block-heading\" id=\"concurso-polcia-penal-mg-mudanas-no-edital\">Concurso Pol\u00edcia Penal MG: mudan\u00e7as no edital<\/h2>\n\n\n\n<h3 class=\"wp-block-heading\">N\u00edvel de escolaridade<\/h3>\n\n\n\n<p>Anteriormente, no edital publicado na data de <strong>18 de agosto de 2021<\/strong>, o que se sabia era que a exig\u00eancia para concorrer \u00e0 carreira de Policial Penal era o n\u00edvel m\u00e9dio, curso profissionalizante de ensino m\u00e9dio ou n\u00edvel superior.<\/p>\n\n\n\n<p>Com a retifica\u00e7\u00e3o, o requisito passou a ser apenas o <strong>n\u00edvel m\u00e9dio<\/strong>, que j\u00e1 demonstra que pessoas com forma\u00e7\u00e3o superior ou profissionalizante <strong>tamb\u00e9m podem<\/strong> concorrer \u00e0s vagas.<\/p>\n\n\n\n<h3 class=\"wp-block-heading\">Etapa avaliativa<\/h3>\n\n\n\n<p>Al\u00e9m disso, o documento trouxe informa\u00e7\u00f5es sobre a <strong>etapa avaliativa.<\/strong> As provas objetivas e discursivas ser\u00e3o realizadas no dia <strong>16 de janeiro de 2022.<\/strong> De acordo com o edital, os port\u00f5es se abrir\u00e3o \u00e0s 13h e ser\u00e3o fechados \u00e0s 13h45.<\/p>\n\n\n\n<p>Os candidatos devem permanecer, no m\u00ednimo, <strong>2 horas dentro de sala.<\/strong> Ademais, s\u00f3 poder\u00e1 levar consigo o caderno de quest\u00f5es aqueles que permanecerem at\u00e9 <strong>30 minutos antes do encerramento <\/strong>do tempo limite para a realiza\u00e7\u00e3o das avalia\u00e7\u00f5es.<\/p>\n\n\n\n<p>Os locais de prova e demais hor\u00e1rios poder\u00e3o ser consultados no dia <strong>11 de janeiro,<\/strong> por meio do site do <a rel=\"noreferrer noopener\" aria-label=\"Instituto Selecon (abre numa nova aba)\" href=\"https:\/\/selecon.com.br\/\" target=\"_blank\">Instituto Selecon<\/a>, banca organizadora do certame.<\/p>\n\n\n\n<h3 class=\"wp-block-heading\">Cuidados relacionados \u00e0 Covid-19<\/h3>\n\n\n\n<p>Ainda sobre a data de provas, o anterior edital comentava sobre a <strong>obrigatoriedade do uso da m\u00e1scara<\/strong> facial durante todo o tempo que o candidato estivesse nas depend\u00eancias do local a serem realizadas as avalia\u00e7\u00f5es.<\/p>\n\n\n\n<p>Agora, com a retifica\u00e7\u00e3o, o que se diz \u00e9 que o uso ser\u00e1 obrigat\u00f3rio desde que tais protocolos sanit\u00e1rios <strong>ainda estejam em vig\u00eancia<\/strong> \u00e0 incid\u00eancia da pandemia do Covid-19.<\/p>\n\n\n\n<h3 class=\"wp-block-heading\">Lota\u00e7\u00f5es<\/h3>\n\n\n\n<p>Por fim, a retifica\u00e7\u00e3o tamb\u00e9m contou com informa\u00e7\u00f5es acerca das <strong>lota\u00e7\u00f5es<\/strong>. De acordo com o documento, essa quest\u00e3o s\u00f3 ser\u00e1 definida ap\u00f3s a finaliza\u00e7\u00e3o do <strong>curso de forma\u00e7\u00e3o<\/strong>, conforme as vagas dispon\u00edveis. <\/p>\n\n\n\n<p>Al\u00e9m disso, a ordem de <strong>classifica\u00e7\u00e3o<\/strong> dos candidatos tamb\u00e9m ser\u00e1 observada, de maneira que aqueles que obtiverem melhores classifica\u00e7\u00f5es ser\u00e3o os primeiros a serem <strong>convocados para as lota\u00e7\u00f5es.<\/strong> <\/p>\n\n\n\n<h2 class=\"wp-block-heading\" id=\"concurso-polcia-penal-mg-vagas-cargos-e-remuneraes\">Concurso Pol\u00edcia Penal MG: vagas, cargos e remunera\u00e7\u00f5es<\/h2>\n\n\n\n<p>As inscri\u00e7\u00f5es para o concurso da Pol\u00edcia Penal de <a href=\"https:\/\/www.novaconcursos.com.br\/portal\/concursos-previstos\/mg\/\">Minas Gerais<\/a> estar\u00e3o abertas de <strong>22 de outubro a 21 de novembro<\/strong>, e podem ser realizadas no site da banca organizadora do certame. A taxa de inscri\u00e7\u00e3o possui o valor de <strong>R$49,16.<\/strong><\/p>\n\n\n\n<p>O concurso oferece <strong>2.420 vagas<\/strong> para o cargo de <strong>Policial Penal<\/strong> (antigo Agente Penitenci\u00e1rio). Uma parcela desse n\u00famero \u00e9 reservada \u00e0 <strong>pessoas com defici\u00eancia<\/strong>. A carreira exige o n\u00edvel m\u00e9dio completo, e o candidato deve possuir no m\u00ednimo 18 anos na data de posse.<\/p>\n\n\n\n<p>Os candidatos n\u00e3o precisam se preocupar com limite de idade m\u00e1xima, altura m\u00ednima e com Carteira Nacional de Habilita\u00e7\u00e3o (CNGH), uma vez que <strong>n\u00e3o s\u00e3o exig\u00eancias<\/strong> para o cargo.<\/p>\n\n\n\n<p>Aqueles que forem aprovados contar\u00e3o com uma jornada de trabalho de 4<strong>0 horas semanais<\/strong>, e com uma remunera\u00e7\u00e3o inicial no valor de <strong>R$4.631,25.<\/strong><\/p>\n\n\n\n<h2 class=\"wp-block-heading\" id=\"como-sero-as-etapas-avaliativas-do-concurso\">Como ser\u00e3o as etapas avaliativas do concurso?<\/h2>\n\n\n\n<p>Os candidatos do concurso passar\u00e3o por <strong>6 etapas avaliativas:<\/strong><\/p>\n\n\n\n<ul class=\"wp-block-list\"><li>Provas objetivas e reda\u00e7\u00e3o;<\/li>\n\n\n\n<li>Provas de aptid\u00e3o psicol\u00f3gica e psicot\u00e9cnica;<\/li>\n\n\n\n<li>Exames m\u00e9dicos;<\/li>\n\n\n\n<li>Provas de condicionamento f\u00edsico e testes espec\u00edficos;<\/li>\n\n\n\n<li>Comprova\u00e7\u00e3o de idoneidade e conduta ilibada;<\/li>\n\n\n\n<li>Curso de forma\u00e7\u00e3o profissional.<\/li>\n<\/ul><p><\/p>\n\n\n\n<p>A prova objetiva, bem como a reda\u00e7\u00e3o, deve acontecer no dia <strong>16 de janeiro de 2022<\/strong>. Os candidatos dever\u00e3o responder a <strong>60 quest\u00f5es<\/strong> no tempo m\u00e1ximo de 5 horas. A avalia\u00e7\u00e3o contar\u00e1 com as seguintes disciplinas:<\/p>\n\n\n\n<ul class=\"wp-block-list\"><li>L\u00edngua Portuguesa \u2013 10 quest\u00f5es;<\/li>\n\n\n\n<li>Inform\u00e1tica Base \u2013 5 quest\u00f5es;<\/li>\n\n\n\n<li>No\u00e7\u00f5es de Direito \u2013 10 quest\u00f5es;<\/li>\n\n\n\n<li>Direitos Humanos \u2013 10 quest\u00f5es;<\/li>\n\n\n\n<li>Legisla\u00e7\u00e3o Especial \u2013 20 quest\u00f5es;<\/li>\n\n\n\n<li>Racioc\u00ednio L\u00f3gico \u2013 5 quest\u00f5es.<\/li>\n<\/ul><p><\/p>\n\n\n\n<p>A <strong>reda\u00e7\u00e3o<\/strong> dever\u00e1 conter de 20 a 30 linhas. Al\u00e9m disso, as <strong>provas de condicionamento f\u00edsico<\/strong> est\u00e3o previstas para serem realizadas do dia 22 de junho ao dia 8 de julho de 2022.<\/p>","protected":false},"excerpt":{"rendered":"<p>Novidades para os concurseiros que j\u00e1 est\u00e3o se preparando para o concurso Pol\u00edcia Penal MG. O edital do concurso passou por sua primeira retifica\u00e7\u00e3o. Confira as altera\u00e7\u00f5es! As mudan\u00e7as feitas no edital para o concurso da Pol\u00edcia Penal de Minas Gerais s\u00e3o sobre n\u00edvel de escolaridade, hor\u00e1rio de provas, obrigatoriedade do uso da m\u00e1scara e [&hellip;]<\/p>\n","protected":false},"author":54674,"featured_media":126096,"comment_status":"closed","ping_status":"closed","sticky":false,"template":"","format":"standard","meta":{"_acf_changed":false,"footnotes":"","_wp_rev_ctl_limit":""},"categories":[228],"tags":[38340,37112,37508,39492,40756,38177,40264,40263,39490,37507],"class_list":["post-141088","post","type-post","status-publish","format-standard","has-post-thumbnail","hentry","category-noticias","tag-cargos-concurso-policia-penal-mg","tag-concurso-policia-penal-mg","tag-edital-concurso-policia-penal-mg","tag-etapas-do-concurso-policia-penal-mg","tag-inscricoes-concurso-policia-penal-mg","tag-provas-concurso-policia-penal-mg","tag-remuneracao-concurso-policia-penal-mg","tag-requisitos-concurso-policia-penal-mg","tag-salarios-concurso-policia-penal-mg","tag-vagas-concurso-policia-penal-mg"],"acf":[],"_links":{"self":[{"href":"https:\/\/www.novaconcursos.com.br\/portal\/wp-json\/wp\/v2\/posts\/141088","targetHints":{"allow":["GET"]}}],"collection":[{"href":"https:\/\/www.novaconcursos.com.br\/portal\/wp-json\/wp\/v2\/posts"}],"about":[{"href":"https:\/\/www.novaconcursos.com.br\/portal\/wp-json\/wp\/v2\/types\/post"}],"author":[{"embeddable":true,"href":"https:\/\/www.novaconcursos.com.br\/portal\/wp-json\/wp\/v2\/users\/54674"}],"replies":[{"embeddable":true,"href":"https:\/\/www.novaconcursos.com.br\/portal\/wp-json\/wp\/v2\/comments?post=141088"}],"version-history":[{"count":9,"href":"https:\/\/www.novaconcursos.com.br\/portal\/wp-json\/wp\/v2\/posts\/141088\/revisions"}],"predecessor-version":[{"id":298194,"href":"https:\/\/www.novaconcursos.com.br\/portal\/wp-json\/wp\/v2\/posts\/141088\/revisions\/298194"}],"wp:featuredmedia":[{"embeddable":true,"href":"https:\/\/www.novaconcursos.com.br\/portal\/wp-json\/wp\/v2\/media\/126096"}],"wp:attachment":[{"href":"https:\/\/www.novaconcursos.com.br\/portal\/wp-json\/wp\/v2\/media?parent=141088"}],"wp:term":[{"taxonomy":"category","embeddable":true,"href":"https:\/\/www.novaconcursos.com.br\/portal\/wp-json\/wp\/v2\/categories?post=141088"},{"taxonomy":"post_tag","embeddable":true,"href":"https:\/\/www.novaconcursos.com.br\/portal\/wp-json\/wp\/v2\/tags?post=141088"}],"curies":[{"name":"wp","href":"https:\/\/api.w.org\/{rel}","templated":true}]}}