{"id":141111,"date":"2021-08-24T11:28:24","date_gmt":"2021-08-24T14:28:24","guid":{"rendered":"https:\/\/www.novaconcursos.com.br\/portal\/?p=141111"},"modified":"2025-05-06T17:52:25","modified_gmt":"2025-05-06T20:52:25","slug":"concurso-ifrj-pedidos-de-isencao","status":"publish","type":"post","link":"https:\/\/www.novaconcursos.com.br\/portal\/noticias\/concurso-ifrj-pedidos-de-isencao\/","title":{"rendered":"Concurso IFRJ: Confira o resultado dos pedidos de isen\u00e7\u00e3o!"},"content":{"rendered":"<p>Foi publicada a <strong>listagem com o resultado dos isentos<\/strong> do pagamento da taxa de inscri\u00e7\u00e3o no concurso IFRJ.<\/p>\n\n\n\n<p>Vale lembrar que a sele\u00e7\u00e3o conta com oferta de <strong>53 vagas\u00a0imediata<\/strong>s\u00a0em carreiras\u00a0dos n\u00edveis m\u00e9dio, m\u00e9dio\/t\u00e9cnico e superior, com remunera\u00e7\u00e3o de <strong>at\u00e9\u00a0R$ 4.638,66<\/strong>.\u00a0 <\/p>\n\n\n\n<h2 class=\"wp-block-heading\" id=\"iseno-da-taxa-do-concurso-ifrj\">Isen\u00e7\u00e3o da taxa do concurso IFRJ<\/h2>\n\n\n\n<p>O <strong>resultado oficial com os nomes dos candidatos que conseguiram a isen\u00e7\u00e3o da taxa de inscri\u00e7\u00e3o <\/strong>do concurso IFRJ para \u00e1rea de apoio, j\u00e1 est\u00e1 dispon\u00edvel no site da banca organizadora, Instituto Universal de Desenvolvimento Social (IUDS\u00a0)<\/p>\n\n\n\n<p>Lembrando que puderam realizar o pedido, candidatos membros de fam\u00edlia de baixa renda, inscritos no Cad\u00danico e doadores de medula \u00f3ssea. As solicita\u00e7\u00f5es foram enviadas ao site da banca.<\/p>\n\n\n\n<h2 class=\"wp-block-heading\" id=\"cargos-e-vagas-ofertados-no-concurso-ifrj\">Cargos e vagas ofertados no concurso IFRJ<\/h2>\n\n\n\n<p>S\u00e3o ofertadas ao todo,\u00a0<strong>53 vagas\u00a0<\/strong>em cargos dos n\u00edveis m\u00e9dio, m\u00e9dio\/t\u00e9cnico e superior. O cargo que se destaca na sele\u00e7\u00e3o \u00e9 o\u00a0<strong>Assistente em Administra\u00e7\u00e3o, destinado a quem possui o n\u00edvel m\u00e9dio<\/strong>\u00a0e com 23\u00a0vagas.<\/p>\n\n\n\n<p>Tamb\u00e9m para quem possui o n\u00edvel m\u00e9dio, a fun\u00e7\u00e3o de<strong>\u00a0Assistente de Alunos<\/strong>\u00a0conta com tr\u00eas vagas.<\/p>\n\n\n\n<p>Para este ano o Instituto Federal\u00a0de Educa\u00e7\u00e3o, Ci\u00eancia e Tecnologia do Rio de Janeiro traz uma mudan\u00e7a importante em rela\u00e7\u00e3o aos requisitos dessas duas carreiras.\u00a0<strong>N\u00e3o h\u00e1 exig\u00eancia de experi\u00eancia profissional.<\/strong><\/p>\n\n\n\n<p>O concurso IFRJ 2021 conta com oportunidades tamb\u00e9m no n\u00edvel m\u00e9dio\/t\u00e9cnico.<\/p>\n\n\n\n<p>As<strong>\u00a011 vagas<\/strong>\u00a0s\u00e3o para as \u00e1reas de Tecnologia da Informa\u00e7\u00e3o (seis vagas), Contabilidade (duas),\u00a0T\u00e9cnico de Laborat\u00f3rio\u00a0Audiovisual (uma) e T\u00e9cnico de Laborat\u00f3rio\u00a0Eletrot\u00e9cnica (duas).<\/p>\n\n\n\n<p><strong>J\u00e1 no n\u00edvel superior h\u00e1 16 vagas para as seguintes carreiras:<\/strong>\u00a0Pedagogo (duas), T\u00e9cnico em Assuntos Educacionais (cinco), Administrador (tr\u00eas), Contador (duas), Qu\u00edmico (duas), Analista de Tecnologia da Informa\u00e7\u00e3o (uma) e Tecn\u00f3logo de Recursos Humanos (uma).<\/p>\n\n\n\n<p>Os selecionados ser\u00e3o contratados pelo\u00a0<strong>regime estatut\u00e1rio<\/strong>, que assegura a estabilidade empregat\u00edcia. A carga de trabalho \u00e9 de\u00a0<strong>40 horas semanais.<\/strong><\/p>\n\n\n\n<h2 class=\"wp-block-heading\" id=\"concurso-ifrj-ter-provas-em-outubro\">Concurso IFRJ ter\u00e1 provas em outubro<\/h2>\n\n\n\n<p>Os candidatos ao <a href=\"https:\/\/www.novaconcursos.com.br\/portal\/concursos-previstos\/rj\/\">concurso<\/a> ser\u00e3o avaliados por duas etapas, sendo elas a <strong>prova objetiva<\/strong>, e no caso dos graduados ter\u00e1 a <strong>avalia\u00e7\u00e3o de t\u00edtulos<\/strong>.<\/p>\n\n\n\n<p>A prova objetiva contar\u00e1 com 50 quest\u00f5es e est\u00e1 marcada para\u00a0ocorrer no dia <strong>3 de outubro pela manh\u00e3<\/strong>. Como todas as provas ser\u00e3o em mesmo hor\u00e1rio,\u00a0<strong>n\u00e3o ser\u00e1 poss\u00edvel ao candidato concorrer a mais de um cargo.<\/strong> <\/p>\n\n\n\n<p>Para as carreiras de\u00a0<strong>n\u00edveis m\u00e9dio e m\u00e9dio\/t\u00e9cnico<\/strong>\u00a0ser\u00e3o:<\/p>\n\n\n\n<ul class=\"wp-block-list\"><li>L\u00edngua Portuguesa \u2013 8 quest\u00f5es<\/li>\n\n\n\n<li>Inform\u00e1tica \u2013 5 quest\u00f5es<\/li>\n\n\n\n<li>Legisla\u00e7\u00e3o e \u00c9tica \u2013 7 quest\u00f5es<\/li>\n\n\n\n<li>Conhecimentos Espec\u00edficos \u2013 30 quest\u00f5es (que ir\u00e3o variar de acordo com o cargo).<\/li>\n<\/ul><p><\/p>\n\n\n\n<p>Para o\u00a0<strong>n\u00edvel superior<\/strong>, ser\u00e3o:<\/p>\n\n\n\n<ul class=\"wp-block-list\"><li>L\u00edngua Portuguesa \u2013 8 quest\u00f5es<\/li>\n\n\n\n<li>Legisla\u00e7\u00e3o e \u00c9tica \u2013 7 quest\u00f5es<\/li>\n\n\n\n<li>Conhecimentos Espec\u00edficos \u2013 35 quest\u00f5es (que tamb\u00e9m ir\u00e3o variar de acordo com a carreira escolhida).<\/li>\n<\/ul>","protected":false},"excerpt":{"rendered":"<p>Foi publicada a listagem com o resultado dos isentos do pagamento da taxa de inscri\u00e7\u00e3o no concurso IFRJ. Vale lembrar que a sele\u00e7\u00e3o conta com oferta de 53 vagas\u00a0imediatas\u00a0em carreiras\u00a0dos n\u00edveis m\u00e9dio, m\u00e9dio\/t\u00e9cnico e superior, com remunera\u00e7\u00e3o de at\u00e9\u00a0R$ 4.638,66.\u00a0 Isen\u00e7\u00e3o da taxa do concurso IFRJ O resultado oficial com os nomes dos candidatos que [&hellip;]<\/p>\n","protected":false},"author":54662,"featured_media":138051,"comment_status":"closed","ping_status":"closed","sticky":false,"template":"","format":"standard","meta":{"_acf_changed":false,"footnotes":"","_wp_rev_ctl_limit":""},"categories":[228],"tags":[40877,14938,40878,40876,40454,40455,40453],"class_list":["post-141111","post","type-post","status-publish","format-standard","has-post-thumbnail","hentry","category-noticias","tag-banca-orgamizadora-concurso-ifrj","tag-concurso-ifrj","tag-edital-concurso-ifrj","tag-isencao-da-taxa-concurso-ifrj","tag-provas-concurso-ifrj","tag-requisitos-concurso-ifrj","tag-vagas-concurso-ifrj"],"acf":[],"_links":{"self":[{"href":"https:\/\/www.novaconcursos.com.br\/portal\/wp-json\/wp\/v2\/posts\/141111","targetHints":{"allow":["GET"]}}],"collection":[{"href":"https:\/\/www.novaconcursos.com.br\/portal\/wp-json\/wp\/v2\/posts"}],"about":[{"href":"https:\/\/www.novaconcursos.com.br\/portal\/wp-json\/wp\/v2\/types\/post"}],"author":[{"embeddable":true,"href":"https:\/\/www.novaconcursos.com.br\/portal\/wp-json\/wp\/v2\/users\/54662"}],"replies":[{"embeddable":true,"href":"https:\/\/www.novaconcursos.com.br\/portal\/wp-json\/wp\/v2\/comments?post=141111"}],"version-history":[{"count":4,"href":"https:\/\/www.novaconcursos.com.br\/portal\/wp-json\/wp\/v2\/posts\/141111\/revisions"}],"predecessor-version":[{"id":281697,"href":"https:\/\/www.novaconcursos.com.br\/portal\/wp-json\/wp\/v2\/posts\/141111\/revisions\/281697"}],"wp:featuredmedia":[{"embeddable":true,"href":"https:\/\/www.novaconcursos.com.br\/portal\/wp-json\/wp\/v2\/media\/138051"}],"wp:attachment":[{"href":"https:\/\/www.novaconcursos.com.br\/portal\/wp-json\/wp\/v2\/media?parent=141111"}],"wp:term":[{"taxonomy":"category","embeddable":true,"href":"https:\/\/www.novaconcursos.com.br\/portal\/wp-json\/wp\/v2\/categories?post=141111"},{"taxonomy":"post_tag","embeddable":true,"href":"https:\/\/www.novaconcursos.com.br\/portal\/wp-json\/wp\/v2\/tags?post=141111"}],"curies":[{"name":"wp","href":"https:\/\/api.w.org\/{rel}","templated":true}]}}