{"id":141168,"date":"2021-08-24T17:31:33","date_gmt":"2021-08-24T20:31:33","guid":{"rendered":"https:\/\/www.novaconcursos.com.br\/portal\/?p=141168"},"modified":"2021-08-24T17:31:36","modified_gmt":"2021-08-24T20:31:36","slug":"concurso-undf-edital-esta-previsto-para-2022-diz-secretaria","status":"publish","type":"post","link":"https:\/\/www.novaconcursos.com.br\/portal\/noticias\/concurso-undf-edital-esta-previsto-para-2022-diz-secretaria\/","title":{"rendered":"Concurso UnDF: Edital est\u00e1 previsto para 2022, diz secret\u00e1ria!"},"content":{"rendered":"<p>Aten\u00e7\u00e3o, concurseiros! Oportunidades chegar\u00e3o em breve por conta do <a href=\"https:\/\/www.novaconcursos.com.br\/portal\/concursos\/concurso-undf\/\">concurso UnDF<\/a>, cujo edital est\u00e1 previsto para<strong> 2022.<\/strong><\/p>\n\n\n\n<ul class=\"wp-block-list\"><li><strong>Confira: <\/strong><a href=\"https:\/\/www.novaconcursos.com.br\/eventos\/guia-definitivo-como-montar-um-mapa-mental\/\" target=\"_blank\" rel=\"noreferrer noopener\" aria-label=\" (abre numa nova aba)\">Guia Definitivo Como montar um mapa mental \u2013 Gr\u00e1tis<\/a><\/li><\/ul><p><\/p>\n\n\n\n<p>Em<strong> mar\u00e7o de 2020<\/strong>, o projeto de lei para a cria\u00e7\u00e3o da Universidade do <a href=\"https:\/\/www.novaconcursos.com.br\/portal\/concursos-previstos\/df\/\">Distrito Federal<\/a> Jorge Amaury (UnDF) entrou em pauta na C\u00e2mara Legislativa do estado. Em <strong>28 de julho de 2021,<\/strong> o governador Ibaneis Rocha sancionou a lei de cria\u00e7\u00e3o da universidade.<\/p>\n\n\n\n<p>Sendo assim, um concurso p\u00fablico acontecer\u00e1 para preencher o quadro de servidores. H\u00e9lvia Paranagu\u00e1, Secret\u00e1ria de Educa\u00e7\u00e3o do Distrito Federal revelou que o concurso poder\u00e1 ser realizar entre <strong>o fim deste ano e o in\u00edcio de 2022.<\/strong><\/p>\n\n\n\n<h2 class=\"wp-block-heading\" id=\"concurso-undf-vagas\">Concurso UnDF: vagas<\/h2>\n\n\n\n<p>De acordo com a Secret\u00e1ria de Educa\u00e7\u00e3o do estado, em uma entrevista ao CB Poder na \u00faltima sexta-feira,<strong> 20 de agosto<\/strong>, cerca de <strong>2 mil vaga<\/strong>s ser\u00e3o ofertadas pelo concurso:<\/p>\n\n\n\n<p><em>\u201cMais para frente, n\u00e3o sei se neste ano ou no ano que vem, deve sair o concurso da UnDF (Universidade do Distrito Federal). Vir\u00e1 um n\u00famero grande (no edital): cerca de 2 mil vagas.\u201d<\/em><\/p>\n\n\n\n<p>Ibaneis Rocha havia previsto, anteriormente, que cerca de <strong>3,5 mil vagas<\/strong> seriam disponibilizadas. At\u00e9 o momento, o governador n\u00e3o p\u00f4de informar entre quais carreiras estar\u00e3o divididas as vagas, mas a expectativa \u00e9 de que existam oportunidades para <strong>Professores e T\u00e9cnicos-Administrativos.<\/strong><\/p>\n\n\n\n<p>As remunera\u00e7\u00f5es tamb\u00e9m<strong> n\u00e3o foram reveladas<\/strong> at\u00e9 o momento.<\/p>\n\n\n\n<p>Al\u00e9m disso, espera-se para 2022 a cria\u00e7\u00e3o de <strong>2.500 cargos<\/strong> para Professor de Educa\u00e7\u00e3o Superior e <strong>1.000 <\/strong>para Tutor de Educa\u00e7\u00e3o Superior, segundo o Projeto de Diretrizes Or\u00e7ament\u00e1rias do <a href=\"https:\/\/www.novaconcursos.com.br\/portal\/concursos-abertos\/df\/\">Distrito Federal<\/a>.<\/p>\n\n\n\n<p>Novas informa\u00e7\u00f5es podem ser reveladas em breve, uma vez que o governador dever\u00e1 elaborar e apresentar \u00e0 C\u00e2mara Legislativa do DF um <strong>projeto de lei<\/strong> com diversos detalhes, como o Plano de Carreira e os Cargos e Remunera\u00e7\u00f5es no Quadro de Pessoal da UnDF.<\/p>\n\n\n\n<h2 class=\"wp-block-heading\" id=\"diversos-cursos-sero-ofertados-pela-universidade\">Diversos cursos ser\u00e3o ofertados pela Universidade<\/h2>\n\n\n\n<p>A UnDF contar\u00e1 com <strong>diversos cursos de gradua\u00e7\u00e3o<\/strong> para as seguintes \u00e1reas:<\/p>\n\n\n\n<ul class=\"wp-block-list\"><li>Ci\u00eancias da Sa\u00fade e Humanas;<\/li><li>Cidadania e Meio Ambiente;<\/li><li>Gest\u00e3o Governamental de Pol\u00edticas P\u00fablicas e de Servi\u00e7os;<\/li><li>Educa\u00e7\u00e3o e Magist\u00e9rio;<\/li><li>Letras, Artes e L\u00ednguas Estrangeiras Modernas;<\/li><li>Ci\u00eancias da Natureza e Matem\u00e1ticas;<\/li><li>Educa\u00e7\u00e3o F\u00edsica e Esportes;<\/li><li>Seguran\u00e7a P\u00fablica e Defesa Social;<\/li><li>Engenharia e \u00c1reas Tecnol\u00f3gicas de Setores Produtivos; e<\/li><li>Arquitetura e Urbanismo.<\/li><\/ul><p><\/p>\n\n\n\n<p>A <strong>admiss\u00e3o dos alunos <\/strong>poder\u00e1 dar-se por meio do Exame Nacional de Ensino M\u00e9dio (ENEM) e do Sistema de Sele\u00e7\u00e3o Unificada (Sisu). Al\u00e9m disso, o <strong>ingresso de estudantes <\/strong>pode acontecer por meio da Escola Superior de Ci\u00eancias da Sa\u00fade (Escs) e da Escola Superior de Gest\u00e3o (ESG).<\/p>\n\n\n\n<p>Sendo assim, <strong>40% das vagas <\/strong>na Universidade estariam reservadas para os alunos que conclu\u00edram sua educa\u00e7\u00e3o b\u00e1sica <strong>exclusivamente na rede p\u00fablica<\/strong> de ensino. Ademais, a <strong>cota racial<\/strong> tamb\u00e9m ser\u00e1 atendida.<\/p>\n\n\n\n<p>As <strong>aulas<\/strong> est\u00e3o previstas para terem in\u00edcio j\u00e1 em <strong>2022<\/strong>. Inicialmente, o funcionamento da universidade em um im\u00f3vel cedido pelo governo do estado, no Lago Norte.<\/p>","protected":false},"excerpt":{"rendered":"<p>Aten\u00e7\u00e3o, concurseiros! Oportunidades chegar\u00e3o em breve por conta do concurso UnDF, cujo edital est\u00e1 previsto para 2022. Confira: Guia Definitivo Como montar um mapa mental \u2013 Gr\u00e1tis Em mar\u00e7o de 2020, o projeto de lei para a cria\u00e7\u00e3o da Universidade do Distrito Federal Jorge Amaury (UnDF) entrou em pauta na C\u00e2mara Legislativa do estado. Em [&hellip;]<\/p>\n","protected":false},"author":54674,"featured_media":141161,"comment_status":"closed","ping_status":"closed","sticky":false,"template":"","format":"standard","meta":{"_acf_changed":false,"footnotes":"","_wp_rev_ctl_limit":""},"categories":[228],"tags":[40891,40896,40894,40895,40893],"class_list":["post-141168","post","type-post","status-publish","format-standard","has-post-thumbnail","hentry","category-noticias","tag-concurso-undf","tag-concurso-undf-cargos","tag-concurso-undf-edital","tag-concurso-undf-previsto","tag-concurso-undf-vagas"],"acf":[],"_links":{"self":[{"href":"https:\/\/www.novaconcursos.com.br\/portal\/wp-json\/wp\/v2\/posts\/141168","targetHints":{"allow":["GET"]}}],"collection":[{"href":"https:\/\/www.novaconcursos.com.br\/portal\/wp-json\/wp\/v2\/posts"}],"about":[{"href":"https:\/\/www.novaconcursos.com.br\/portal\/wp-json\/wp\/v2\/types\/post"}],"author":[{"embeddable":true,"href":"https:\/\/www.novaconcursos.com.br\/portal\/wp-json\/wp\/v2\/users\/54674"}],"replies":[{"embeddable":true,"href":"https:\/\/www.novaconcursos.com.br\/portal\/wp-json\/wp\/v2\/comments?post=141168"}],"version-history":[{"count":3,"href":"https:\/\/www.novaconcursos.com.br\/portal\/wp-json\/wp\/v2\/posts\/141168\/revisions"}],"predecessor-version":[{"id":141176,"href":"https:\/\/www.novaconcursos.com.br\/portal\/wp-json\/wp\/v2\/posts\/141168\/revisions\/141176"}],"wp:featuredmedia":[{"embeddable":true,"href":"https:\/\/www.novaconcursos.com.br\/portal\/wp-json\/wp\/v2\/media\/141161"}],"wp:attachment":[{"href":"https:\/\/www.novaconcursos.com.br\/portal\/wp-json\/wp\/v2\/media?parent=141168"}],"wp:term":[{"taxonomy":"category","embeddable":true,"href":"https:\/\/www.novaconcursos.com.br\/portal\/wp-json\/wp\/v2\/categories?post=141168"},{"taxonomy":"post_tag","embeddable":true,"href":"https:\/\/www.novaconcursos.com.br\/portal\/wp-json\/wp\/v2\/tags?post=141168"}],"curies":[{"name":"wp","href":"https:\/\/api.w.org\/{rel}","templated":true}]}}