{"id":141177,"date":"2021-08-24T17:24:22","date_gmt":"2021-08-24T20:24:22","guid":{"rendered":"https:\/\/www.novaconcursos.com.br\/portal\/?p=141177"},"modified":"2021-08-24T17:24:26","modified_gmt":"2021-08-24T20:24:26","slug":"concurso-pm-ce-oficiais-comissao-organizadora-formada","status":"publish","type":"post","link":"https:\/\/www.novaconcursos.com.br\/portal\/noticias\/concurso-pm-ce-oficiais-comissao-organizadora-formada\/","title":{"rendered":"Concurso PM CE Oficiais: Comiss\u00e3o organizadora est\u00e1 formada!"},"content":{"rendered":"<p>Novidades para os concurseiros interessados no <a href=\"https:\/\/www.novaconcursos.com.br\/portal\/concursos\/concurso-pm-ce-oficiais\/\">concurso PM CE Oficiais<\/a>. A comiss\u00e3o organizadora para o certame<strong> j\u00e1 foi formada!<\/strong><\/p>\n\n\n\n<ul class=\"wp-block-list\"><li><strong>Confira: <\/strong><a href=\"https:\/\/www.novaconcursos.com.br\/eventos\/guia-definitivo-plano-de-estudos-passo-a-passo\/\">Guia Definitivo Plano de Estudos \u2013 Gr\u00e1tis<\/a><\/li><\/ul><p><\/p>\n\n\n\n<p>Na \u00faltima segunda-feira, <strong>23 de agosto de 2021<\/strong>, foi divulgado por meio do Di\u00e1rio Oficial que uma nova <strong>comiss\u00e3o organizadora<\/strong> foi formada para o concurso da Pol\u00edcia Militar do <a href=\"https:\/\/www.novaconcursos.com.br\/portal\/concursos-previstos\/ce\/\">Cear\u00e1<\/a>, que oferece vagas para <strong>Oficiais.<\/strong><\/p>\n\n\n\n<p>A equipe ficar\u00e1 respons\u00e1vel por agilizar os tr\u00e2mites que antecedem a publica\u00e7\u00e3o do edital, uma vez que tal publica\u00e7\u00e3o est\u00e1 prevista para acontecer <strong>ainda este ano<\/strong>. Al\u00e9m disso, o grupo dever\u00e1 <strong>fiscalizar o processo de sele\u00e7\u00e3o<\/strong>. Os 5 servidores s\u00e3o:<\/p>\n\n\n\n<ul class=\"wp-block-list\"><li>Sandra Helena de Carvalho Albuquerque \u2013 PM CE (presidente da comiss\u00e3o);<\/li><li>Emily Pereira Soares \u2013 SSPDS;<\/li><li>Jos\u00e9 Roberto de Moura Correia \u2013 Aesp;<\/li><li>Marcus Vinicius de Souza Dionizio \u2013 Seplag;<\/li><li>Tony In\u00e1cio Cardoso \u2013 Seplag.<\/li><\/ul><p><\/p>\n\n\n\n<p>O documento foi assinado pelo governador do <a href=\"https:\/\/www.novaconcursos.com.br\/portal\/concursos-abertos\/ce\/\">Cear\u00e1<\/a>, Camilo Santana, pelo secret\u00e1rio executivo de Planejamento e Gest\u00e3o Interna, Ronaldo Lima, e tamb\u00e9m por Sandro Caron, secret\u00e1rio de Seguran\u00e7a P\u00fablica.<\/p>\n\n\n\n<h2 class=\"wp-block-heading\" id=\"concurso-pm-ce-oficiais-vagas-e-cargos\">Concurso PM CE Oficiais: vagas e cargos<\/h2>\n\n\n\n<p>O concurso PM CE oferece <strong>50 vagas<\/strong> para o cargo de <strong>Oficial<\/strong>. As oportunidades est\u00e3o distribu\u00eddas entre <strong>diversas especialidades<\/strong>. Confira:<\/p>\n\n\n\n<ul class=\"wp-block-list\"><li>Psic\u00f3logo \u2013 20 vagas (10 para homens e 10 para mulheres)<\/li><li>Assistente Social \u2013 04 vagas (livre concorr\u00eancia)<\/li><li>Farmac\u00eautico \u2013 Bioqu\u00edmico \u2013 01 vaga<\/li><li>M\u00e9dico Psiquiatra \u2013 06 vagas (03 para homens e 03 para mulheres)<\/li><li>M\u00e9dico Ortopedista \u2013 02 vagas (01 para homens e 01 para mulheres)<\/li><li>M\u00e9dico Cardiologista \u2013 02 vagas (01 para homens e 01 para mulheres)<\/li><li>M\u00e9dico do Trabalho \u2013 03 vagas (02 para homens e 01 para mulheres)<\/li><li>M\u00e9dico Cl\u00ednico \u2013 06 vagas (03 para homens e 03 para mulheres)<\/li><li>Cirurgi\u00e3o Dentista (Dent\u00edstica) \u2013 01 vaga (livre concorr\u00eancia)<\/li><li>Cirurgi\u00e3o Dentista (Cirurgia) \u2013 01 vaga (livre concorr\u00eancia)<\/li><li>Cirurgi\u00e3o Dentista (Endodontia) \u2013 01 vaga (livre concorr\u00eancia)<\/li><li>Cirurgi\u00e3o Dentista (Pr\u00f3tese) \u2013 01 vaga (livre concorr\u00eancia)<\/li><li>Cirurgi\u00e3o Dentista (Ortodontia) \u2013 01 vaga (livre concorr\u00eancia)<\/li><li>Cirurgi\u00e3o Dentista (Pacientes Especiais) \u2013 01 vaga (livre concorr\u00eancia)<\/li><\/ul><p><\/p>\n\n\n\n<p>Entre as vagas, tamb\u00e9m existe a previs\u00e3o de uma reserva para <strong>pessoas negras<\/strong> nas especialidades Psic\u00f3logo (4), M\u00e9dico Psiquiatra (2) e M\u00e9dico Cl\u00ednico (2).<\/p>\n\n\n\n<p>Ainda n\u00e3o se sabe quando as inscri\u00e7\u00f5es para o concurso ser\u00e3o abertas. Entretanto, o que se prev\u00ea \u00e9 que o certame conte com <strong>6 mil inscritos<\/strong>, sendo <strong>600 isentos<\/strong>. Poder\u00e3o obter a <strong>isen\u00e7\u00e3o<\/strong> aqueles que forem:<\/p>\n\n\n\n<ul class=\"wp-block-list\"><li>Servidor P\u00fablico do Estado do Cear\u00e1;<\/li><li>Doador de Sangue no Estado do Cear\u00e1;<\/li><li>Alunos que estudam ou conclu\u00edram seus estudos em entidades p\u00fablicas;<\/li><li>Pessoa cuja fam\u00edlia perceba renda de at\u00e9 dois sal\u00e1rios-m\u00ednimos; e<\/li><li>Pessoa hipossuficiente.<\/li><\/ul><p><\/p>\n\n\n\n<p>Al\u00e9m disso, a <strong>banca organizadora<\/strong> do certame j\u00e1 foi contratada, sendo escolhida a <a href=\"https:\/\/www.vunesp.com.br\/\" target=\"_blank\" rel=\"noreferrer noopener\" aria-label=\"Funda\u00e7\u00e3o Vunesp (abre numa nova aba)\">Funda\u00e7\u00e3o Vunesp<\/a>.<\/p>\n\n\n\n<h2 class=\"wp-block-heading\" id=\"como-sero-as-provas-para-o-concurso\">Como ser\u00e3o as provas para o concurso?<\/h2>\n\n\n\n<p>Os candidatos interessados em fazer parte da Pol\u00edcia Militar do Cear\u00e1 dever\u00e3o passar por <strong>6 etapas avaliativas<\/strong>, de acordo com o <strong>projeto b\u00e1sico:<\/strong><\/p>\n\n\n\n<ul class=\"wp-block-list\"><li>Exame Intelectual (conhecimentos b\u00e1sicos e espec\u00edficos);<\/li><li>Prova de T\u00edtulos;<\/li><li>Inspe\u00e7\u00e3o de Sa\u00fade;<\/li><li>Avalia\u00e7\u00e3o Psicol\u00f3gica;<\/li><li>Teste de Aptid\u00e3o F\u00edsica;<\/li><li>Investiga\u00e7\u00e3o Social.<\/li><\/ul><p><\/p>\n\n\n\n<p>A <strong>avalia\u00e7\u00e3o objetiva<\/strong> contar\u00e1 com <strong>100 quest\u00f5es<\/strong>, em que 40 ser\u00e3o sobre Conhecimentos B\u00e1sicos e 60 sobre Conhecimentos Espec\u00edficos. <\/p>\n\n\n\n<p>J\u00e1 para o <strong>teste de aptid\u00e3o f\u00edsica<\/strong>, os candidatos dever\u00e3o realizar as seguintes atividades:<\/p>\n\n\n\n<ul class=\"wp-block-list\"><li>Teste de flex\u00e3o abdominal;<\/li><li>Corrida de 12 minutos;<\/li><li>Teste de flex\u00e3o din\u00e2mica\/est\u00e1tica de bra\u00e7o na\nbarra fixa;<\/li><li>Corrida de 50 metros.<\/li><\/ul>","protected":false},"excerpt":{"rendered":"<p>Novidades para os concurseiros interessados no concurso PM CE Oficiais. A comiss\u00e3o organizadora para o certame j\u00e1 foi formada! Confira: Guia Definitivo Plano de Estudos \u2013 Gr\u00e1tis Na \u00faltima segunda-feira, 23 de agosto de 2021, foi divulgado por meio do Di\u00e1rio Oficial que uma nova comiss\u00e3o organizadora foi formada para o concurso da Pol\u00edcia Militar [&hellip;]<\/p>\n","protected":false},"author":54674,"featured_media":129920,"comment_status":"closed","ping_status":"closed","sticky":false,"template":"","format":"standard","meta":{"_acf_changed":false,"footnotes":"","_wp_rev_ctl_limit":""},"categories":[228],"tags":[38397,13315,39563,13317,39280,39566,3987,38025],"class_list":["post-141177","post","type-post","status-publish","format-standard","has-post-thumbnail","hentry","category-noticias","tag-cargos-concurso-pm-ce","tag-concurso-pm-ce","tag-concurso-pm-ce-oficiais","tag-concurso-pm-ceara","tag-etapas-do-concurso-pm-ce","tag-novidades-concurso-pm-ce","tag-previsao-de-concurso-pm-ce","tag-vagas-concurso-pm-ce"],"acf":[],"_links":{"self":[{"href":"https:\/\/www.novaconcursos.com.br\/portal\/wp-json\/wp\/v2\/posts\/141177","targetHints":{"allow":["GET"]}}],"collection":[{"href":"https:\/\/www.novaconcursos.com.br\/portal\/wp-json\/wp\/v2\/posts"}],"about":[{"href":"https:\/\/www.novaconcursos.com.br\/portal\/wp-json\/wp\/v2\/types\/post"}],"author":[{"embeddable":true,"href":"https:\/\/www.novaconcursos.com.br\/portal\/wp-json\/wp\/v2\/users\/54674"}],"replies":[{"embeddable":true,"href":"https:\/\/www.novaconcursos.com.br\/portal\/wp-json\/wp\/v2\/comments?post=141177"}],"version-history":[{"count":3,"href":"https:\/\/www.novaconcursos.com.br\/portal\/wp-json\/wp\/v2\/posts\/141177\/revisions"}],"predecessor-version":[{"id":141182,"href":"https:\/\/www.novaconcursos.com.br\/portal\/wp-json\/wp\/v2\/posts\/141177\/revisions\/141182"}],"wp:featuredmedia":[{"embeddable":true,"href":"https:\/\/www.novaconcursos.com.br\/portal\/wp-json\/wp\/v2\/media\/129920"}],"wp:attachment":[{"href":"https:\/\/www.novaconcursos.com.br\/portal\/wp-json\/wp\/v2\/media?parent=141177"}],"wp:term":[{"taxonomy":"category","embeddable":true,"href":"https:\/\/www.novaconcursos.com.br\/portal\/wp-json\/wp\/v2\/categories?post=141177"},{"taxonomy":"post_tag","embeddable":true,"href":"https:\/\/www.novaconcursos.com.br\/portal\/wp-json\/wp\/v2\/tags?post=141177"}],"curies":[{"name":"wp","href":"https:\/\/api.w.org\/{rel}","templated":true}]}}