{"id":141429,"date":"2021-08-26T16:12:42","date_gmt":"2021-08-26T19:12:42","guid":{"rendered":"https:\/\/www.novaconcursos.com.br\/portal\/?p=141429"},"modified":"2021-08-26T16:12:46","modified_gmt":"2021-08-26T19:12:46","slug":"concurso-al-ce-tera-nova-data-de-prova-diz-presidente","status":"publish","type":"post","link":"https:\/\/www.novaconcursos.com.br\/portal\/noticias\/concurso-al-ce-tera-nova-data-de-prova-diz-presidente\/","title":{"rendered":"Concurso AL CE: Ter\u00e1 nova data de prova, diz presidente!"},"content":{"rendered":"<p>Aten\u00e7\u00e3o, candidatos do <a href=\"https:\/\/www.novaconcursos.com.br\/portal\/concursos\/concurso-assembleia-legislativa-ce\/\">concurso AL CE<\/a>. As provas para o processo seletivo ter\u00e3o uma <strong>nova data<\/strong>, de acordo com o presidente da Assembleia.<\/p>\n\n\n\n<ul class=\"wp-block-list\"><li><strong>Confira: <\/strong><a href=\"https:\/\/www.novaconcursos.com.br\/eventos\/guia-definitivo-plano-de-estudos-passo-a-passo\/\" target=\"_blank\" rel=\"noreferrer noopener\" aria-label=\" (abre numa nova aba)\">Guia Definitivo Plano de Estudos \u2013 Gr\u00e1tis<\/a><\/li><\/ul><p><\/p>\n\n\n\n<p>Na \u00faltima quarta-feira, <strong>25 de agosto de 2021<\/strong>, o presidente da Assembleia Legislativa do <a href=\"https:\/\/www.novaconcursos.com.br\/portal\/concursos-abertos\/ce\/\">Cear\u00e1<\/a>, Evandro Leit\u00e3o, anunciou que as provas para o concurso AL CE contar\u00e3o com uma <strong>nova data de aplica\u00e7\u00e3o.<\/strong><\/p>\n\n\n\n<ul class=\"wp-block-list\"><li><strong>Adquira: <\/strong><a href=\"https:\/\/www.novaconcursos.com.br\/concurso\/al-ce-assembleia-legislativa-do-ceara\/apostila\">Apostila Concurso AL CE<\/a><\/li><\/ul><p><\/p>\n\n\n\n<p>De acordo com o deputado, a decis\u00e3o foi tomada levando em considera\u00e7\u00e3o que no dia <strong>7 de novembro<\/strong>, antiga data prevista para as provas, j\u00e1 estar\u00e3o ocorrendo as avalia\u00e7\u00f5es para o <a href=\"https:\/\/www.novaconcursos.com.br\/portal\/concursos\/concurso-pm-ce\/\">concurso PM CE<\/a>, que oferece <strong>2 mil vagas.<\/strong><\/p>\n\n\n\n<p>A solicita\u00e7\u00e3o j\u00e1 foi enviada ao <a href=\"https:\/\/www.cebraspe.org.br\/\" target=\"_blank\" rel=\"noreferrer noopener\" aria-label=\"Cebraspe (abre numa nova aba)\">Cebraspe<\/a>, banca organizadora do certame, no \u00faltimo dia 19. Sendo assim, em breve o \u00f3rg\u00e3o publicar\u00e1 o<strong> novo cronograma<\/strong>.<\/p>\n\n\n\n<p>Al\u00e9m disso, Evandro Leit\u00e3o comentou que tamb\u00e9m j\u00e1 estar\u00e3o resguardadas as datas em que acontecer\u00e3o o <strong>ENEM<\/strong> (Exame Nacional do Ensino M\u00e9dio), <strong>21 e 28 de novembro.<\/strong><\/p>\n\n\n\n<p>O deputado ainda ressaltou que as inscri\u00e7\u00f5es para o concurso <strong>n\u00e3o ser\u00e3o reabertas.<\/strong> O processo j\u00e1 conta com cerca de<strong> 33 mil inscritos.<\/strong><\/p>\n\n\n\n<h2 class=\"wp-block-heading\" id=\"concurso-al-ce-vagas-cargos-e-remuneraes\">Concurso AL CE: vagas, cargos e remunera\u00e7\u00f5es<\/h2>\n\n\n\n<p>O concurso da Assembleia Legislativa do <a href=\"https:\/\/www.novaconcursos.com.br\/portal\/concursos-previstos\/ce\/\">Cear\u00e1<\/a> foi suspenso no ano de <strong>2020<\/strong> por conta da <strong>pandemia do coronav\u00edrus. <\/strong><\/p>\n\n\n\n<p>Trata-se de <strong>100 oportunidades<\/strong>, sendo 30 para <strong>n\u00edvel m\u00e9dio<\/strong> (T\u00e9cnico Legislativo) e 70 para <strong>n\u00edvel superior <\/strong>(Analista Legislativo).<\/p>\n\n\n\n<p>Confira abaixo a distribui\u00e7\u00e3o das vagas por <strong>cargo<\/strong> dispon\u00edvel:<\/p>\n\n\n\n<p><strong>N\u00edvel M\u00e9dio<\/strong><\/p>\n\n\n\n<ul class=\"wp-block-list\"><li>T\u00e9cnico Legislativo \u2013 30 vagas<\/li><\/ul><p><\/p>\n\n\n\n<p><strong>N\u00edvel superior<\/strong><\/p>\n\n\n\n<ul class=\"wp-block-list\"><li>Administra\u00e7\u00e3o (05 vagas mais 01 PcD);<\/li><li>Arquitetura (01);<\/li><li>Biblioteconomia \u2013 (01);<\/li><li>Ci\u00eancias Cont\u00e1beis (04);<\/li><li>Ci\u00eancias Econ\u00f4micas \u2013 (01);<\/li><li>Consultoria t\u00e9cnica legislativa \u2013 (09 mais uma PcD);<\/li><li>Controle Interno (04 mais uma PcD);<\/li><li>Design Gr\u00e1fico (02 );<\/li><li>Direito (22 mais 02 PcDs);<\/li><li>Engenharia Civil \u2013 (01);<\/li><li>Engenharia El\u00e9trica (01);<\/li><li>Inform\u00e1tica (04 mais 01 PcD);<\/li><li>Jornalismo (02);<\/li><li>L\u00edngua Portuguesa (03);<\/li><li>Psicologia (01); e<\/li><li>Publicidade e Propaganda (03).<\/li><\/ul><p><\/p>\n\n\n\n<p>Todas as contrata\u00e7\u00f5es acontecer\u00e3o por meio de <strong>regime estatut\u00e1rio<\/strong>, que garante maior estabilidade. Al\u00e9m disso, todas as carreiras contam com uma jornada de trabalho de <strong>30 horas semanais. <\/strong><\/p>\n\n\n\n<p>As remunera\u00e7\u00f5es para <strong>T\u00e9cnico Legislativo <\/strong>giram em torno de <strong>R$2.224,90<\/strong>. J\u00e1 para as carreiras de <strong>Analista Legislativo<\/strong>, o valor \u00e9 de <strong>R$4.455,29.<\/strong><\/p>\n\n\n\n<p>Com as progress\u00f5es das carreiras, esses valores podem subir gradativamente. Dessa forma, os ganhos podem chegar a <strong>R$17.163,85 e R$24.505,37<\/strong> respectivamente.<\/p>\n\n\n\n<h2 class=\"wp-block-heading\" id=\"concurso-al-ce-provas\">Concurso AL CE: provas<\/h2>\n\n\n\n<p>O novo cronograma de avalia\u00e7\u00f5es para o concurso <strong>ainda ser\u00e1 publicado<\/strong>. No entanto, o presidente da Assembleia prev\u00ea que o processo aconte\u00e7a <strong>ainda este ano.<\/strong><\/p>\n\n\n\n<p>Durante o processo, os candidatos dever\u00e3o realizar uma <strong>prova objetiva<\/strong> que possuir\u00e1 <strong>70 quest\u00f5es<\/strong>, sendo 20 sobre Conhecimentos B\u00e1sicos e 50 sobre Conhecimentos Espec\u00edficos.<\/p>\n\n\n\n<p>Dependendo da carreira escolhida, as <strong>disciplinas<\/strong> cobradas na parte <strong>B\u00e1sica <\/strong>da avalia\u00e7\u00e3o podem ser as seguintes:<\/p>\n\n\n\n<ul class=\"wp-block-list\"><li>L\u00edngua Portuguesa;<\/li><li>No\u00e7\u00f5es de Inform\u00e1tica;<\/li><li>Legisla\u00e7\u00e3o;<\/li><li>Racioc\u00ednio L\u00f3gico;<\/li><li>No\u00e7\u00f5es de Direito (Constitucional e Administrativo); e <\/li><li>Administra\u00e7\u00e3o P\u00fablica.<\/li><\/ul><p><\/p>\n\n\n\n<p>Para a aprova\u00e7\u00e3o, \u00e9 necess\u00e1rio que um m\u00ednimo de <strong>10 pontos<\/strong> seja alcan\u00e7ado nas quest\u00f5es de Conhecimentos B\u00e1sicos, e um m\u00ednimo de <strong>25 pontos<\/strong> nas de Conhecimentos Espec\u00edficos.<\/p>\n\n\n\n<p>Al\u00e9m disso, apenas os <strong>aprovados<\/strong> nessa primeira etapa ter\u00e3o suas <strong>reda\u00e7\u00f5es<\/strong> corrigidas.<\/p>","protected":false},"excerpt":{"rendered":"<p>Aten\u00e7\u00e3o, candidatos do concurso AL CE. As provas para o processo seletivo ter\u00e3o uma nova data, de acordo com o presidente da Assembleia. Confira: Guia Definitivo Plano de Estudos \u2013 Gr\u00e1tis Na \u00faltima quarta-feira, 25 de agosto de 2021, o presidente da Assembleia Legislativa do Cear\u00e1, Evandro Leit\u00e3o, anunciou que as provas para o concurso [&hellip;]<\/p>\n","protected":false},"author":54674,"featured_media":140830,"comment_status":"closed","ping_status":"closed","sticky":false,"template":"","format":"standard","meta":{"_acf_changed":false,"footnotes":"","_wp_rev_ctl_limit":""},"categories":[228],"tags":[39382,39379,40103,40141,39381,39383],"class_list":["post-141429","post","type-post","status-publish","format-standard","has-post-thumbnail","hentry","category-noticias","tag-cargos-concurso-al-ce","tag-concurso-al-ce","tag-etapas-concurso-al-ce","tag-provas-concurso-al-ce","tag-salarios-concurso-al-ce","tag-vagas-concurso-al-ce"],"acf":[],"_links":{"self":[{"href":"https:\/\/www.novaconcursos.com.br\/portal\/wp-json\/wp\/v2\/posts\/141429","targetHints":{"allow":["GET"]}}],"collection":[{"href":"https:\/\/www.novaconcursos.com.br\/portal\/wp-json\/wp\/v2\/posts"}],"about":[{"href":"https:\/\/www.novaconcursos.com.br\/portal\/wp-json\/wp\/v2\/types\/post"}],"author":[{"embeddable":true,"href":"https:\/\/www.novaconcursos.com.br\/portal\/wp-json\/wp\/v2\/users\/54674"}],"replies":[{"embeddable":true,"href":"https:\/\/www.novaconcursos.com.br\/portal\/wp-json\/wp\/v2\/comments?post=141429"}],"version-history":[{"count":4,"href":"https:\/\/www.novaconcursos.com.br\/portal\/wp-json\/wp\/v2\/posts\/141429\/revisions"}],"predecessor-version":[{"id":141437,"href":"https:\/\/www.novaconcursos.com.br\/portal\/wp-json\/wp\/v2\/posts\/141429\/revisions\/141437"}],"wp:featuredmedia":[{"embeddable":true,"href":"https:\/\/www.novaconcursos.com.br\/portal\/wp-json\/wp\/v2\/media\/140830"}],"wp:attachment":[{"href":"https:\/\/www.novaconcursos.com.br\/portal\/wp-json\/wp\/v2\/media?parent=141429"}],"wp:term":[{"taxonomy":"category","embeddable":true,"href":"https:\/\/www.novaconcursos.com.br\/portal\/wp-json\/wp\/v2\/categories?post=141429"},{"taxonomy":"post_tag","embeddable":true,"href":"https:\/\/www.novaconcursos.com.br\/portal\/wp-json\/wp\/v2\/tags?post=141429"}],"curies":[{"name":"wp","href":"https:\/\/api.w.org\/{rel}","templated":true}]}}