{"id":141567,"date":"2021-08-27T16:35:41","date_gmt":"2021-08-27T19:35:41","guid":{"rendered":"https:\/\/www.novaconcursos.com.br\/portal\/?p=141567"},"modified":"2021-08-27T16:35:44","modified_gmt":"2021-08-27T19:35:44","slug":"concurso-policia-penal-al-edital-2","status":"publish","type":"post","link":"https:\/\/www.novaconcursos.com.br\/portal\/noticias\/concurso-policia-penal-al-edital-2\/","title":{"rendered":"Concurso Pol\u00edcia Penal AL: Ter\u00e1 edital republicado at\u00e9 17\/09!"},"content":{"rendered":"<p>Aten\u00e7\u00e3o concurseiros! As\u00a0<strong>inscri\u00e7\u00f5es\u00a0<\/strong>do\u00a0<a href=\"https:\/\/www.novaconcursos.com.br\/portal\/concursos\/concurso-agepen-al\/\">concurso Pol\u00edcia Penal AL<\/a>, que est\u00e1 suspenso, ser\u00e3o\u00a0<strong>reabertas\u00a0<\/strong>apenas para\u00a0<strong>pessoas com defici\u00eancia<\/strong>. O edital ser\u00e1 republicado at\u00e9 17 de setembro. A sele\u00e7\u00e3o oferta\u00a0<strong>300 vagas imediatas!<\/strong><\/p>\n\n\n\n<ul class=\"wp-block-list\"><li><strong>Confira:\u00a0<\/strong><a rel=\"noreferrer noopener\" href=\"https:\/\/www.novaconcursos.com.br\/eventos\/guia-definitivo-plano-de-estudos-passo-a-passo\/?promo_creative=Guia+Definitivo+Plano+de+Estudos+%28Gr%C3%A1tis%29&amp;promo_name=noticia&amp;promo_id=%2Fportal%2Fnoticias%2Fpolicia-penal-al-inscricoes-pcds-reabertas&amp;promo_position=corpo-texto\" target=\"_blank\">Guia Definitivo Plano de Estudos (Gr\u00e1tis)<\/a><\/li><\/ul><p><\/p>\n\n\n\n<h2 class=\"wp-block-heading\" id=\"concurso-polcia-penal-al-edital-ser-republicado-em-setembro\">Concurso Pol\u00edcia Penal AL: edital ser\u00e1 republicado em setembro<\/h2>\n\n\n\n<p>Podem comemorar concurseiros alagoenses! O <strong>edital <\/strong>do concurso da Pol\u00edcia Penal de <a href=\"https:\/\/www.novaconcursos.com.br\/portal\/concursos-previstos\/al\/\">Alagoas <\/a>ser\u00e1 republicado at\u00e9 dia<strong> 17 de setembro. <\/strong><\/p>\n\n\n\n<ul class=\"wp-block-list\"><li><strong>Adquira:<\/strong>\u00a0<a href=\"https:\/\/www.novaconcursos.com.br\/apostila\/policia-penal-al-agente-penitenciario\">Apostila completa Pol\u00edcia Penal AL<\/a><\/li><li><strong>Adquira:\u00a0<\/strong><a href=\"https:\/\/www.novaconcursos.com.br\/curso-online\/policia-penal-al\">Curso online completo Pol\u00edcia Penal AL<\/a><\/li><\/ul><p><\/p>\n\n\n\n<p>A informa\u00e7\u00e3o foi confirmada pelo <strong>secret\u00e1rio <\/strong>de Planejamento, Gest\u00e3o e Patrim\u00f4nio do Estado, Fab\u00edcio Marques, durante transmiss\u00e3o ao vivo pelas redes sociais.<\/p>\n\n\n\n<p>Vale destacar que o concurso foi suspenso no dia 10 de agosto, devido a uma\u00a0<strong>decis\u00e3o judicial\u00a0<\/strong>que determinou que o edital siga a lei da reserva de\u00a0<strong>20% das vagas<\/strong>\u00a0para Pessoas com Defici\u00eancia, o que n\u00e3o estava acontecendo. <\/p>\n\n\n\n<p>A comiss\u00e3o enxergou como\u00a0<strong>vi\u00e1vel a suspens\u00e3o<\/strong>\u00a0e o comprimento da decis\u00e3o legal, para que n\u00e3o haja nenhum problema com a sele\u00e7\u00e3o.<\/p>\n\n\n\n<p><em>\u201cAp\u00f3s nos reunirmos com a comiss\u00e3o t\u00e9cnica, decidimos por atender a demanda e republicar o edital, assim democratizamos o certame e oferecemos ainda mais oportunidades neste momento t\u00e3o delicado\u201d<\/em>, disse a Seplag, anteriormente.<\/p>\n\n\n\n<p>Assim, agora, o novo documento ter\u00e1 reserva de <strong>20% das oportunidades<\/strong> para PcDs, conforme determinou a justi\u00e7a. <\/p>\n\n\n\n<h2 class=\"wp-block-heading\" id=\"concurso-polcia-penal-al-inscries-sero-reabertas-para-pcd\">Concurso Pol\u00edcia Penal AL: Inscri\u00e7\u00f5es ser\u00e3o reabertas para PcD<\/h2>\n\n\n\n<p>Com a republica\u00e7\u00e3o do edital, as <strong>inscri\u00e7\u00f5es ser\u00e3o reabertas<\/strong> somente para pessoas com defici\u00eancia, como afirmou a corpora\u00e7\u00e3o.<\/p>\n\n\n\n<p>Quem se interessar, <strong>dever\u00e1 esperar <\/strong>a abertura das inscri\u00e7\u00f5es, por meio do site do Cebraspe, organizador do concurso. <\/p>\n\n\n\n<p>Os <strong>demais interessados<\/strong> n\u00e3o ter\u00e3o uma nova chance, segundo o titular da Seplag AL, pois quem tinha interesse na sele\u00e7\u00e3o j\u00e1 teve tempo o suficiente para se candidatar.<\/p>\n\n\n\n<h2 class=\"wp-block-heading\" id=\"concurso-polcia-penal-al-vagas-e-salrios\">Concurso Pol\u00edcia Penal AL: vagas e sal\u00e1rios<\/h2>\n\n\n\n<p>O concurso est\u00e1 ofertando um total de <strong>300 vagas para Policiais Penais <\/strong>(antigos Agentes Penitenci\u00e1rios), sendo 210 para homens e 90 para mulheres. <\/p>\n\n\n\n<p>Vale lembrar que a carreira exige o<strong>\u00a0n\u00edvel superior<\/strong>\u00a0e tem ganhos iniciais de\u00a0<strong>R$ 3.800,00<\/strong>.<\/p>\n\n\n\n<h2 class=\"wp-block-heading\" id=\"concurso-polcia-penal-al-provas-sero-em-dezembro\">Concurso Pol\u00edcia Penal AL: provas ser\u00e3o em dezembro<\/h2>\n\n\n\n<p>De acordo com a Seplag, as<strong> provas<\/strong> do <a href=\"https:\/\/www.novaconcursos.com.br\/portal\/concursos-abertos\/al\/\">concurso<\/a> ser\u00e3o aplicadas\u00a0<strong>em dezembro<\/strong>, segundo previs\u00e3o. Confira as etapas de avalia\u00e7\u00e3o:<\/p>\n\n\n\n<ul class=\"wp-block-list\"><li>Prova objetiva<\/li><li>Teste de aptid\u00e3o f\u00edsica<\/li><li>Avalia\u00e7\u00e3o m\u00e9dica das condi\u00e7\u00f5es de sa\u00fade f\u00edsica e mental<\/li><li>Comprova\u00e7\u00e3o documental<\/li><li>Investiga\u00e7\u00e3o social<\/li><\/ul><p><\/p>\n\n\n\n<h3 class=\"wp-block-heading\">Provas Objetivas<\/h3>\n\n\n\n<p>As\u00a0<strong>provas objetivas<\/strong> ser\u00e3o\u00a0em car\u00e1ter eliminat\u00f3rio e classificat\u00f3rio, compostas por 120 quest\u00f5es. Ser\u00e3o\u00a0<strong>3h30\u00a0<\/strong>para sua realiza\u00e7\u00e3o.<\/p>\n\n\n\n<p>Vale destacar que, anteriormente, as provas objetivas estavam marcadas para o dia 22 de agosto. Confira as disciplinas que compor\u00e3o as provas:<\/p>\n\n\n\n<ul class=\"wp-block-list\"><li><strong>Conhecimentos Gerais (30 quest\u00f5es)<\/strong><ul><li>L\u00edngua Portuguesa;<\/li><li>Atualidades;<\/li><li>\u00c9tica no Servi\u00e7o P\u00fablico;<\/li><li>No\u00e7\u00f5es de Inform\u00e1tica; e<\/li><li>Racioc\u00ednio L\u00f3gico.<\/li><\/ul><\/li><li><strong>Conhecimentos Complementares (30 quest\u00f5es)<\/strong><ul><li>Execu\u00e7\u00e3o Penal;<\/li><li>No\u00e7\u00f5es de Direitos Humanos e Participa\u00e7\u00e3o Social; e<\/li><li>Legisla\u00e7\u00e3o Estadual.<\/li><\/ul><\/li><li><strong>Conhecimentos Espec\u00edficos (60 quest\u00f5es)<\/strong><ul><li>Direito Administrativo;<\/li><li>Direito Constitucional;<\/li><li>Direito Penal;<\/li><li>Direito Processual Penal;<\/li><li>Legisla\u00e7\u00e3o Especial;<\/li><li>Hist\u00f3ria Geral, de Alagoas e do Brasil; e<\/li><li>Geografia Geral, de Alagoas e do Brasil.<\/li><\/ul><\/li><\/ul>","protected":false},"excerpt":{"rendered":"<p>Aten\u00e7\u00e3o concurseiros! As\u00a0inscri\u00e7\u00f5es\u00a0do\u00a0concurso Pol\u00edcia Penal AL, que est\u00e1 suspenso, ser\u00e3o\u00a0reabertas\u00a0apenas para\u00a0pessoas com defici\u00eancia. O edital ser\u00e1 republicado at\u00e9 17 de setembro. A sele\u00e7\u00e3o oferta\u00a0300 vagas imediatas! Confira:\u00a0Guia Definitivo Plano de Estudos (Gr\u00e1tis) Concurso Pol\u00edcia Penal AL: edital ser\u00e1 republicado em setembro Podem comemorar concurseiros alagoenses! O edital do concurso da Pol\u00edcia Penal de Alagoas ser\u00e1 [&hellip;]<\/p>\n","protected":false},"author":54671,"featured_media":128521,"comment_status":"closed","ping_status":"closed","sticky":false,"template":"","format":"standard","meta":{"_acf_changed":false,"footnotes":"","_wp_rev_ctl_limit":""},"categories":[228],"tags":[36754,38805,34453,36688,37040,38895,2578,38066,37079,115,39129,22314,36597,39237,37714,38804,39128,37636],"class_list":["post-141567","post","type-post","status-publish","format-standard","has-post-thumbnail","hentry","category-noticias","tag-alagoas","tag-cargos-concurso-policia-penal-al","tag-cebraspe","tag-concurso-policia-penal-al","tag-concursos-al","tag-concursos-policia-penal","tag-concursos-publicos","tag-editais-al","tag-edital-concurso-policia-penal-al","tag-nova-concursos","tag-o-que-cai-na-prova-do-concurso-policia-penal-al","tag-policia-penal","tag-policia-penal-al","tag-pp-al","tag-provas-concurso-policia-penal-al","tag-salarios-concurso-policial-penal-al","tag-ultimo-concurso-policia-penal-al","tag-vagas-concurso-policia-penal-al"],"acf":[],"_links":{"self":[{"href":"https:\/\/www.novaconcursos.com.br\/portal\/wp-json\/wp\/v2\/posts\/141567","targetHints":{"allow":["GET"]}}],"collection":[{"href":"https:\/\/www.novaconcursos.com.br\/portal\/wp-json\/wp\/v2\/posts"}],"about":[{"href":"https:\/\/www.novaconcursos.com.br\/portal\/wp-json\/wp\/v2\/types\/post"}],"author":[{"embeddable":true,"href":"https:\/\/www.novaconcursos.com.br\/portal\/wp-json\/wp\/v2\/users\/54671"}],"replies":[{"embeddable":true,"href":"https:\/\/www.novaconcursos.com.br\/portal\/wp-json\/wp\/v2\/comments?post=141567"}],"version-history":[{"count":4,"href":"https:\/\/www.novaconcursos.com.br\/portal\/wp-json\/wp\/v2\/posts\/141567\/revisions"}],"predecessor-version":[{"id":141574,"href":"https:\/\/www.novaconcursos.com.br\/portal\/wp-json\/wp\/v2\/posts\/141567\/revisions\/141574"}],"wp:featuredmedia":[{"embeddable":true,"href":"https:\/\/www.novaconcursos.com.br\/portal\/wp-json\/wp\/v2\/media\/128521"}],"wp:attachment":[{"href":"https:\/\/www.novaconcursos.com.br\/portal\/wp-json\/wp\/v2\/media?parent=141567"}],"wp:term":[{"taxonomy":"category","embeddable":true,"href":"https:\/\/www.novaconcursos.com.br\/portal\/wp-json\/wp\/v2\/categories?post=141567"},{"taxonomy":"post_tag","embeddable":true,"href":"https:\/\/www.novaconcursos.com.br\/portal\/wp-json\/wp\/v2\/tags?post=141567"}],"curies":[{"name":"wp","href":"https:\/\/api.w.org\/{rel}","templated":true}]}}