{"id":141585,"date":"2021-08-27T17:49:30","date_gmt":"2021-08-27T20:49:30","guid":{"rendered":"https:\/\/www.novaconcursos.com.br\/portal\/?p=141585"},"modified":"2021-08-30T09:45:56","modified_gmt":"2021-08-30T12:45:56","slug":"concurso-pcdf-autorizacao-editais","status":"publish","type":"post","link":"https:\/\/www.novaconcursos.com.br\/portal\/noticias\/concurso-pcdf-autorizacao-editais\/","title":{"rendered":"Concurso PCDF: Governador confirma autoriza\u00e7\u00e3o de novos editais!"},"content":{"rendered":"<p>Aten\u00e7\u00e3o concurseiros! Novas <strong>informa\u00e7\u00f5es <\/strong>do governador do Distrito Federal, Ibaneis Rocha, confirmam a realiza\u00e7\u00e3o de <a href=\"https:\/\/www.novaconcursos.com.br\/portal\/concursos\/pcdf-delegado-agente\/\">concurso PC DF<\/a> para os cargos de <strong>Agente de Cust\u00f3dia e Delegado<\/strong>. Ser\u00e3o <strong>300 vagas<\/strong>! <\/p>\n\n\n\n<ul class=\"wp-block-list\"><li><strong>Confira:<\/strong>\u00a0<a href=\"https:\/\/www.novaconcursos.com.br\/eventos\/guia-definitivo-plano-de-estudos-passo-a-passo\/\" target=\"_blank\" rel=\"noreferrer noopener\" aria-label=\" (abre numa nova aba)\">Guia Definitivo Plano de Estudos (Gr\u00e1tis)<\/a><\/li><\/ul><p><\/p>\n\n\n\n<h2 class=\"wp-block-heading\" id=\"concurso-pc-df-governador-autoriza-editais\">Concurso PC DF: governador autoriza editais<\/h2>\n\n\n\n<p>O governador do <a href=\"https:\/\/www.novaconcursos.com.br\/portal\/concursos-previstos\/df\/\">Distrito Federal<\/a> anunciou que autorizou o concurso da Pol\u00edcia Civil do Estado para os cargos de <strong>Agente de Cust\u00f3dia e Delegado.<\/strong> <\/p>\n\n\n\n<ul class=\"wp-block-list\"><li><strong>Adquira:\u00a0<\/strong><a href=\"https:\/\/www.novaconcursos.com.br\/concurso\/pc-df-policia-civil-distrito-federal\/apostila\">Apostilas concurso PC DF<\/a><\/li><li><strong>Adquira:<\/strong>\u00a0<a href=\"https:\/\/www.novaconcursos.com.br\/concurso\/pc-df-policia-civil-distrito-federal\/curso-online\">Cursos Online concurso PC DF<\/a><\/li><\/ul><p><\/p>\n\n\n\n<p>O <strong>aval foi anunciado <\/strong>pelo chefe do executivo, por meio de suas redes sociais, em sua conta no Twitter. <\/p>\n\n\n\n<p><em>\u201cConcurso p\u00fablico autorizado. N\u00e3o me\u00e7o esfor\u00e7os para atender as necessidades da nossa <a href=\"https:\/\/twitter.com\/secsegurancadf\" target=\"_blank\" rel=\"noreferrer noopener\" aria-label=\" (abre numa nova aba)\">@secsegurancadf<\/a> e j\u00e1 autorizamos a realiza\u00e7\u00e3o de concurso p\u00fablico para os cargos de delegado de pol\u00edcia e de agente policial de cust\u00f3dia\u201d<\/em>, escreveu o governador.<\/p>\n\n\n\n<p>A informa\u00e7\u00e3o do governador confirma a anterior, j\u00e1 repassada pelo <strong>secret\u00e1rio de Economia<\/strong>, Andr\u00e9 Clemente, que afirmou que o concurso era uma das a\u00e7\u00f5es do chefe do estado. <\/p>\n\n\n\n<p><em>\u201cBoa not\u00edcia para a PCDF e para a seguran\u00e7a p\u00fablica da nossa Capital! A Secretaria de Economia do DF autorizou a realiza\u00e7\u00e3o de concursos p\u00fablicos para os cargos de Delegado de Pol\u00edcia e de Agente Policial de Cust\u00f3dia\u201d,\u00a0<\/em>afirmou a publica\u00e7\u00e3o do secret\u00e1rio.<\/p>\n\n\n\n<h3 class=\"wp-block-heading\">Qual ser\u00e1 a quantidade de vagas?<\/h3>\n\n\n\n<p>Segundo a publica\u00e7\u00e3o, ser\u00e3o 300 vagas, sendo 150 para cada carreira. Destas,\u00a0<strong>50 vagas<\/strong> s\u00e3o\u00a0para provimento imediato e\u00a0<strong>100\u00a0<\/strong>para formar cadastro de reserva em cada um dos cargos.<\/p>\n\n\n\n<p><em>\u201cA Pol\u00edcia Civil do Distrito Federal agradece ao governador Ibaneis Rocha, ao secret\u00e1rio de economia Andr\u00e9 Clemente e ao secret\u00e1rio de seguran\u00e7a p\u00fablica J\u00falio Danilo pelo apoio a esse importante pleito para a recomposi\u00e7\u00e3o do nosso quadro de pessoal\u201d<\/em>, completou a publica\u00e7\u00e3o.<\/p>\n\n\n\n<h2 class=\"wp-block-heading\" id=\"concurso-pc-df-concurseiros-reclamam-do-cebraspe\">Concurso PC DF: concurseiros reclamam do Cebraspe<\/h2>\n\n\n\n<p>Ap\u00f3s o <strong>an\u00fancio da autoriza\u00e7\u00e3o<\/strong> para as novas sele\u00e7\u00f5es, muitos concurseiros foram at\u00e9 a publica\u00e7\u00e3o do governador, no Twitter, reclamar do <strong>Cebraspe<\/strong>, que costuma ficar a frente dos certames no <a href=\"https:\/\/www.novaconcursos.com.br\/portal\/concursos-abertos\/df\/\">Distrito Federal<\/a>. <\/p>\n\n\n\n<p><em>\u201cCom o Cebraspe novamente? Sinceramente\u2026 Vai ser outro caos\u201d,<\/em> escreveu Sabrina.<\/p>\n\n\n\n<p><em>\u201cGovernador, s\u00f3 procurem repensar o Cebraspe na organiza\u00e7\u00e3o dos nossos concursos, eles vem falhando na realiza\u00e7\u00e3o de todos os concursos, inclusive no \u00faltimo da PCDF. Sei que existe boa vontade com eles pelo passado do Cespe, mas o Cebraspe de hoje n\u00e3o honra aqueles bons tempos\u201d<\/em>, escreveu Leo.<\/p>\n\n\n\n<p>O <strong>governador n\u00e3o respondeu<\/strong> nenhum dos coment\u00e1rios sobre a empresa, apenas quest\u00f5es relacionadas \u00e0s vacinas contra a Covid-19, na mesma publica\u00e7\u00e3o.<\/p>\n\n\n\n<h2 class=\"wp-block-heading\" id=\"corporao-inicia-preparativos-para-novos-concursos-pc-df\"><strong>Corpora\u00e7\u00e3o inicia preparativos para novos concursos PC DF<\/strong><\/h2>\n\n\n\n<p>A Pol\u00edcia Civil, inclusive, j\u00e1\u00a0<strong>deu in\u00edcio aos preparativos para a realiza\u00e7\u00e3o dos novos concursos para<\/strong> Delegado e Agente de cust\u00f3dia. <\/p>\n\n\n\n<p>Entretanto, o <strong>edital segue sem um prazo<\/strong> previsto. Mas, caso seja considerada a agilidade citada pelo secret\u00e1rio de Economia do estado, \u00e9 poss\u00edvel que os documentos sejam publicados ainda em 2021.<\/p>\n\n\n\n<p>O secret\u00e1rio, Andr\u00e9 Clemente, afirmou recentemente que a portaria autorizada e a banca poderiam sair <strong>j\u00e1 em setembro.<\/strong><\/p>","protected":false},"excerpt":{"rendered":"<p>Aten\u00e7\u00e3o concurseiros! Novas informa\u00e7\u00f5es do governador do Distrito Federal, Ibaneis Rocha, confirmam a realiza\u00e7\u00e3o de concurso PC DF para os cargos de Agente de Cust\u00f3dia e Delegado. Ser\u00e3o 300 vagas! Confira:\u00a0Guia Definitivo Plano de Estudos (Gr\u00e1tis) Concurso PC DF: governador autoriza editais O governador do Distrito Federal anunciou que autorizou o concurso da Pol\u00edcia Civil [&hellip;]<\/p>\n","protected":false},"author":54671,"featured_media":126539,"comment_status":"closed","ping_status":"closed","sticky":false,"template":"","format":"standard","meta":{"_acf_changed":false,"footnotes":"","_wp_rev_ctl_limit":""},"categories":[228],"tags":[39126,40130,40235,2320,30038,40238,2578,2031,39124,115,39156,40237,39125,25376],"class_list":["post-141585","post","type-post","status-publish","format-standard","has-post-thumbnail","hentry","category-noticias","tag-cargos-concurso-pc-df","tag-cebraspe-concursos","tag-concurso-pc-df-agente","tag-concurso-pc-df","tag-concurso-pc-df-escrivao","tag-concurso-retomado-pc-df","tag-concursos-publicos","tag-distrito-federal","tag-edital-concurso-pc-df","tag-nova-concursos","tag-provas-concurso-pc-df","tag-requisitos-concurso-pc-df","tag-salarios-concurso-pc-df","tag-vagas-concurso-pc-df"],"acf":[],"_links":{"self":[{"href":"https:\/\/www.novaconcursos.com.br\/portal\/wp-json\/wp\/v2\/posts\/141585","targetHints":{"allow":["GET"]}}],"collection":[{"href":"https:\/\/www.novaconcursos.com.br\/portal\/wp-json\/wp\/v2\/posts"}],"about":[{"href":"https:\/\/www.novaconcursos.com.br\/portal\/wp-json\/wp\/v2\/types\/post"}],"author":[{"embeddable":true,"href":"https:\/\/www.novaconcursos.com.br\/portal\/wp-json\/wp\/v2\/users\/54671"}],"replies":[{"embeddable":true,"href":"https:\/\/www.novaconcursos.com.br\/portal\/wp-json\/wp\/v2\/comments?post=141585"}],"version-history":[{"count":7,"href":"https:\/\/www.novaconcursos.com.br\/portal\/wp-json\/wp\/v2\/posts\/141585\/revisions"}],"predecessor-version":[{"id":141606,"href":"https:\/\/www.novaconcursos.com.br\/portal\/wp-json\/wp\/v2\/posts\/141585\/revisions\/141606"}],"wp:featuredmedia":[{"embeddable":true,"href":"https:\/\/www.novaconcursos.com.br\/portal\/wp-json\/wp\/v2\/media\/126539"}],"wp:attachment":[{"href":"https:\/\/www.novaconcursos.com.br\/portal\/wp-json\/wp\/v2\/media?parent=141585"}],"wp:term":[{"taxonomy":"category","embeddable":true,"href":"https:\/\/www.novaconcursos.com.br\/portal\/wp-json\/wp\/v2\/categories?post=141585"},{"taxonomy":"post_tag","embeddable":true,"href":"https:\/\/www.novaconcursos.com.br\/portal\/wp-json\/wp\/v2\/tags?post=141585"}],"curies":[{"name":"wp","href":"https:\/\/api.w.org\/{rel}","templated":true}]}}