{"id":141711,"date":"2021-08-30T17:41:14","date_gmt":"2021-08-30T20:41:14","guid":{"rendered":"https:\/\/www.novaconcursos.com.br\/portal\/?p=141711"},"modified":"2021-08-30T17:41:19","modified_gmt":"2021-08-30T20:41:19","slug":"concursos-ceara-servidor-tomar-vacina","status":"publish","type":"post","link":"https:\/\/www.novaconcursos.com.br\/portal\/noticias\/concursos-ceara-servidor-tomar-vacina\/","title":{"rendered":"Concursos Cear\u00e1: ALECE aprova PL que pune servidor que n\u00e3o tomar vacina!"},"content":{"rendered":"<p>Aten\u00e7\u00e3o concurseiros! A Assembleia Legislativa do <a href=\"https:\/\/www.novaconcursos.com.br\/portal\/concursos-previstos\/ce\/\">Estado do Cear\u00e1<\/a> (ALCE), aprovou um <strong>Projeto de Lei<\/strong> que prev\u00ea <strong>puni\u00e7\u00e3o aos servidores e empregados<\/strong> p\u00fablicos que n\u00e3o tomarem vacina contra a Covid-19. O projeto foi apresentado pelo <strong>governador <\/strong>Camilo Santana. Entenda!<\/p>\n\n\n\n<ul class=\"wp-block-list\"><li><strong>Confira:<\/strong> <a href=\"https:\/\/www.novaconcursos.com.br\/eventos\/matematica-concursos\/\" target=\"_blank\" rel=\"noreferrer noopener\" aria-label=\"Guia Matem\u00e1tica para Concursos (Gr\u00e1tis) (abre numa nova aba)\">Guia Matem\u00e1tica para Concursos (Gr\u00e1tis)<\/a><\/li><\/ul><p><\/p>\n\n\n\n<h2 class=\"wp-block-heading\" id=\"concursos-cear-pl-aprovado-mas-como-ser-a-punio\">Concursos Cear\u00e1: Pl aprovado, mas como ser\u00e1 a puni\u00e7\u00e3o?<\/h2>\n\n\n\n<p>Foi aprovado na Assembleia Legislativa do <a href=\"https:\/\/www.novaconcursos.com.br\/portal\/concursos-abertos\/ce\/\">Estado do Cear\u00e1<\/a>, um projeto de lei, de autoria do governador Camilo Santana, que prev\u00ea a <strong>aplica\u00e7\u00e3o de multas aos servidores que n\u00e3o se vacinarem contra a Covid-19.<\/strong><\/p>\n\n\n\n<p>Isso impactar\u00e1 quem quer fazer algum concurso no estado, por isso, quem ainda n\u00e3o se vacinou, <strong>corre para garantir<\/strong> a vaga na repescagem.<\/p>\n\n\n\n<p>Isso porque o projeto <strong>deve ser sancionado em breve<\/strong> pelo governador e dever\u00e1 entrar em vigor em car\u00e1ter de urg\u00eancia.  <\/p>\n\n\n\n<p>De acordo com o governo, o <strong>projeto dar\u00e1 san\u00e7\u00f5es administrativas<\/strong> para servidores e empregados p\u00fablicos do estado, para aqueles que deixarem de tomar o imunizante sem justificativa. <\/p>\n\n\n\n<p>Ainda segundo o governo,<strong> poder\u00e3o haver casos<\/strong> de\u00a0incompatibilidade de datas, servidor em outro estado ou que n\u00e3o possa tomar por conta de outra vacina, como a da Influenza, contra a gripe.<\/p>\n\n\n\n<p>Al\u00e9m disso, o governador afirmou que <strong>n\u00e3o vai medir esfor\u00e7os<\/strong> para garantir a seguran\u00e7a da popula\u00e7\u00e3o contra a Covid-19, uma vez que o concurso est\u00e1 penando no coletivo.<\/p>\n\n\n\n<p><em>\u201cO servidor que n\u00e3o se vacinar no Estado do Cear\u00e1 sofrer\u00e1 san\u00e7\u00f5es administrativas. Claro, se recusar sem justificativa m\u00e9dica, porque tem raros casos em que n\u00e3o se recomenda a vacina. Portanto, sem justificativa m\u00e9dica, sofrer\u00e1 san\u00e7\u00f5es que dever\u00e3o ser desde um alerta at\u00e9 uma demiss\u00e3o do servi\u00e7o p\u00fablico do Cear\u00e1\u201d<\/em>, disse Camilo Santana.<\/p>\n\n\n\n<h2 class=\"wp-block-heading\" id=\"servidor-dever-comunicar-sua-recura-ao-rgo-pertencente\"><strong>Servidor dever\u00e1 comunicar sua recura ao \u00f3rg\u00e3o pertencente<\/strong><\/h2>\n\n\n\n<p>N\u00e3o \u00e9 <strong>apenas recursar a vacina<\/strong>, aqueles que n\u00e3o a quiserem. O governo explica que, em caso de recusa, o servidor dever\u00e1 comunicar aos \u00f3rg\u00e3os pertencentes.<\/p>\n\n\n\n<p>O <strong>processo de conscientiza\u00e7\u00e3o<\/strong> deve ser feito como forma de resguardo, n\u00e3o s\u00f3 daquele que vai se decidir se vacinar, mas tamb\u00e9m daqueles que com ele convivem.<\/p>\n\n\n\n<p><em>\u201cEssa import\u00e2ncia se acentua, por exemplo, no \u00e2mbito funcional do servi\u00e7o p\u00fablico. E que, pela pr\u00f3pria natureza desse servi\u00e7o, lhe \u00e9 \u00ednsita a presta\u00e7\u00e3o de uma atividade que, em sua grande maioria, envolve o atendimento ao cidad\u00e3o. Dai se infere o grande impacto que tem a decis\u00e3o de um agente p\u00fablico em n\u00e3o se vacinar. Agindo assim, ele n\u00e3o s\u00f3 coloca em risco a sua vida, mas a vida de seus colegas de trabalho e de toda a coletividade que diariamente busca o servi\u00e7o p\u00fablico\u201d,<\/em> diz o texto do PL.<\/p>\n\n\n\n<p>O Projeto de Lei aprovado na Assembleia tamb\u00e9m prev\u00ea que\u00a0os\u00a0<em>\u201c\u00f3rg\u00e3os e entidades da administra\u00e7\u00e3o estadual, direta e indireta, comuniquem a seus servidores e empregados que estejam em grupo eleg\u00edvel para vacina\u00e7\u00e3o a fim de que informem, mediante declara\u00e7\u00e3o, se receberam ou n\u00e3o o imunizante\u201d, completou.<\/em><\/p>\n\n\n\n<h2 class=\"wp-block-heading\" id=\"quais-sero-as-punies\"><strong>Quais ser\u00e3o as puni\u00e7\u00f5es?<\/strong><\/h2>\n\n\n\n<p>De acordo com o governo do <a href=\"https:\/\/www.novaconcursos.com.br\/portal\/concursos-previstos\/ce\/\">Estado do Cear\u00e1<\/a> e o projeto de lei, as <strong>puni\u00e7\u00f5es <\/strong>para quem recusar, poder\u00e1 chegar at\u00e9 \u00e0 <strong>demiss\u00f5es<\/strong>.<\/p>\n\n\n\n<p>\u201cO servidor p\u00fablico regido pela Lei n.\u00b0 9.784, de\u00a014 de maio\u00a0de 1974, que n\u00e3o apresentar a devida justificativa, incorrer\u00e1 em falta disciplinar pass\u00edvel de san\u00e7\u00e3o, podendo ir da advert\u00eancia at\u00e9 a suspens\u00e3o ou mesmo a demiss\u00e3o, em caso de manuten\u00e7\u00e3o da recusa, observada a legisla\u00e7\u00e3o aplic\u00e1vel\u201d, afirma.<\/p>\n\n\n\n<h2 class=\"wp-block-heading\" id=\"preocupao-com-absteno-na-segunda-dose\"><strong>Preocupa\u00e7\u00e3o com absten\u00e7\u00e3o na segunda dose<\/strong><\/h2>\n\n\n\n<p>O governador do Cear\u00e1 ainda afirmou estar preocupado com a <strong>baixa procura pelas segundas doses <\/strong>da vacina. <\/p>\n\n\n\n<p><em>\u201cQuero fazer um apelo da import\u00e2ncia da vacina\u00e7\u00e3o. \u00c9 a \u00fanica forma de superar essa pandemia. Vou dar s\u00f3 um dado de Fortaleza, onde todos acima de 40 anos que ainda n\u00e3o se vacinaram n\u00e3o precisam mais agendar, basta procurar qualquer ponto de vacina\u00e7\u00e3o. Para voc\u00eas terem uma ideia, cerca de 96 mil pessoas s\u00f3 em Fortaleza est\u00e3o aptas para receberem a vacina e n\u00e3o foram se vacinar, segundo dados da Secretaria Municipal de Sa\u00fade de Fortaleza\u201d<\/em>, destacou Camilo.<\/p>\n\n\n\n<p>Cerca de <strong>217 mil pessoas<\/strong>, de 19 a 39 anos, est\u00e3o aptas para tomar a primeira dose no estado, mas tamb\u00e9m n\u00e3o buscaram os locais de vacina\u00e7\u00e3o.<\/p>","protected":false},"excerpt":{"rendered":"<p>Aten\u00e7\u00e3o concurseiros! A Assembleia Legislativa do Estado do Cear\u00e1 (ALCE), aprovou um Projeto de Lei que prev\u00ea puni\u00e7\u00e3o aos servidores e empregados p\u00fablicos que n\u00e3o tomarem vacina contra a Covid-19. O projeto foi apresentado pelo governador Camilo Santana. Entenda! Confira: Guia Matem\u00e1tica para Concursos (Gr\u00e1tis) Concursos Cear\u00e1: Pl aprovado, mas como ser\u00e1 a puni\u00e7\u00e3o? Foi [&hellip;]<\/p>\n","protected":false},"author":54671,"featured_media":132540,"comment_status":"closed","ping_status":"closed","sticky":false,"template":"","format":"standard","meta":{"_acf_changed":false,"footnotes":"","_wp_rev_ctl_limit":""},"categories":[228],"tags":[40981,40982,40983,22899,198,2578,38125,12059,40460,115,39179,39181],"class_list":["post-141711","post","type-post","status-publish","format-standard","has-post-thumbnail","hentry","category-noticias","tag-concursos-ceara-alece","tag-concursos-ceara-punicacao","tag-concursos-ceara-vacina","tag-concursos-marinha","tag-concursos-previstos","tag-concursos-publicos","tag-editais-ce","tag-edital-concursos","tag-lei-orcamentaria-de-2022","tag-nova-concursos","tag-salarios-concursos","tag-vagas-concursos"],"acf":[],"_links":{"self":[{"href":"https:\/\/www.novaconcursos.com.br\/portal\/wp-json\/wp\/v2\/posts\/141711","targetHints":{"allow":["GET"]}}],"collection":[{"href":"https:\/\/www.novaconcursos.com.br\/portal\/wp-json\/wp\/v2\/posts"}],"about":[{"href":"https:\/\/www.novaconcursos.com.br\/portal\/wp-json\/wp\/v2\/types\/post"}],"author":[{"embeddable":true,"href":"https:\/\/www.novaconcursos.com.br\/portal\/wp-json\/wp\/v2\/users\/54671"}],"replies":[{"embeddable":true,"href":"https:\/\/www.novaconcursos.com.br\/portal\/wp-json\/wp\/v2\/comments?post=141711"}],"version-history":[{"count":6,"href":"https:\/\/www.novaconcursos.com.br\/portal\/wp-json\/wp\/v2\/posts\/141711\/revisions"}],"predecessor-version":[{"id":141717,"href":"https:\/\/www.novaconcursos.com.br\/portal\/wp-json\/wp\/v2\/posts\/141711\/revisions\/141717"}],"wp:featuredmedia":[{"embeddable":true,"href":"https:\/\/www.novaconcursos.com.br\/portal\/wp-json\/wp\/v2\/media\/132540"}],"wp:attachment":[{"href":"https:\/\/www.novaconcursos.com.br\/portal\/wp-json\/wp\/v2\/media?parent=141711"}],"wp:term":[{"taxonomy":"category","embeddable":true,"href":"https:\/\/www.novaconcursos.com.br\/portal\/wp-json\/wp\/v2\/categories?post=141711"},{"taxonomy":"post_tag","embeddable":true,"href":"https:\/\/www.novaconcursos.com.br\/portal\/wp-json\/wp\/v2\/tags?post=141711"}],"curies":[{"name":"wp","href":"https:\/\/api.w.org\/{rel}","templated":true}]}}