{"id":14172,"date":"2015-02-06T14:57:38","date_gmt":"2015-02-06T17:57:38","guid":{"rendered":"http:\/\/www.novaconcursos.com.br\/portal\/?p=14172"},"modified":"2021-01-28T17:17:16","modified_gmt":"2021-01-28T20:17:16","slug":"o-que-cai-na-prova-samu-feira-de-santana-ba","status":"publish","type":"post","link":"https:\/\/www.novaconcursos.com.br\/portal\/artigos\/o-que-cai-na-prova-samu-feira-de-santana-ba\/","title":{"rendered":"O que cai na prova: SAMU &#8211; Feira de Santana &#8211; BA"},"content":{"rendered":"<p><a href=\"https:\/\/www.novaconcursos.com.br\/portal\/wp-content\/uploads\/2015\/02\/SAMU.jpg\"><img decoding=\"async\" class=\"alignright size-medium wp-image-14152\" alt=\"SAMU\" src=\"https:\/\/www.novaconcursos.com.br\/portal\/wp-content\/uploads\/2015\/02\/SAMU-300x161.jpg\" width=\"300\" height=\"161\" loading=\"lazy\" title=\"\"><\/a>A Prefeitura de Feira de Santana lan\u00e7ou edital para o preenchimento de 170 oportunidades de n\u00edveis m\u00e9dio e superior. Para saber mais sobre o edital, acesse a <a href=\"https:\/\/www.novaconcursos.com.br\/portal\/noticias\/novos-editais\/analise-de-edital-samu-feira-de-santana-ba-2015\/\" target=\"_blank\" rel=\"noopener noreferrer\"><strong>An\u00e1lise de edital do SAMU da Prefeitura de Feira de Santana \u2013 BA<\/strong><\/a>. <strong>Conte\u00fado program\u00e1tico<\/strong> Os candidatos responder\u00e3o \u00e0 provas de conhecimentos espec\u00edficos na data prevista de 17 de abril. Os cargos oferecidos s\u00e3o de\u00a0m\u00e9dico, enfermeiro, t\u00e9cnico em enfermagem, motorista, assistente administrativo, r\u00e1dio operador e telefonista. Assim sendo, as provas objetivas que os candidatos responder\u00e3o ser\u00e3o compostas por 40 quest\u00f5es sobre sa\u00fade p\u00fablica no estado da Bahia e conhecimentos espec\u00edficos da rotina de trabalho. Na fase seguinte, os candidatos ao cargo de motorista passar\u00e3o por teste de dire\u00e7\u00e3o defensiva, enquanto os candidatos aos cargos de m\u00e9dico, enfermeiro e t\u00e9cnico de enfermagem passar\u00e3o por teste f\u00edsico. H\u00e1 ainda uma terceira fase para m\u00e9dicos, enfermeiros e t\u00e9cnicos de enfermagem que envolve testes pr\u00e1ticos de suportes b\u00e1sico e avan\u00e7ado \u00e0 vida. Candidatos de n\u00edvel superior passar\u00e3o tamb\u00e9m por prova de t\u00edtulos. <strong>Crit\u00e9rios de desempate<\/strong> Os crit\u00e9rios de desempate adotados pela banca s\u00e3o: a) maior pontua\u00e7\u00e3o na prova de conhecimentos espec\u00edficos; b) maior pontua\u00e7\u00e3o na prova de t\u00edtulos; c) maior pontua\u00e7\u00e3o na prova de dire\u00e7\u00e3o defensiva para o cargo de motorista; d) maior pontua\u00e7\u00e3o na prova e t\u00e9cnicas b\u00e1sicas de imobiliza\u00e7\u00e3o e mobiliza\u00e7\u00e3o; e) maior pontua\u00e7\u00e3o na prova de suporte avan\u00e7ado \u00e0 vida; f) maior pontua\u00e7\u00e3o na prova de suporte b\u00e1sico \u00e0 vida; g) maior idade; h) sorteio p\u00fablico. <strong>Compre os produtos da Nova<\/strong> Compre as<b>\u00a0Apostilas<\/b>\u00a0para o seu\u00a0<b>Concurso P\u00fablico<\/b>\u00a0direto com a Editora Nova e parcele no cart\u00e3o de cr\u00e9dito em at\u00e9 6 x sem juros! Acompanhe a\u00a0<a title=\"Site Nova Concursos\" href=\"https:\/\/www.novaconcursos.com.br\/\" target=\"_blank\" rel=\"noopener noreferrer\"><strong>Nova Concursos<\/strong><\/a>\u00a0tamb\u00e9m nas\u00a0<strong>redes sociais<\/strong>! <a title=\"Facebook Oficial Nova Concursos\" href=\"https:\/\/www.facebook.com\/NOVAConcursosOficial\" target=\"_blank\" rel=\"noopener noreferrer\"><img decoding=\"async\" alt=\"facebook_logo_detail\" src=\"https:\/\/www.novaconcursos.com.br\/portal\/wp-content\/uploads\/2014\/12\/facebook_logo_detail1.gif\" width=\"50\" height=\"50\" loading=\"lazy\" title=\"\"><\/a>\u00a0<a title=\"G+ Nova Concursos\" href=\"https:\/\/plus.google.com\/u\/1\/115146550907593514602\" target=\"_blank\" rel=\"noopener noreferrer\"><img decoding=\"async\" alt=\"gplus\" src=\"https:\/\/www.novaconcursos.com.br\/portal\/wp-content\/uploads\/2014\/12\/gplus.png\" width=\"50\" height=\"50\" loading=\"lazy\" title=\"\"><\/a>\u00a0<a title=\"Youtube Nova Concursos\" href=\"https:\/\/www.youtube.com\/channel\/UCYEz3vPWPP-oNtkKb4DxoAg?feature=watch\" target=\"_blank\" rel=\"noopener noreferrer\"><img decoding=\"async\" alt=\"youtube-logo\" src=\"https:\/\/www.novaconcursos.com.br\/portal\/wp-content\/uploads\/2014\/12\/youtube-logo.png\" width=\"50\" height=\"50\" loading=\"lazy\" title=\"\"><\/a><\/p>\n<p>\u00a0<\/p>\n<hr><div>\n<div style=\"width: 310px; margin-left: 5px;\">\n<p><b>Apostila para esse cargo<\/b><\/p>\n<div style=\"float: left;\"><a href=\"https:\/\/www.novaconcursos.com.br\/apostila-concurso\/samu-de-feira-de-santana\" target=\"_blank\" rel=\"noopener noreferrer\"><img decoding=\"async\" style=\"background-color: blue;\" alt=\"Apostila SAMU de Feira de Santana\" src=\"https:\/\/www.novaconcursos.com.br\/portal\/wp-content\/uploads\/2015\/02\/samu-feira-santana-ba-motorista.jpg\" loading=\"lazy\" title=\"\"><\/a><\/div>\n<div>\n<div style=\"width: 170px; height: 170px; float: right; margin-right: 10px; margin-left: 10px;\"><b>Apostila concurso<br>\nSAMU de Feira de Santana<\/b>\n<div>\n<div>\n<p>Por <span style=\"font-size: 18px; color: #006b3e; font-weight: bold;\">R$ 19,90<\/span><\/p>\n<p>ou <span style=\"font-size: 14px; color: #00aa08; font-weight: bold;\">2x<\/span> de <span style=\"font-size: 14px; color: #00aa08; font-weight: bold;\">R$ 9,95<\/span><\/p>\n<p>sem juros no cart\u00e3o<\/p>\n<\/div>\n<p><a href=\"https:\/\/www.novaconcursos.com.br\/apostila-concurso\/samu-de-feira-de-santana\" target=\"_blank\" rel=\"noopener noreferrer\"><img decoding=\"async\" alt=\"\" src=\"https:\/\/www.novaconcursos.com.br\/portal\/wp-content\/uploads\/2014\/12\/botao.jpg\" loading=\"lazy\" title=\"\"><\/a><\/p>\n<\/div>\n<\/div>\n<\/div>\n<\/div>\n<\/div>\n<p>\u00a0<\/p>","protected":false},"excerpt":{"rendered":"<p>A Prefeitura de Feira de Santana lan\u00e7ou edital para o preenchimento de 170 oportunidades de n\u00edveis m\u00e9dio e superior. Para saber mais sobre o edital, acesse a An\u00e1lise de edital do SAMU da Prefeitura de Feira de Santana \u2013 BA. Conte\u00fado program\u00e1tico Os candidatos responder\u00e3o \u00e0 provas de conhecimentos espec\u00edficos na data prevista de 17 [&hellip;]<\/p>\n","protected":false},"author":16,"featured_media":14187,"comment_status":"closed","ping_status":"closed","sticky":false,"template":"","format":"standard","meta":{"_acf_changed":false,"footnotes":"","_wp_rev_ctl_limit":""},"categories":[33508],"tags":[3806,3807,3784,3785,3786,574,3787,3788,3789,3790,392,217,3816,3817,367,3791,3792,3793,3794,2578,3795,3796,229,3818,3819,3797,3798,3799,3800,3801],"class_list":["post-14172","post","type-post","status-publish","format-standard","has-post-thumbnail","hentry","category-artigos","tag-analise-de-edital-samu-feira-de-santana","tag-analise-de-edital-samu-feira-de-santana-bahia","tag-apostila-concurso-samu-feira-de-santana","tag-apostila-concurso-samu-feira-de-santana-ba","tag-apostila-concurso-samu-feira-de-santana-ba-2015","tag-apostila-para-concurso","tag-apostila-samu","tag-apostila-samu-feira-de-santana","tag-apostila-samu-feira-de-santana-ba","tag-apostila-samu-feira-de-santana-ba-2015","tag-bahia","tag-como-estudar","tag-como-estudar-concurso-samu-feira-de-santana","tag-como-estudar-samu-feira-de-santana-2015","tag-concurso-bahia","tag-concurso-samu","tag-concurso-samu-feira-de-santana","tag-concurso-samu-feira-de-santana-ba","tag-concurso-samu-feira-de-santana-ba-2015","tag-concursos-publicos","tag-feira-de-santana","tag-feira-de-santana-bahia","tag-o-que-cai-na-prova","tag-o-que-cai-na-prova-samu-feira-de-santana","tag-o-que-cai-na-prova-samu-feira-de-santana-2015","tag-samu","tag-samu-feira-de-santana","tag-samu-feira-de-santana-ba","tag-samu-feira-de-santana-ba-2015","tag-servicos-de-atendimento-movel-de-urgencia"],"acf":[],"_links":{"self":[{"href":"https:\/\/www.novaconcursos.com.br\/portal\/wp-json\/wp\/v2\/posts\/14172","targetHints":{"allow":["GET"]}}],"collection":[{"href":"https:\/\/www.novaconcursos.com.br\/portal\/wp-json\/wp\/v2\/posts"}],"about":[{"href":"https:\/\/www.novaconcursos.com.br\/portal\/wp-json\/wp\/v2\/types\/post"}],"author":[{"embeddable":true,"href":"https:\/\/www.novaconcursos.com.br\/portal\/wp-json\/wp\/v2\/users\/16"}],"replies":[{"embeddable":true,"href":"https:\/\/www.novaconcursos.com.br\/portal\/wp-json\/wp\/v2\/comments?post=14172"}],"version-history":[{"count":2,"href":"https:\/\/www.novaconcursos.com.br\/portal\/wp-json\/wp\/v2\/posts\/14172\/revisions"}],"predecessor-version":[{"id":117513,"href":"https:\/\/www.novaconcursos.com.br\/portal\/wp-json\/wp\/v2\/posts\/14172\/revisions\/117513"}],"wp:featuredmedia":[{"embeddable":true,"href":"https:\/\/www.novaconcursos.com.br\/portal\/wp-json\/wp\/v2\/media\/14187"}],"wp:attachment":[{"href":"https:\/\/www.novaconcursos.com.br\/portal\/wp-json\/wp\/v2\/media?parent=14172"}],"wp:term":[{"taxonomy":"category","embeddable":true,"href":"https:\/\/www.novaconcursos.com.br\/portal\/wp-json\/wp\/v2\/categories?post=14172"},{"taxonomy":"post_tag","embeddable":true,"href":"https:\/\/www.novaconcursos.com.br\/portal\/wp-json\/wp\/v2\/tags?post=14172"}],"curies":[{"name":"wp","href":"https:\/\/api.w.org\/{rel}","templated":true}]}}