{"id":141792,"date":"2021-08-31T16:14:24","date_gmt":"2021-08-31T19:14:24","guid":{"rendered":"https:\/\/www.novaconcursos.com.br\/portal\/?p=141792"},"modified":"2021-08-31T16:14:26","modified_gmt":"2021-08-31T19:14:26","slug":"concurso-funsaude-ce-inscricoes-prorrogadas","status":"publish","type":"post","link":"https:\/\/www.novaconcursos.com.br\/portal\/noticias\/concurso-funsaude-ce-inscricoes-prorrogadas\/","title":{"rendered":"Concurso Funsa\u00fade CE: Inscri\u00e7\u00f5es para 6 mil vagas s\u00e3o prorrogadas!"},"content":{"rendered":"<p>Aten\u00e7\u00e3o concurseiros! O novo\u00a0<a href=\"https:\/\/www.novaconcursos.com.br\/portal\/concursos\/concurso-funsaude\/\">concurso Funsa\u00fade CE<\/a>\u00a0conta com a oferta de\u00a0<strong>6 mil vagas imediatas<\/strong>\u00a0e 20 mil para forma\u00e7\u00e3o de cadastro reserva.\u00a0E a boa not\u00edcia \u00e9 que as <strong>inscri\u00e7\u00f5es foram prorrogadas at\u00e9 03 de setembro! <\/strong><\/p>\n\n\n\n<ul class=\"wp-block-list\"><li><strong>Confira:<\/strong>\u00a0<a href=\"https:\/\/www.novaconcursos.com.br\/eventos\/guia-definitivo-plano-de-estudos-passo-a-passo\/\" target=\"_blank\" rel=\"noreferrer noopener\" aria-label=\" (abre numa nova aba)\">Guia Definitivo Plano de Estudos (Gr\u00e1tis)<\/a><\/li><\/ul><p><\/p>\n\n\n\n<h2 class=\"wp-block-heading\" id=\"inscries-do-concurso-funsade-ce-vo-at-agosto\">Inscri\u00e7\u00f5es do concurso Funsa\u00fade CE v\u00e3o at\u00e9 agosto<\/h2>\n\n\n\n<p>Previstas para encerrarem nesta segunda-feira (30), as <strong>inscri\u00e7\u00f5es <\/strong>do\u00a0<a href=\"https:\/\/www.novaconcursos.com.br\/portal\/concursos-previstos\/ce\/\">concurso\u00a0<\/a>Funsa\u00fade CE foram <strong>prorrogadas<\/strong>. <\/p>\n\n\n\n<p>Agora os concurseiros ter\u00e3o a chance de se inscrever at\u00e9 a pr\u00f3xima sexta-feira, <strong>03 de setembro<\/strong>. O comunicado foi divulgado no portal da banca organizadora a\u00a0Funda\u00e7\u00e3o Get\u00falio Vargas.<\/p>\n\n\n\n<p>Os interessados em participar do concurso poder\u00e3o\u00a0<strong>acessar o\u00a0site da <\/strong>organizadora, <a rel=\"noreferrer noopener\" href=\"https:\/\/conhecimento.fgv.br\/concursos\/funsaude21\" target=\"_blank\">(FGV).<\/a>\u00a0O valor das taxas variam:<\/p>\n\n\n\n<ul class=\"wp-block-list\"><li><strong>M\u00e9dio:<\/strong>\u00a0R$ 70,00<\/li><li><strong>Superior:\u00a0<\/strong>R$ 150,00<\/li><li><strong>M\u00e9dicos<\/strong>: R$ 300,00<\/li><\/ul><p><\/p>\n\n\n\n<h3 class=\"wp-block-heading\">Prorrogado ainda o prazo para pagar isen\u00e7\u00e3o<\/h3>\n\n\n\n<p>Al\u00e9m da prorroga\u00e7\u00e3o das inscri\u00e7\u00f5es, a banca tamb\u00e9m anunciou a <strong>prorroga\u00e7\u00e3o do prazo de pagamento da taxa<\/strong> de inscri\u00e7\u00e3o, que agora poder\u00e1 ser feito at\u00e9 a pr\u00f3xima segunda-feira, 06 de setembro.<\/p>\n\n\n\n<p>Lembrando que a<strong>\u00a0isen\u00e7\u00e3o da taxa<\/strong>\u00a0poder\u00e1 ser solicitada por servidor p\u00fablico, doador de sangue, alunos que estudam ou conclu\u00edram seus estudos em entidades de ensino p\u00fablico; deficientes; ou alunos cujas fam\u00edlias percebam renda de at\u00e9 2 (dois) sal\u00e1rios m\u00ednimos e pessoa hipossuficiente. <\/p>\n\n\n\n<h2 class=\"wp-block-heading\" id=\"concurso-funsade-ce-vagas-e-salrios\">Concurso Funsa\u00fade CE: vagas e sal\u00e1rios<\/h2>\n\n\n\n<p>O concurso Funsa\u00fade do Cear\u00e1 soma um total de <strong>seis mil vagas para provimento imediato<\/strong>, al\u00e9m de outras 20 mil para forma\u00e7\u00e3o de cadastro reserva. <\/p>\n\n\n\n<p>O edital 1 conta com <strong>1.792 vagas<\/strong>\u00a0para os empregos p\u00fablicos de N\u00edvel Superior e\u00a0<strong>2.749 vagas<\/strong>\u00a0para os empregos p\u00fablicos de N\u00edvel M\u00e9dio. Confira:<\/p>\n\n\n\n<figure class=\"wp-block-image size-large\"><img decoding=\"async\" width=\"642\" height=\"657\" src=\"https:\/\/www.novaconcursos.com.br\/portal\/wp-content\/uploads\/2021\/08\/edital-1-Funsa%C3%BAde-CE.png\" alt=\"\" class=\"wp-image-141823\" loading=\"lazy\" title=\"\" srcset=\"https:\/\/www.novaconcursos.com.br\/portal\/wp-content\/uploads\/2021\/08\/edital-1-Funsa\u00fade-CE-293x300.png 293w, https:\/\/www.novaconcursos.com.br\/portal\/wp-content\/uploads\/2021\/08\/edital-1-Funsa\u00fade-CE.png 642w\" sizes=\"auto, (max-width: 480px) 100vw, (max-width: 768px) 100vw, (max-width: 1200px) 70vw, 768px\"><figcaption><\/figcaption><\/figure><p>O edital 2\u00a0conta com<strong>\u00a0202 vagas<\/strong>\u00a0para os empregos p\u00fablicos de N\u00edvel Superior e\u00a0<strong>217<\/strong>\u00a0para os empregos p\u00fablicos de N\u00edvel M\u00e9dio, na \u00c1rea Administrativa. Confira: <\/p>\n\n\n\n<figure class=\"wp-block-image size-large\"><img decoding=\"async\" width=\"638\" height=\"652\" src=\"https:\/\/www.novaconcursos.com.br\/portal\/wp-content\/uploads\/2021\/08\/edital-2-Funsa%C3%BAde-CE.png\" alt=\"\" class=\"wp-image-141824\" loading=\"lazy\" title=\"\" srcset=\"https:\/\/www.novaconcursos.com.br\/portal\/wp-content\/uploads\/2021\/08\/edital-2-Funsa\u00fade-CE-294x300.png 294w, https:\/\/www.novaconcursos.com.br\/portal\/wp-content\/uploads\/2021\/08\/edital-2-Funsa\u00fade-CE.png 638w\" sizes=\"auto, (max-width: 480px) 100vw, (max-width: 768px) 100vw, (max-width: 1200px) 70vw, 768px\"><figcaption><\/figcaption><\/figure><p>E o edital 3 visa ao preenchimento de\u00a0<strong>1.040 vagas<\/strong>\u00a0para os empregos p\u00fablicos de N\u00edvel Superior, \u00c1rea M\u00e9dica. Confira: <\/p>\n\n\n\n<figure class=\"wp-block-image size-large\"><img decoding=\"async\" width=\"667\" height=\"72\" src=\"https:\/\/www.novaconcursos.com.br\/portal\/wp-content\/uploads\/2021\/08\/edital-3-Funsa%C3%BAde-CE.png\" alt=\"\" class=\"wp-image-141825\" loading=\"lazy\" title=\"\" srcset=\"https:\/\/www.novaconcursos.com.br\/portal\/wp-content\/uploads\/2021\/08\/edital-3-Funsa\u00fade-CE-300x32.png 300w, https:\/\/www.novaconcursos.com.br\/portal\/wp-content\/uploads\/2021\/08\/edital-3-Funsa\u00fade-CE.png 667w\" sizes=\"auto, (max-width: 480px) 100vw, (max-width: 768px) 100vw, (max-width: 1200px) 70vw, 768px\"><figcaption><\/figcaption><\/figure><h3 class=\"wp-block-heading\">Para onde s\u00e3o as vagas?<\/h3>\n\n\n\n<p>Os <strong>aprovados <\/strong>nas etapas do\u00a0<a href=\"https:\/\/www.novaconcursos.com.br\/portal\/concursos-abertos\/ce\/\">concurso<\/a>\u00a0Funsa\u00fade CE e que forem contratados, poder\u00e3o atuar nas seguintes <strong>unidades<\/strong>:<\/p>\n\n\n\n<ul class=\"wp-block-list\"><li>Hospital Geral de Fortaleza<\/li><li>Hospital de Messejana<\/li><li>Hospital Infantil Albert Sabin<\/li><li>Central de Regula\u00e7\u00e3o<\/li><li>Centro e Especialidades Pedi\u00e1tricas<\/li><li>Sede da Funsa\u00fade<\/li><\/ul><h2 class=\"wp-block-heading\" id=\"etapas\">Concurso Funsa\u00fade CE: etapas e provas<\/h2>\n\n\n\n<p>Os candidatos inscritos no concurso Funsa\u00fade CE ser\u00e3o avaliados por meio de at\u00e9 <strong>duas etapas,<\/strong> sendo elas:<\/p>\n\n\n\n<ul class=\"wp-block-list\"><li><strong>Prova Objetiva<\/strong>\u00a0\u2013 de car\u00e1ter eliminat\u00f3rio e classificat\u00f3rio;<\/li><li><strong>Avalia\u00e7\u00e3o de T\u00edtulos<\/strong>\u00a0\u2013 de car\u00e1ter classificat\u00f3rio.<\/li><\/ul><p><\/p>\n\n\n\n<p>As <strong>provas objetivas<\/strong> ser\u00e3o aplicadas, em car\u00e1ter eliminat\u00f3rio e classificat\u00f3rio, em Fortaleza. <\/p>\n\n\n\n<p>A previs\u00e3o \u00e9 que sejam no dia 24 de outubro, das 13h15 \u00e0s 17h. Ser\u00e3o\u00a0<strong>60 quest\u00f5es,<\/strong>\u00a0que abordar\u00e3o as disciplinas de:<\/p>\n\n\n\n<ul class=\"wp-block-list\"><li>L\u00edngua Portuguesa \u2013 10 quest\u00f5es<\/li><li>Racioc\u00ednio L\u00f3gico \u2013 10<\/li><li>No\u00e7\u00f5es de Inform\u00e1tica \u2013 10<\/li><li>Legisla\u00e7\u00e3o SUS \u2013 5<\/li><li>Conhecimentos espec\u00edficos \u2013 25<\/li><\/ul><p><\/p>","protected":false},"excerpt":{"rendered":"<p>Aten\u00e7\u00e3o concurseiros! O novo\u00a0concurso Funsa\u00fade CE\u00a0conta com a oferta de\u00a06 mil vagas imediatas\u00a0e 20 mil para forma\u00e7\u00e3o de cadastro reserva.\u00a0E a boa not\u00edcia \u00e9 que as inscri\u00e7\u00f5es foram prorrogadas at\u00e9 03 de setembro! Confira:\u00a0Guia Definitivo Plano de Estudos (Gr\u00e1tis) Inscri\u00e7\u00f5es do concurso Funsa\u00fade CE v\u00e3o at\u00e9 agosto Previstas para encerrarem nesta segunda-feira (30), as inscri\u00e7\u00f5es [&hellip;]<\/p>\n","protected":false},"author":54671,"featured_media":137451,"comment_status":"closed","ping_status":"closed","sticky":false,"template":"","format":"standard","meta":{"_acf_changed":false,"footnotes":"","_wp_rev_ctl_limit":""},"categories":[228],"tags":[39650,3685,38439,2578,39648,6971,37288,39970,38431,115,39649,1105,39651],"class_list":["post-141792","post","type-post","status-publish","format-standard","has-post-thumbnail","hentry","category-noticias","tag-cargos-concurso-funsaude-ce","tag-ceara","tag-concurso-funsaude-ce","tag-concursos-publicos","tag-edital-concurso-funsaude-ce","tag-enfermagem","tag-fundacao-getulio-vargas","tag-funsaude-ce-tecnico-enfermagem","tag-governador-camilo-santana","tag-nova-concursos","tag-salario-concurso-funsaude-ce","tag-tecnico-de-enfermagem","tag-vagas-concurso-funsaude-ce"],"acf":[],"_links":{"self":[{"href":"https:\/\/www.novaconcursos.com.br\/portal\/wp-json\/wp\/v2\/posts\/141792","targetHints":{"allow":["GET"]}}],"collection":[{"href":"https:\/\/www.novaconcursos.com.br\/portal\/wp-json\/wp\/v2\/posts"}],"about":[{"href":"https:\/\/www.novaconcursos.com.br\/portal\/wp-json\/wp\/v2\/types\/post"}],"author":[{"embeddable":true,"href":"https:\/\/www.novaconcursos.com.br\/portal\/wp-json\/wp\/v2\/users\/54671"}],"replies":[{"embeddable":true,"href":"https:\/\/www.novaconcursos.com.br\/portal\/wp-json\/wp\/v2\/comments?post=141792"}],"version-history":[{"count":4,"href":"https:\/\/www.novaconcursos.com.br\/portal\/wp-json\/wp\/v2\/posts\/141792\/revisions"}],"predecessor-version":[{"id":141827,"href":"https:\/\/www.novaconcursos.com.br\/portal\/wp-json\/wp\/v2\/posts\/141792\/revisions\/141827"}],"wp:featuredmedia":[{"embeddable":true,"href":"https:\/\/www.novaconcursos.com.br\/portal\/wp-json\/wp\/v2\/media\/137451"}],"wp:attachment":[{"href":"https:\/\/www.novaconcursos.com.br\/portal\/wp-json\/wp\/v2\/media?parent=141792"}],"wp:term":[{"taxonomy":"category","embeddable":true,"href":"https:\/\/www.novaconcursos.com.br\/portal\/wp-json\/wp\/v2\/categories?post=141792"},{"taxonomy":"post_tag","embeddable":true,"href":"https:\/\/www.novaconcursos.com.br\/portal\/wp-json\/wp\/v2\/tags?post=141792"}],"curies":[{"name":"wp","href":"https:\/\/api.w.org\/{rel}","templated":true}]}}