{"id":141828,"date":"2021-08-31T16:43:16","date_gmt":"2021-08-31T19:43:16","guid":{"rendered":"https:\/\/www.novaconcursos.com.br\/portal\/?p=141828"},"modified":"2021-08-31T16:43:19","modified_gmt":"2021-08-31T19:43:19","slug":"concurso-prf-divulga-novo-cronograma","status":"publish","type":"post","link":"https:\/\/www.novaconcursos.com.br\/portal\/noticias\/concurso-prf-divulga-novo-cronograma\/","title":{"rendered":"Concurso PRF: Corpora\u00e7\u00e3o divulga novo cronograma!"},"content":{"rendered":"<p>O <a href=\"https:\/\/www.novaconcursos.com.br\/portal\/concursos\/concurso-prf\/\">concurso PRF<\/a> (Pol\u00edcia Rodovi\u00e1ria Federal) ganhou um <strong>novo cronograma.<\/strong> Uma retifica\u00e7\u00e3o aumentou o <strong>prazo para envio de documentos <\/strong>para a fase da investiga\u00e7\u00e3o social. Entenda e se programe!<\/p>\n\n\n\n<ul class=\"wp-block-list\"><li><strong>Confira:\u00a0<\/strong><a href=\"https:\/\/www.novaconcursos.com.br\/eventos\/e-book-questoes-comentadas-prf\/\" target=\"_blank\" rel=\"noreferrer noopener\" aria-label=\" (abre numa nova aba)\">Quest\u00f5es comentadas PRF \u2013 Gr\u00e1tis<\/a><\/li><\/ul><p><\/p>\n\n\n\n<h2 class=\"wp-block-heading\" id=\"concurso-prf-novo-cronograma-divulgado\">Concurso PRF: novo cronograma divulgado<\/h2>\n\n\n\n<p>Concurseiros que est\u00e3o na briga por uma das vagas do <a href=\"https:\/\/www.novaconcursos.com.br\/portal\/concursos-previstos\/nacional\">concurso <\/a>da Pol\u00edcia Rodovi\u00e1ria Federal devem ficar atentos. Isso porque um<strong> novo cronograma <\/strong>foi divulgado nesta semana. <\/p>\n\n\n\n<ul class=\"wp-block-list\"><li><strong>Adquira:\u00a0<\/strong><a href=\"https:\/\/www.novaconcursos.com.br\/concurso\/prf-policia-rodoviaria-federal\/apostila\">Apostila Concurso PRF<\/a><\/li><li><strong>Adquira:<\/strong>\u00a0<a href=\"https:\/\/www.novaconcursos.com.br\/concurso\/prf-policia-rodoviaria-federal\/curso-online\">Curso Online Concurso PRF<\/a><\/li><\/ul><p><\/p>\n\n\n\n<p>De acordo com o documento, uma retifica\u00e7\u00e3o foi aplicada e os candidatos agora ter\u00e3o um <strong>tempo maior para envio dos documentos<\/strong> para a fase de investiga\u00e7\u00e3o social.<\/p>\n\n\n\n<p>O prazo agora ser\u00e1 at\u00e9 a pr\u00f3xima sexta-feira, <strong>03 de setembro<\/strong>. Vale lembrar que as documenta\u00e7\u00f5es tamb\u00e9m s\u00e3o necess\u00e1rias para a matr\u00edcula no <strong>Curso de Forma\u00e7\u00e3o Profissional<\/strong> (CFP). Confira o que disse a altera\u00e7\u00e3o:<\/p>\n\n\n\n<p><em>\u201c6.1 Os candidatos dever\u00e3o enviar os documentos listados no subitem 13.3 do Edital Concurso PRF n\u00b01, de 18 de janeiro de 2021, e suas altera\u00e7\u00f5es, necess\u00e1rias \u00e0 investiga\u00e7\u00e3o social e \u00e0 verifica\u00e7\u00e3o do cumprimento dos requisitos exigidos para cada fase do concurso, inclusive para a matr\u00edcula no CFP, estendendo-se pela primeira e segunda etapas, encerrando-se apenas com a nomea\u00e7\u00e3o do candidato, por meio de upload, no endere\u00e7o eletr\u00f4nico <a href=\"http:\/\/cebraspe.org.br\/concursos\/prf_21\" target=\"_blank\" rel=\"noreferrer noopener\" aria-label=\" (abre numa nova aba)\">http:\/\/cebraspe.org.br\/concursos\/prf_21<\/a>, das 10 horas do dia 1\u00b0 de setembro de 2021 \u00e0s 18 horas do dia 3 de setembro de 2021 (hor\u00e1rio oficial de Bras\u00edlia-DF)\u201d<\/em>, afirmou o documento. <\/p>\n\n\n\n<p>Vale ressaltar que o concurso PRF passou, recentemente, por uma <strong>suspens\u00e3o tempor\u00e1ria<\/strong>, mas foi retomado posteriormente. <\/p>\n\n\n\n<p>A banca organizadora chegou a reconhecer <strong>erros t\u00e9cnicos<\/strong> na divulga\u00e7\u00e3o do resultado provis\u00f3rio na avalia\u00e7\u00e3o de sa\u00fade, publicado em 10 de agosto.<\/p>\n\n\n\n<p>Com a <strong>mudan\u00e7a de datas<\/strong>, o novo cronograma, agora, ficou detalhado da seguinte forma:<\/p>\n\n\n\n<ul class=\"wp-block-list\"><li>Recursos contra o resultado da\u00a0<strong>avalia\u00e7\u00e3o m\u00e9dica<\/strong>: das 10 horas do dia 25 de agosto de 2021 \u00e0s 18 horas do dia 26 de agosto de 2021<\/li><li>Recursos contra o resultado da<strong>\u00a0avalia\u00e7\u00e3o de t\u00edtulos<\/strong>: das 10 horas do dia 19 de agosto de 2021 \u00e0s 18 horas do dia 20 de agosto de 2021<\/li><li>Recursos contra o resultado da<strong>\u00a0avalia\u00e7\u00e3o biopsicossocial dos candidatos PcD<\/strong>: 10 horas do dia 19 de agosto de 2021 \u00e0s 18 horas do dia 20 de agosto de 2021<\/li><li><strong>Resultado final das etapas<\/strong>: 1\u00ba de setembro<\/li><\/ul><p><\/p>\n\n\n\n<p>Segundo a PRF, as <strong>convoca\u00e7\u00f5es dos aprovados<\/strong> est\u00e3o previstas na Lei de Diretrizes Or\u00e7ament\u00e1rias de 2022 (LDO), mencionadas no inciso VIII, do artigo 109. <\/p>\n\n\n\n<h2 class=\"wp-block-heading\" id=\"concurso-prf-detalhes-do-certame\">Concurso PRF: detalhes do certame<\/h2>\n\n\n\n<p>O <a href=\"https:\/\/www.novaconcursos.com.br\/portal\/concursos-abertos\/nacional\">concurso <\/a>PRF est\u00e1 ofertando um total de <strong>1.500 oportunidades<\/strong>\u00a0para o cargo de\u00a0<strong>Policial Rodovi\u00e1rio Federal, que<\/strong> exige o\u00a0<strong>n\u00edvel superior<\/strong>\u00a0em qualquer \u00e1rea.<\/p>\n\n\n\n<p>Os sal\u00e1rios iniciais chegam a<strong>\u00a0R$ 9.899,88.<\/strong>\u00a0Al\u00e9m disso, os aprovados tamb\u00e9m contar\u00e3o com um aux\u00edlio-alimenta\u00e7\u00e3o de\u00a0<strong>R$ 458<\/strong>. <\/p>\n\n\n\n<p>A jornada de trabalho \u00e9 de\u00a0<strong>40 horas semanais<\/strong>. Confira a\u00a0<strong>distribui\u00e7\u00e3o das vagas:<\/strong><\/p>\n\n\n\n<ul class=\"wp-block-list\"><li>1.175 para ampla concorr\u00eancia;<\/li><li>300 para negros; e<\/li><li>75 para pessoas com defici\u00eancia (PcD).<\/li><\/ul>","protected":false},"excerpt":{"rendered":"<p>O concurso PRF (Pol\u00edcia Rodovi\u00e1ria Federal) ganhou um novo cronograma. Uma retifica\u00e7\u00e3o aumentou o prazo para envio de documentos para a fase da investiga\u00e7\u00e3o social. Entenda e se programe! Confira:\u00a0Quest\u00f5es comentadas PRF \u2013 Gr\u00e1tis Concurso PRF: novo cronograma divulgado Concurseiros que est\u00e3o na briga por uma das vagas do concurso da Pol\u00edcia Rodovi\u00e1ria Federal devem [&hellip;]<\/p>\n","protected":false},"author":54671,"featured_media":126271,"comment_status":"closed","ping_status":"closed","sticky":false,"template":"","format":"standard","meta":{"_acf_changed":false,"footnotes":"","_wp_rev_ctl_limit":""},"categories":[228],"tags":[34453,3064,23630,6524,39135,36895,38388,38389,3726,2506,198,2578,39591,38120,6526,10158,115,38581,3577,8018,38582,36731],"class_list":["post-141828","post","type-post","status-publish","format-standard","has-post-thumbnail","hentry","category-noticias","tag-cebraspe","tag-concurso-policia-rodoviaria-federal","tag-concurso-policia-rodoviaria-federal-prf","tag-concurso-prf","tag-concurso-prf-gabarito-final","tag-concurso-prf-provas","tag-concurso-prf-provas-adiadas","tag-concurso-prf-provas-mantidas","tag-concursos-abertos","tag-concursos-nacionais","tag-concursos-previstos","tag-concursos-publicos","tag-dicas-para-o-taf-concurso-prf","tag-editais-nacionais","tag-edital-prf","tag-lingua-estrangeira","tag-nova-concursos","tag-pedido-de-anulacao-de-provas-concurso-prf","tag-policia-rodoviaria-federal-prf","tag-prf","tag-provas-erradas-concurso-prf","tag-taf"],"acf":[],"_links":{"self":[{"href":"https:\/\/www.novaconcursos.com.br\/portal\/wp-json\/wp\/v2\/posts\/141828","targetHints":{"allow":["GET"]}}],"collection":[{"href":"https:\/\/www.novaconcursos.com.br\/portal\/wp-json\/wp\/v2\/posts"}],"about":[{"href":"https:\/\/www.novaconcursos.com.br\/portal\/wp-json\/wp\/v2\/types\/post"}],"author":[{"embeddable":true,"href":"https:\/\/www.novaconcursos.com.br\/portal\/wp-json\/wp\/v2\/users\/54671"}],"replies":[{"embeddable":true,"href":"https:\/\/www.novaconcursos.com.br\/portal\/wp-json\/wp\/v2\/comments?post=141828"}],"version-history":[{"count":4,"href":"https:\/\/www.novaconcursos.com.br\/portal\/wp-json\/wp\/v2\/posts\/141828\/revisions"}],"predecessor-version":[{"id":141833,"href":"https:\/\/www.novaconcursos.com.br\/portal\/wp-json\/wp\/v2\/posts\/141828\/revisions\/141833"}],"wp:featuredmedia":[{"embeddable":true,"href":"https:\/\/www.novaconcursos.com.br\/portal\/wp-json\/wp\/v2\/media\/126271"}],"wp:attachment":[{"href":"https:\/\/www.novaconcursos.com.br\/portal\/wp-json\/wp\/v2\/media?parent=141828"}],"wp:term":[{"taxonomy":"category","embeddable":true,"href":"https:\/\/www.novaconcursos.com.br\/portal\/wp-json\/wp\/v2\/categories?post=141828"},{"taxonomy":"post_tag","embeddable":true,"href":"https:\/\/www.novaconcursos.com.br\/portal\/wp-json\/wp\/v2\/tags?post=141828"}],"curies":[{"name":"wp","href":"https:\/\/api.w.org\/{rel}","templated":true}]}}