{"id":141839,"date":"2021-08-31T17:43:21","date_gmt":"2021-08-31T20:43:21","guid":{"rendered":"https:\/\/www.novaconcursos.com.br\/portal\/?p=141839"},"modified":"2021-08-31T17:43:25","modified_gmt":"2021-08-31T20:43:25","slug":"concurso-mp-pe-comissao-formada","status":"publish","type":"post","link":"https:\/\/www.novaconcursos.com.br\/portal\/noticias\/concurso-mp-pe-comissao-formada\/","title":{"rendered":"Concurso MP PE: Comiss\u00e3o organizadora est\u00e1 formada!"},"content":{"rendered":"<p>A <strong>comiss\u00e3o <\/strong>organizadora para o pr\u00f3ximo <a href=\"https:\/\/www.novaconcursos.com.br\/portal\/concursos\/concurso-mp-pe\/\">concurso MP PE<\/a> (Minist\u00e9rio P\u00fablico de Pernambuco) est\u00e1 <strong>formada<\/strong>! Com isso, \u00e9 poss\u00edvel que o <strong>edital <\/strong>seja lan\u00e7ado ainda em 2021 para <strong>nomea\u00e7\u00f5es em 2022.<\/strong><\/p>\n\n\n\n<ul class=\"wp-block-list\"><li><strong>Confira:<\/strong> <a href=\"https:\/\/www.novaconcursos.com.br\/eventos\/guia-definitivo-como-montar-um-mapa-mental\/\" target=\"_blank\" rel=\"noreferrer noopener\" aria-label=\"Guia como montar um mapa mental (Gr\u00e1tis) (abre numa nova aba)\">Guia como montar um mapa mental (Gr\u00e1tis)<\/a><\/li><\/ul><p><\/p>\n\n\n\n<h2 class=\"wp-block-heading\" id=\"concurso-mp-pe-comisso-formada-e-edital-em-elaborao\">Concurso MP PE: comiss\u00e3o formada e edital em elabora\u00e7\u00e3o<\/h2>\n\n\n\n<p>Um <strong>novo edital <\/strong>para o Minist\u00e9rio P\u00fablico do <a href=\"https:\/\/www.novaconcursos.com.br\/portal\/concursos-previstos\/pe\/\">Estado de Pernambuco<\/a> deve estar chegando <strong>ainda em 2021<\/strong>. Isso porque a banca organizadora est\u00e1 formada. <\/p>\n\n\n\n<p>O concurso, com vagas para <strong>Promotor<\/strong>, j\u00e1 foi aprovado e segue os tr\u00e2mites legais. <\/p>\n\n\n\n<p>A <strong>decis\u00e3o e o ato<\/strong> da escolha dos nomes da comiss\u00e3o foram publicados no Di\u00e1rio Oficial da \u00faltima segunda-feira (30). <\/p>\n\n\n\n<p>Os documentos foram assinados pelo <strong>procurador-geral<\/strong> de Justi\u00e7a, Paulo Augusto de Freitas Oliveira. Confira:<\/p>\n\n\n\n<ul class=\"wp-block-list\"><li>Dr\u00ba Marco Aur\u00e9lio Farias da Silva \u2013 procurador de Justi\u00e7a (presidente);<\/li><li>Dr\u00aa Vivianne Maria de Freitas Melo Monteiro de Menezes \u2013 promotora de Justi\u00e7a (secret\u00e1ria).<\/li><\/ul><p><\/p>\n\n\n\n<p>O Procurador <strong>enviou ainda um of\u00edcio<\/strong> \u00e0 Ordem dos Advogados do Brasil (OAB), de Pernambuco, e ao Tribunal de Justi\u00e7a (TJPE) para que indiquem um <strong>Advogado <\/strong>e um magistrado para compor a comiss\u00e3o. <\/p>\n\n\n\n<p>Al\u00e9m disso, ele <strong>tamb\u00e9m determinou <\/strong>\u00e0 Secretaria do Conselho Superior do \u00f3rg\u00e3o para <strong>indicar suplentes <\/strong>para compor o grupo. <\/p>\n\n\n\n<p>A mesma decis\u00e3o <strong>determina a convoca\u00e7\u00e3o<\/strong> dos remanescentes do concurso anterior, para que apresentem as documenta\u00e7\u00f5es necess\u00e1rias para a nomea\u00e7\u00e3o. <\/p>\n\n\n\n<p>Para especialistas e concurseiros, a forma\u00e7\u00e3o da comiss\u00e3o foi um <strong>passo importante<\/strong> para a publica\u00e7\u00e3o do edital, que segue sem data prevista para sair, mas, \u00e9 aguardado ainda em 2021.<\/p>\n\n\n\n<p>O Minist\u00e9rio P\u00fablico afirma que necessita de contrata\u00e7\u00f5es com urg\u00eancia, uma vez que o \u00faltimo concurso para Promotores foi realizado h\u00e1 <strong>07 anos<\/strong>.<\/p>\n\n\n\n<h3 class=\"wp-block-heading\"><strong>Termo de refer\u00eancia j\u00e1 ser\u00e1 elaborado<\/strong><\/h3>\n\n\n\n<p>Os preparativos devem ser acelerados, pois j\u00e1 h\u00e1 ind\u00edcios de que o <strong>termo de refer\u00eancia<\/strong> ser\u00e1 elaborado em breve. O \u00f3rg\u00e3o n\u00e3o confirma, mas a informa\u00e7\u00e3o \u00e9 quente.<\/p>\n\n\n\n<p>Ainda no ato, o procurador-geral de Justi\u00e7a determina a juntada de certid\u00e3o de <strong>disponibilidade or\u00e7ament\u00e1ria<\/strong> para os estudos necess\u00e1rios para a elabora\u00e7\u00e3o do edital. <\/p>\n\n\n\n<h2 class=\"wp-block-heading\" id=\"ltimo-concurso-mp-pe\"><strong>\u00daltimo concurso MP PE<\/strong><\/h2>\n\n\n\n<p>O \u00faltimo concurso do Minist\u00e9rio P\u00fablico do <a href=\"https:\/\/www.novaconcursos.com.br\/portal\/concursos-abertos\/pe\/\">Estado de Pernambuco<\/a> foi publicado em <strong>2014 <\/strong>e contou com a oferta de<strong> 15 vagas para Promotor.<\/strong> S\u00e3o 07 anos sem concursos para a carreira no estado!<\/p>\n\n\n\n<p>Para participar foram cobrados curso de <strong>n\u00edvel superior<\/strong> em Direito na modalidade bacharel e\u00a0tr\u00eas anos de atividade jur\u00eddica. Os sal\u00e1rios chegavam a<strong> R$ 19.383,87.<\/strong><\/p>\n\n\n\n<p>Sob a organiza\u00e7\u00e3o da banca Funda\u00e7\u00e3o Carlos Chagas (<strong>FCC<\/strong>), os concurseiros foram avaliados por meio de<strong> tr\u00eas etapas de avalia\u00e7\u00e3o,<\/strong> sendo:<\/p>\n\n\n\n<ul class=\"wp-block-list\"><li>Prova Seletiva;<\/li><li>Provas Discursivas, em n\u00famero de duas;<\/li><li>Prova Oral.<\/li><\/ul><p><\/p>\n\n\n\n<p>Al\u00e9m disso, na \u00e9poca, o concurso contou com as <strong>disciplinas <\/strong>sendo divididas em <strong>quatro grupos tem\u00e1ticos<\/strong>, sendo eles:<\/p>\n\n\n\n<ul class=\"wp-block-list\"><li><strong>Grupo 1:\u00a0<\/strong>Direito Penal, Direito Processual Penal, Direito de Execu\u00e7\u00e3o Penal e Medicina Legal.<\/li><li><strong>Grupo 2:\u00a0<\/strong>Direito Civil, Direito Comercial e Direito Processual Civil.<\/li><li><strong>Grupo 3:<\/strong>\u00a0Direito Constitucional, Direito Tribut\u00e1rio, Direito Administrativo e Direito Eleitoral.<\/li><li><strong>Grupo 4:\u00a0<\/strong>Direitos Difusos e Coletivos, Direito da Crian\u00e7a e do Adolescente e Legisla\u00e7\u00e3o Institucional<\/li><\/ul>","protected":false},"excerpt":{"rendered":"<p>A comiss\u00e3o organizadora para o pr\u00f3ximo concurso MP PE (Minist\u00e9rio P\u00fablico de Pernambuco) est\u00e1 formada! Com isso, \u00e9 poss\u00edvel que o edital seja lan\u00e7ado ainda em 2021 para nomea\u00e7\u00f5es em 2022. Confira: Guia como montar um mapa mental (Gr\u00e1tis) Concurso MP PE: comiss\u00e3o formada e edital em elabora\u00e7\u00e3o Um novo edital para o Minist\u00e9rio P\u00fablico [&hellip;]<\/p>\n","protected":false},"author":54671,"featured_media":141840,"comment_status":"closed","ping_status":"closed","sticky":false,"template":"","format":"standard","meta":{"_acf_changed":false,"footnotes":"","_wp_rev_ctl_limit":""},"categories":[228],"tags":[41002,41001,41004,30990,36573,3726,39333,36930,198,41003,32173],"class_list":["post-141839","post","type-post","status-publish","format-standard","has-post-thumbnail","hentry","category-noticias","tag-concurso-ministerio-publico-do-pernambuco","tag-concurso-ministerio-publico-pe","tag-concurso-mp-pernambuco","tag-concurso-mp-pe","tag-concursos-2021","tag-concursos-abertos","tag-concursos-pe","tag-concursos-pernambuco","tag-concursos-previstos","tag-mp-pernambuco","tag-mp-pe"],"acf":[],"_links":{"self":[{"href":"https:\/\/www.novaconcursos.com.br\/portal\/wp-json\/wp\/v2\/posts\/141839","targetHints":{"allow":["GET"]}}],"collection":[{"href":"https:\/\/www.novaconcursos.com.br\/portal\/wp-json\/wp\/v2\/posts"}],"about":[{"href":"https:\/\/www.novaconcursos.com.br\/portal\/wp-json\/wp\/v2\/types\/post"}],"author":[{"embeddable":true,"href":"https:\/\/www.novaconcursos.com.br\/portal\/wp-json\/wp\/v2\/users\/54671"}],"replies":[{"embeddable":true,"href":"https:\/\/www.novaconcursos.com.br\/portal\/wp-json\/wp\/v2\/comments?post=141839"}],"version-history":[{"count":7,"href":"https:\/\/www.novaconcursos.com.br\/portal\/wp-json\/wp\/v2\/posts\/141839\/revisions"}],"predecessor-version":[{"id":141847,"href":"https:\/\/www.novaconcursos.com.br\/portal\/wp-json\/wp\/v2\/posts\/141839\/revisions\/141847"}],"wp:featuredmedia":[{"embeddable":true,"href":"https:\/\/www.novaconcursos.com.br\/portal\/wp-json\/wp\/v2\/media\/141840"}],"wp:attachment":[{"href":"https:\/\/www.novaconcursos.com.br\/portal\/wp-json\/wp\/v2\/media?parent=141839"}],"wp:term":[{"taxonomy":"category","embeddable":true,"href":"https:\/\/www.novaconcursos.com.br\/portal\/wp-json\/wp\/v2\/categories?post=141839"},{"taxonomy":"post_tag","embeddable":true,"href":"https:\/\/www.novaconcursos.com.br\/portal\/wp-json\/wp\/v2\/tags?post=141839"}],"curies":[{"name":"wp","href":"https:\/\/api.w.org\/{rel}","templated":true}]}}