{"id":141887,"date":"2021-09-01T14:14:25","date_gmt":"2021-09-01T17:14:25","guid":{"rendered":"https:\/\/www.novaconcursos.com.br\/portal\/?p=141887"},"modified":"2021-09-01T14:14:29","modified_gmt":"2021-09-01T17:14:29","slug":"concurso-igeprev-pa-processo-de-escolha-da-banca-iniciado","status":"publish","type":"post","link":"https:\/\/www.novaconcursos.com.br\/portal\/noticias\/concurso-igeprev-pa-processo-de-escolha-da-banca-iniciado\/","title":{"rendered":"Concurso Igeprev PA: Processo de escolha da banca \u00e9 iniciado!"},"content":{"rendered":"<p>Novidades para os concurseiros! O novo <a href=\"https:\/\/www.novaconcursos.com.br\/portal\/concursos\/concurso-igeprev-pa\/\">concurso Igeprev PA<\/a> j\u00e1 deu in\u00edcio ao processo de escolha da <strong>banca organizadora<\/strong> que ficar\u00e1 respons\u00e1vel pela sele\u00e7\u00e3o.<\/p>\n\n\n\n<ul class=\"wp-block-list\"><li><strong>Confira: <\/strong><a href=\"https:\/\/www.novaconcursos.com.br\/eventos\/guia-definitivo-plano-de-estudos-passo-a-passo\/\" target=\"_blank\" rel=\"noreferrer noopener\" aria-label=\" (abre numa nova aba)\">Guia Definitivo Plano de Estudos \u2013 Gr\u00e1tis<\/a><\/li><\/ul><p><\/p>\n\n\n\n<p>O concurso do Instituto de Gest\u00e3o Previdenci\u00e1ria do <a href=\"https:\/\/www.novaconcursos.com.br\/portal\/concursos-previstos\/pa\/\">Par\u00e1<\/a> est\u00e1 previsto para acontecer<strong> ainda este ano<\/strong>, ap\u00f3s a determina\u00e7\u00e3o do TCE PA, Tribunal de Contas do estado.<\/p>\n\n\n\n<p>De acordo com a Diretoria de Gest\u00e3o da Cadeia Log\u00edstica do Estado do Paran\u00e1, ser\u00e1 divulgado em breve o <strong>edital de processo licitat\u00f3rio<\/strong> para a escolha e contrata\u00e7\u00e3o da banca para o certame.<\/p>\n\n\n\n<p>A meta era que esse documento fosse divulgado at\u00e9 o final do <strong>m\u00eas de agosto.<\/strong> Sendo assim, a Seplad deve public\u00e1-lo <strong>muito em breve.<\/strong><\/p>\n\n\n\n<p>Al\u00e9m disso, um novo concurso para o Instituto <strong>j\u00e1 era aguardado <\/strong>h\u00e1 alguns anos, at\u00e9 que o TCE determinou a <strong>necessidade<\/strong> de uma nova sele\u00e7\u00e3o. No Di\u00e1rio Oficial, o \u00f3rg\u00e3o determinou que o Igeprev:<\/p>\n\n\n\n<p><em>\u201crealize concurso p\u00fablico, com vistas ao preenchimento dos cargos vagos, sem preju\u00edzo da observ\u00e2ncia das medidas preventivas em raz\u00e3o da pandemia da COVID-19.\u201d<\/em><\/p>\n\n\n\n<h2 class=\"wp-block-heading\" id=\"concurso-igeprev-pa-vagas-cargos-e-requisitos\">Concurso Igeprev PA: vagas, cargos e requisitos<\/h2>\n\n\n\n<p>Uma vez que o edital ainda <strong>n\u00e3o foi publicado,<\/strong> muitas das informa\u00e7\u00f5es ainda n\u00e3o foram confirmadas pelos \u00f3rg\u00e3os respons\u00e1veis. No entanto, sabe-se que foram solicitadas <strong>21 vagas<\/strong> para o <a href=\"https:\/\/www.novaconcursos.com.br\/portal\/concursos-abertos\/pa\/\">concurso<\/a>, n\u00famero de cargos <strong>desocupados atualmente.<\/strong><\/p>\n\n\n\n<p>As oportunidades ser\u00e3o para <strong>n\u00edveis m\u00e9dio e superior<\/strong>, e se forem totalmente preenchidas, a distribui\u00e7\u00e3o poder\u00e1 acontecer da seguinte maneira:<\/p>\n\n\n\n<ul class=\"wp-block-list\"><li>Assistente Administrativo \u2013 n\u00edvel m\u00e9dio \u2013 11 vagas;<\/li><li>T\u00e9cnico Previdenci\u00e1rio A \u2013 n\u00edvel superior \u2013 cinco vagas;<\/li><li>T\u00e9cnico em Administra\u00e7\u00e3o e Finan\u00e7as \u2013 n\u00edvel superior \u2013 quatro vagas;<\/li><li>Analista de Investimentos \u2013 n\u00edvel superior \u2013 uma vaga.<\/li><\/ul><p><\/p>\n\n\n\n<p>Al\u00e9m disso, as oportunidades de <strong>n\u00edvel superior<\/strong> exigem algumas especialidades. Confira:<\/p>\n\n\n\n<ul class=\"wp-block-list\"><li><strong>T\u00e9cnico Previdenci\u00e1rio A:<\/strong> gradua\u00e7\u00e3o em Administra\u00e7\u00e3o, Ci\u00eancias Cont\u00e1beis, Direito, Economia, Sociologia ou Ci\u00eancias Sociais;<\/li><li><strong>T\u00e9cnico em Administra\u00e7\u00e3o e Finan\u00e7as:<\/strong> gradua\u00e7\u00e3o em Administra\u00e7\u00e3o, Ci\u00eancias Cont\u00e1beis, Ci\u00eancias Atuariais, Direito, Economia, Sociologia, Ci\u00eancias Sociais ou Biblioteconomia;<\/li><li><strong>Analista de Investimento<\/strong>: gradua\u00e7\u00e3o em Economia, Matem\u00e1tica, Engenharia de Produ\u00e7\u00e3o, Ci\u00eancias Cont\u00e1beis ou Ci\u00eancias Atuariais.<\/li><\/ul><p><\/p>\n\n\n\n<h2 class=\"wp-block-heading\" id=\"ltimo-concurso-igeprev-pa\">\u00daltimo concurso Igeprev PA<\/h2>\n\n\n\n<p>O \u00faltimo concurso p\u00fablico do Igeprev PA aconteceu em <strong>2018<\/strong> sob a responsabilidade do <a href=\"https:\/\/www.iades.com.br\/inscricao\" target=\"_blank\" rel=\"noreferrer noopener\" aria-label=\"IADES (abre numa nova aba)\">IADES<\/a>.<\/p>\n\n\n\n<p>Durante a sele\u00e7\u00e3o, os candidatos passaram por <strong>3 etapas avaliativas<\/strong>: Provas Objetivas, Discursivas e Avalia\u00e7\u00e3o de T\u00edtulos.<\/p>\n\n\n\n<p>A <strong>avalia\u00e7\u00e3o objetiva<\/strong>, que possu\u00eda car\u00e1ter eliminat\u00f3rio e classificat\u00f3rio, deveria ser realizada em<strong> 4 horas e meia<\/strong>, e contou com as seguintes disciplinas:<\/p>\n\n\n\n<ul class=\"wp-block-list\"><li>L\u00edngua Portuguesa;<\/li><li>Matem\u00e1tica;<\/li><li>Racioc\u00ednio L\u00f3gico;<\/li><li>Legisla\u00e7\u00e3o Aplic\u00e1vel e Igeprev PA;<\/li><li>\u00c9tica e Qualidade no Servi\u00e7o P\u00fablico;<\/li><li>No\u00e7\u00f5es de Administra\u00e7\u00e3o Geral;<\/li><li>Conhecimentos Espec\u00edficos (por cargo).<\/li><\/ul>","protected":false},"excerpt":{"rendered":"<p>Novidades para os concurseiros! O novo concurso Igeprev PA j\u00e1 deu in\u00edcio ao processo de escolha da banca organizadora que ficar\u00e1 respons\u00e1vel pela sele\u00e7\u00e3o. Confira: Guia Definitivo Plano de Estudos \u2013 Gr\u00e1tis O concurso do Instituto de Gest\u00e3o Previdenci\u00e1ria do Par\u00e1 est\u00e1 previsto para acontecer ainda este ano, ap\u00f3s a determina\u00e7\u00e3o do TCE PA, Tribunal [&hellip;]<\/p>\n","protected":false},"author":54674,"featured_media":136069,"comment_status":"closed","ping_status":"closed","sticky":false,"template":"","format":"standard","meta":{"_acf_changed":false,"footnotes":"","_wp_rev_ctl_limit":""},"categories":[228],"tags":[39801,39798,27758,39803,39804,39802],"class_list":["post-141887","post","type-post","status-publish","format-standard","has-post-thumbnail","hentry","category-noticias","tag-cargos-concurso-igeprev-pa","tag-concurso-igeprev-pa","tag-concurso-igeprev-pa-2018","tag-provas-concurso-igeprev-pa","tag-ultimo-concurso-igeprev-pa","tag-vagas-concurso-igeprev-pa"],"acf":[],"_links":{"self":[{"href":"https:\/\/www.novaconcursos.com.br\/portal\/wp-json\/wp\/v2\/posts\/141887","targetHints":{"allow":["GET"]}}],"collection":[{"href":"https:\/\/www.novaconcursos.com.br\/portal\/wp-json\/wp\/v2\/posts"}],"about":[{"href":"https:\/\/www.novaconcursos.com.br\/portal\/wp-json\/wp\/v2\/types\/post"}],"author":[{"embeddable":true,"href":"https:\/\/www.novaconcursos.com.br\/portal\/wp-json\/wp\/v2\/users\/54674"}],"replies":[{"embeddable":true,"href":"https:\/\/www.novaconcursos.com.br\/portal\/wp-json\/wp\/v2\/comments?post=141887"}],"version-history":[{"count":3,"href":"https:\/\/www.novaconcursos.com.br\/portal\/wp-json\/wp\/v2\/posts\/141887\/revisions"}],"predecessor-version":[{"id":141890,"href":"https:\/\/www.novaconcursos.com.br\/portal\/wp-json\/wp\/v2\/posts\/141887\/revisions\/141890"}],"wp:featuredmedia":[{"embeddable":true,"href":"https:\/\/www.novaconcursos.com.br\/portal\/wp-json\/wp\/v2\/media\/136069"}],"wp:attachment":[{"href":"https:\/\/www.novaconcursos.com.br\/portal\/wp-json\/wp\/v2\/media?parent=141887"}],"wp:term":[{"taxonomy":"category","embeddable":true,"href":"https:\/\/www.novaconcursos.com.br\/portal\/wp-json\/wp\/v2\/categories?post=141887"},{"taxonomy":"post_tag","embeddable":true,"href":"https:\/\/www.novaconcursos.com.br\/portal\/wp-json\/wp\/v2\/tags?post=141887"}],"curies":[{"name":"wp","href":"https:\/\/api.w.org\/{rel}","templated":true}]}}