{"id":141949,"date":"2021-09-01T14:06:23","date_gmt":"2021-09-01T17:06:23","guid":{"rendered":"https:\/\/www.novaconcursos.com.br\/portal\/?p=141949"},"modified":"2024-11-12T10:38:32","modified_gmt":"2024-11-12T13:38:32","slug":"concurso-ses-df-edital-vagas-temporarias","status":"publish","type":"post","link":"https:\/\/www.novaconcursos.com.br\/portal\/noticias\/concurso-ses-df-edital-vagas-temporarias\/","title":{"rendered":"Concurso SES DF: Edital publicado para 1.000 vagas tempor\u00e1rias!"},"content":{"rendered":"<p>Boa not\u00edcia concurseiros! Foi publicado um <strong>edital <\/strong>do <a href=\"https:\/\/www.novaconcursos.com.br\/portal\/concursos\/concurso-ses-df\/\">concurso SES DF<\/a> (Secretaria Estadual de Sa\u00fade do Distrito Federal), com a oferta de <strong>1.000 vagas tempor\u00e1rias<\/strong>. S\u00e3o oportunidades para <strong>todas as regi\u00f5es <\/strong>do DF!<\/p>\n\n\n\n<ul class=\"wp-block-list\"><li><strong>Confira:<\/strong> <a href=\"https:\/\/www.novaconcursos.com.br\/eventos\/raciocinio-logico-concursos\/\" target=\"_blank\" rel=\"noreferrer noopener\" aria-label=\"Guia Racioc\u00ednio L\u00f3gico para Concursos (Gr\u00e1tis) (abre numa nova aba)\">Guia Racioc\u00ednio L\u00f3gico para Concursos (Gr\u00e1tis)<\/a><\/li>\n<\/ul><p><\/p>\n\n\n\n<h2 class=\"wp-block-heading\" id=\"concurso-ses-df-edital-publicado-com-1000-vagas\">Concurso SES DF: edital publicado com 1000 vagas<\/h2>\n\n\n\n<p>Um novo concurso para a Secretaria de Sa\u00fade do <a href=\"https:\/\/www.novaconcursos.com.br\/portal\/concursos-previstos\/df\/\">Distrito Federal <\/a>est\u00e1 publicado. S\u00e3o <strong>1.000 vagas tempor\u00e1rias <\/strong>para todas as regi\u00f5es do DF. <\/p>\n\n\n\n<ul class=\"wp-block-list\"><li><strong>Adquira:\u00a0<\/strong><a href=\"https:\/\/www.novaconcursos.com.br\/concurso\/ses-df-secretaria-de-estado-de-saude-do-distrito-federal\/apostila\">Apostila completa concurso SES DF<\/a><\/li>\n<\/ul><p><\/p>\n\n\n\n<p>As oportunidades s\u00e3o para os cargos de <strong>Agente Comunit\u00e1rio de Sa\u00fade<\/strong> (500) e <strong>Agente de Vigil\u00e2ncia Ambiental<\/strong> (500).<\/p>\n\n\n\n<p>Ambas carreiras exigem o<strong> n\u00edvel m\u00e9dio<\/strong> completo e possuem jornada de trabalho de 40 horas por semana. <\/p>\n\n\n\n<p>Os contratados far\u00e3o jus a um sal\u00e1rio mensal de <strong>R$ 1.700<\/strong> (Agente Comunit\u00e1rio) e <strong>R$ 2.000<\/strong> (Agente de Vigil\u00e2ncia).\u00a0<\/p>\n\n\n\n<p>Das vagas ofertadas, 20% ser\u00e3o reservadas para pessoas com defici\u00eancia e 20% para pessoas negras, segundo o edital.<\/p>\n\n\n\n<p>Confira o edital completo, <a href=\"https:\/\/dodf.df.gov.br\/index\/visualizar-arquivo\/?pasta=2021%7C08_Agosto%7CDODF%20165%2031-08-2021%7C&amp;arquivo=DODF%20165%2031-08-2021%20INTEGRA.pdf\" target=\"_blank\" rel=\"noreferrer noopener\" aria-label=\"clicando aqui (abre numa nova aba)\">clicando aqui<\/a>.<\/p>\n\n\n\n<h2 class=\"wp-block-heading\" id=\"concurso-ses-df-como-fazer-inscrio\">Concurso SES DF: como fazer inscri\u00e7\u00e3o?<\/h2>\n\n\n\n<p>Os interessados em uma das vagas do concurso da Secretaria de Sa\u00fade do <a href=\"https:\/\/www.novaconcursos.com.br\/portal\/concursos-abertos\/df\/\">Distrito Federal<\/a> poder\u00e3o se <strong>inscrever <\/strong>a partir do pr\u00f3ximo dia<strong> 06 de setembro. <\/strong><\/p>\n\n\n\n<p>Os candidatos ter\u00e3o at\u00e9 \u00e0s 23h59 do dia <strong>21 de setembro<\/strong> para garantir uma vaga. Basta entrar no\u00a0site do IBFC, organizador do certame. <\/p>\n\n\n\n<p>O valor da taxa de participa\u00e7\u00e3o ser\u00e1 de <strong>R$ 42<\/strong> para ambas as fun\u00e7\u00f5es.\u00a0Mas, alguns candidatos poder\u00e3o <strong>pedir isen\u00e7\u00e3o do valor<\/strong>, pelo mesmo portal das inscri\u00e7\u00f5es.<\/p>\n\n\n\n<p><strong>Poder\u00e3o pedir<\/strong> isen\u00e7\u00e3o, inscritos no Cad\u00danico, doadores de sangue, pessoas com defici\u00eancia e prestadores de servi\u00e7os \u00e0 Justi\u00e7a Eleitoral, nos dias <strong>6 e 7 de setembro. <\/strong><\/p>\n\n\n\n<h2 class=\"wp-block-heading\" id=\"como-ser-a-avaliao-do-candidato-do-concurso-ses-df\">Como ser\u00e1 a avalia\u00e7\u00e3o do candidato do concurso SES DF?<\/h2>\n\n\n\n<p>Os candidatos inscritos no concurso ser\u00e3o avaliados por meio de uma \u00fanica fase de sele\u00e7\u00e3o, que ser\u00e1 uma <strong>an\u00e1lise curricular e experi\u00eancia profissional.<\/strong><\/p>\n\n\n\n<p>A etapa acontecer\u00e1 de <strong>forma remota.<\/strong> O prazo de validade da sele\u00e7\u00e3o ser\u00e1 de um ano, podendo ser prorrogado, posteriormente.<\/p>\n\n\n\n<h2 class=\"wp-block-heading\" id=\"concurso-ses-df-atribuies-dos-cargos\">Concurso SES DF: atribui\u00e7\u00f5es dos cargos<\/h2>\n\n\n\n<p>O edital aponta que o Agente Comunit\u00e1rio dever\u00e1 desenvolver e\/ou executar, sob supervis\u00e3o e orienta\u00e7\u00e3o, atividades auxiliares em a\u00e7\u00f5es de educa\u00e7\u00e3o e sa\u00fade, dentro da aten\u00e7\u00e3o b\u00e1sica com \u00eanfase na preven\u00e7\u00e3o de doen\u00e7as na promo\u00e7\u00e3o da sa\u00fade; realizar mapeamento de territ\u00f3rio; cadastrar as fam\u00edlias e manter o cadastro atualizado, identificar \u00e1reas de riscos e, indiv\u00edduos e fam\u00edlias em situa\u00e7\u00e3o de risco; e participar de programas de treinamento da \u00e1rea de atua\u00e7\u00e3o.\u00a0<\/p>\n\n\n\n<p>Por outro lado, o Agente de Vigil\u00e2ncia Ambiental executar\u00e1 atividades de natureza operacional, voltadas para a visita\u00e7\u00e3o residencial e a\u00e7\u00f5es de campo, em \u00e1reas urbanas, sob supervis\u00e3o e orienta\u00e7\u00e3o da Secretaria de Sa\u00fade\/DF, em opera\u00e7\u00f5es espec\u00edficas da sa\u00fade ambiental (DIVAL \u2013 Diretoria de Vigil\u00e2ncia Ambiental), realizando corre\u00e7\u00f5es, educa\u00e7\u00e3o em sa\u00fade, pesquisa aplicada e avalia\u00e7\u00e3o de risco entomol\u00f3gico e epidemiol\u00f3gico. <\/p>","protected":false},"excerpt":{"rendered":"<p>Boa not\u00edcia concurseiros! Foi publicado um edital do concurso SES DF (Secretaria Estadual de Sa\u00fade do Distrito Federal), com a oferta de 1.000 vagas tempor\u00e1rias. S\u00e3o oportunidades para todas as regi\u00f5es do DF! Concurso SES DF: edital publicado com 1000 vagas Um novo concurso para a Secretaria de Sa\u00fade do Distrito Federal est\u00e1 publicado. S\u00e3o [&hellip;]<\/p>\n","protected":false},"author":54671,"featured_media":126327,"comment_status":"closed","ping_status":"closed","sticky":false,"template":"","format":"standard","meta":{"_acf_changed":false,"footnotes":"","_wp_rev_ctl_limit":""},"categories":[228],"tags":[39812,37175,11717,6728,579,24832,24833,2578,2031,22695,39814,115,39811,6836,39813,25349],"class_list":["post-141949","post","type-post","status-publish","format-standard","has-post-thumbnail","hentry","category-noticias","tag-cargos-concurso-ses-df","tag-concurco-ses-df","tag-concurso","tag-concurso-ses-df","tag-concursos","tag-concursos-df","tag-concursos-distrito-federal","tag-concursos-publicos","tag-distrito-federal","tag-edital-concurso-ses-df","tag-mudanca-de-escolaridade-concurso-ses-df","tag-nova-concursos","tag-salarios-concurso-ses-df","tag-ses-df","tag-ultimo-concurso-ses-df","tag-vagas-concurso-ses-df"],"acf":[],"_links":{"self":[{"href":"https:\/\/www.novaconcursos.com.br\/portal\/wp-json\/wp\/v2\/posts\/141949","targetHints":{"allow":["GET"]}}],"collection":[{"href":"https:\/\/www.novaconcursos.com.br\/portal\/wp-json\/wp\/v2\/posts"}],"about":[{"href":"https:\/\/www.novaconcursos.com.br\/portal\/wp-json\/wp\/v2\/types\/post"}],"author":[{"embeddable":true,"href":"https:\/\/www.novaconcursos.com.br\/portal\/wp-json\/wp\/v2\/users\/54671"}],"replies":[{"embeddable":true,"href":"https:\/\/www.novaconcursos.com.br\/portal\/wp-json\/wp\/v2\/comments?post=141949"}],"version-history":[{"count":8,"href":"https:\/\/www.novaconcursos.com.br\/portal\/wp-json\/wp\/v2\/posts\/141949\/revisions"}],"predecessor-version":[{"id":260223,"href":"https:\/\/www.novaconcursos.com.br\/portal\/wp-json\/wp\/v2\/posts\/141949\/revisions\/260223"}],"wp:featuredmedia":[{"embeddable":true,"href":"https:\/\/www.novaconcursos.com.br\/portal\/wp-json\/wp\/v2\/media\/126327"}],"wp:attachment":[{"href":"https:\/\/www.novaconcursos.com.br\/portal\/wp-json\/wp\/v2\/media?parent=141949"}],"wp:term":[{"taxonomy":"category","embeddable":true,"href":"https:\/\/www.novaconcursos.com.br\/portal\/wp-json\/wp\/v2\/categories?post=141949"},{"taxonomy":"post_tag","embeddable":true,"href":"https:\/\/www.novaconcursos.com.br\/portal\/wp-json\/wp\/v2\/tags?post=141949"}],"curies":[{"name":"wp","href":"https:\/\/api.w.org\/{rel}","templated":true}]}}