{"id":142000,"date":"2021-09-01T17:20:16","date_gmt":"2021-09-01T20:20:16","guid":{"rendered":"https:\/\/www.novaconcursos.com.br\/portal\/?p=142000"},"modified":"2021-09-01T17:23:58","modified_gmt":"2021-09-01T20:23:58","slug":"concurso-policia-penal-al-cronograma-edital","status":"publish","type":"post","link":"https:\/\/www.novaconcursos.com.br\/portal\/noticias\/concurso-policia-penal-al-cronograma-edital\/","title":{"rendered":"Concurso Pol\u00edcia Penal AL: Tem novo cronograma com edital republicado!"},"content":{"rendered":"<p>Aten\u00e7\u00e3o concurseiros! Muitos j\u00e1 se inscreveram para o <a href=\"https:\/\/www.novaconcursos.com.br\/portal\/concursos\/concurso-agepen-al\/\">concurso Pol\u00edcia Penal AL<\/a>. Entretanto, o <strong>edital foi republicado<\/strong> ap\u00f3s suspens\u00e3o e as vagas agora ter\u00e3o reservas para <strong>pessoas com defici\u00eancia<\/strong>, que ganhar\u00e3o um novo prazo para inscri\u00e7\u00e3o. S\u00e3o <strong>300 vagas!<\/strong><\/p>\n\n\n\n<ul class=\"wp-block-list\"><li><strong>Confira:\u00a0<\/strong><a rel=\"noreferrer noopener\" aria-label=\" (abre numa nova aba)\" href=\"https:\/\/www.novaconcursos.com.br\/eventos\/guia-definitivo-plano-de-estudos-passo-a-passo\/\" target=\"_blank\">Guia Definitivo Plano de Estudos (Gr\u00e1tis)<\/a><\/li><\/ul><p><\/p>\n\n\n\n<h2 class=\"wp-block-heading\" id=\"concurso-polcia-penal-al-edital-republicado-entenda\">Concurso Pol\u00edcia Penal AL: edital republicado, entenda!<\/h2>\n\n\n\n<p>Muitos concurseiros j\u00e1 se inscreveram para o concurso da Pol\u00edcia Penal de <a href=\"https:\/\/www.novaconcursos.com.br\/portal\/concursos-previstos\/al\/\">Alagoas<\/a>, entretanto, estavam <strong>aguardando uma decis\u00e3o<\/strong> para saber o que ia acontecer com o certame.<\/p>\n\n\n\n<ul class=\"wp-block-list\"><li><strong>Adquira:<\/strong>\u00a0<a href=\"https:\/\/www.novaconcursos.com.br\/apostila\/policia-penal-al-agente-penitenciario\">Apostila completa Pol\u00edcia Penal AL<\/a><\/li><li><strong>Adquira:\u00a0<\/strong><a href=\"https:\/\/www.novaconcursos.com.br\/curso-online\/policia-penal-al\">Curso online completo Pol\u00edcia Penal AL<\/a><\/li><\/ul><p><\/p>\n\n\n\n<p>O concurso foi suspenso no dia 10 de agosto, devido a uma\u00a0<strong>decis\u00e3o judicial\u00a0<\/strong>que determinou que o edital siga a lei da reserva de\u00a0<strong>20% das vagas<\/strong>\u00a0para Pessoas com Defici\u00eancia, o que n\u00e3o estava acontecendo.<\/p>\n\n\n\n<p>Com isso, o edital sofreu altera\u00e7\u00e3o e foi republicado. Agora, com as mesmas 300 vagas, o documento traz uma reserva de <strong>20 oportunidades para pessoas com defici\u00eancia<\/strong>. Confira como ficou a distribui\u00e7\u00e3o:<\/p>\n\n\n\n<ul class=\"wp-block-list\"><li><strong>Vagas para ampla concorr\u00eancia \u2013 240 vagas<\/strong><ul><li>Masculino \u2013 168<\/li><li>Feminino \u2013 72<\/li><\/ul><\/li><li><strong>Vagas para Pessoas com Defici\u00eancia \u2013 60 vagas<\/strong><ul><li>Masculino \u2013 42<\/li><li>Feminino \u2013 18<\/li><\/ul><\/li><\/ul><p><\/p>\n\n\n\n<p><strong>Confira o novo edital, <\/strong><a href=\"https:\/\/cdn.cebraspe.org.br\/concursos\/seris_al_21\/arquivos\/ED_5_SERIS_AL_21_RET_VAGAS_PCD_E_REABERTURA.PDF\" target=\"_blank\" rel=\"noreferrer noopener\" aria-label=\"clicando aqui (abre numa nova aba)\">clicando aqui<\/a>.<\/p>\n\n\n\n<h3 class=\"wp-block-heading\">Inscri\u00e7\u00f5es ser\u00e3o reabertas para PcD<\/h3>\n\n\n\n<p>Como j\u00e1 era o aguardado e anunciado, as <strong>inscri\u00e7\u00f5es <\/strong>do concurso ser\u00e3o <strong>reabertas <\/strong>apenas para as <strong>pessoas com defici\u00eancias. <\/strong><\/p>\n\n\n\n<p>Estes poder\u00e3o se inscrever das <strong>10h do dia 10 de setembro<\/strong> at\u00e9 \u00e0s 18h do dia 24 do mesmo m\u00eas, pelo\u00a0<a rel=\"noreferrer noopener\" href=\"https:\/\/www.cebraspe.org.br\/concursos\/SERIS_AL_21\" target=\"_blank\">site do Cebraspe, organizador<\/a>. A taxa \u00e9 de <strong>R$ 95.\u00a0<\/strong><\/p>\n\n\n\n<p>Poder\u00e3o <strong>solicitar isen\u00e7\u00e3o da taxa<\/strong>, candidatos\u00a0desempregados, com renda per capita da fam\u00edlia igual ou inferior a meio sal\u00e1rio m\u00ednimo nacional,\u00a0doadores volunt\u00e1rios de sangue e\u00a0trabalhadores que ganham at\u00e9 um sal\u00e1rio m\u00ednimo por m\u00eas. O <strong>prazo \u00e9 o mesmo<\/strong> da inscri\u00e7\u00e3o.<\/p>\n\n\n\n<p>Al\u00e9m de declarar a\u00a0defici\u00eancia, o candidato deve ter o\u00a0<strong>n\u00edvel superior completo em qualquer \u00e1rea<\/strong> e os sal\u00e1rios s\u00e3o de R$ 3.800.<\/p>\n\n\n\n<h2 class=\"wp-block-heading\" id=\"concurso-polcia-penal-al-provas-sero-em-dezembro\">Concurso Pol\u00edcia Penal AL: provas ser\u00e3o em dezembro<\/h2>\n\n\n\n<p>As<strong>\u00a0provas<\/strong>\u00a0do\u00a0<a href=\"https:\/\/www.novaconcursos.com.br\/portal\/concursos-abertos\/al\/\">concurso<\/a>\u00a0da Pol\u00edcia Penal AL ser\u00e3o aplicadas\u00a0<strong>em dezembro<\/strong>, segundo a previs\u00e3o do \u00f3rg\u00e3o. As <strong>etapas de avalia\u00e7\u00e3o<\/strong> ser\u00e3o:<\/p>\n\n\n\n<ul class=\"wp-block-list\"><li>Prova objetiva<\/li><li>Teste de aptid\u00e3o f\u00edsica<\/li><li>Avalia\u00e7\u00e3o m\u00e9dica das condi\u00e7\u00f5es de sa\u00fade f\u00edsica e mental<\/li><li>Comprova\u00e7\u00e3o documental<\/li><li>Investiga\u00e7\u00e3o social<\/li><\/ul><p><\/p>\n\n\n\n<h3 class=\"wp-block-heading\">Provas Objetivas<\/h3>\n\n\n\n<p>As\u00a0<strong>provas objetivas<\/strong>, em car\u00e1ter eliminat\u00f3rio e classificat\u00f3rio, ser\u00e3o compostas por 120 quest\u00f5es e ter\u00e3o <strong>3h30\u00a0<\/strong>para realiza\u00e7\u00e3o.<\/p>\n\n\n\n<p>Vale destacar que as provas objetivas estavam marcadas para o dia <strong>22 de agosto,<\/strong> antes da suspens\u00e3o do certame. Confira as disciplinas ser\u00e3o cobradas:<\/p>\n\n\n\n<ul class=\"wp-block-list\"><li><strong>Conhecimentos Gerais (30 quest\u00f5es)<\/strong><ul><li>L\u00edngua Portuguesa;<\/li><li>Atualidades;<\/li><li>\u00c9tica no Servi\u00e7o P\u00fablico;<\/li><li>No\u00e7\u00f5es de Inform\u00e1tica; e<\/li><li>Racioc\u00ednio L\u00f3gico.<\/li><\/ul><\/li><li><strong>Conhecimentos Complementares (30 quest\u00f5es)<\/strong><ul><li>Execu\u00e7\u00e3o Penal;<\/li><li>No\u00e7\u00f5es de Direitos Humanos e Participa\u00e7\u00e3o Social; e<\/li><li>Legisla\u00e7\u00e3o Estadual.<\/li><\/ul><\/li><li><strong>Conhecimentos Espec\u00edficos (60 quest\u00f5es)<\/strong><ul><li>Direito Administrativo;<\/li><li>Direito Constitucional;<\/li><li>Direito Penal;<\/li><li>Direito Processual Penal;<\/li><li>Legisla\u00e7\u00e3o Especial;<\/li><li>Hist\u00f3ria Geral, de Alagoas e do Brasil; e<\/li><li>Geografia Geral, de Alagoas e do Brasil.<\/li><\/ul><\/li><\/ul>","protected":false},"excerpt":{"rendered":"<p>Aten\u00e7\u00e3o concurseiros! Muitos j\u00e1 se inscreveram para o concurso Pol\u00edcia Penal AL. Entretanto, o edital foi republicado ap\u00f3s suspens\u00e3o e as vagas agora ter\u00e3o reservas para pessoas com defici\u00eancia, que ganhar\u00e3o um novo prazo para inscri\u00e7\u00e3o. S\u00e3o 300 vagas! Confira:\u00a0Guia Definitivo Plano de Estudos (Gr\u00e1tis) Concurso Pol\u00edcia Penal AL: edital republicado, entenda! Muitos concurseiros j\u00e1 [&hellip;]<\/p>\n","protected":false},"author":54671,"featured_media":128521,"comment_status":"closed","ping_status":"closed","sticky":false,"template":"","format":"standard","meta":{"_acf_changed":false,"footnotes":"","_wp_rev_ctl_limit":""},"categories":[228],"tags":[36754,38805,34453,36688,37040,38895,2578,38066,37079,115,39129,22314,36597,39237,37714,38804,39128,37636],"class_list":["post-142000","post","type-post","status-publish","format-standard","has-post-thumbnail","hentry","category-noticias","tag-alagoas","tag-cargos-concurso-policia-penal-al","tag-cebraspe","tag-concurso-policia-penal-al","tag-concursos-al","tag-concursos-policia-penal","tag-concursos-publicos","tag-editais-al","tag-edital-concurso-policia-penal-al","tag-nova-concursos","tag-o-que-cai-na-prova-do-concurso-policia-penal-al","tag-policia-penal","tag-policia-penal-al","tag-pp-al","tag-provas-concurso-policia-penal-al","tag-salarios-concurso-policial-penal-al","tag-ultimo-concurso-policia-penal-al","tag-vagas-concurso-policia-penal-al"],"acf":[],"_links":{"self":[{"href":"https:\/\/www.novaconcursos.com.br\/portal\/wp-json\/wp\/v2\/posts\/142000","targetHints":{"allow":["GET"]}}],"collection":[{"href":"https:\/\/www.novaconcursos.com.br\/portal\/wp-json\/wp\/v2\/posts"}],"about":[{"href":"https:\/\/www.novaconcursos.com.br\/portal\/wp-json\/wp\/v2\/types\/post"}],"author":[{"embeddable":true,"href":"https:\/\/www.novaconcursos.com.br\/portal\/wp-json\/wp\/v2\/users\/54671"}],"replies":[{"embeddable":true,"href":"https:\/\/www.novaconcursos.com.br\/portal\/wp-json\/wp\/v2\/comments?post=142000"}],"version-history":[{"count":7,"href":"https:\/\/www.novaconcursos.com.br\/portal\/wp-json\/wp\/v2\/posts\/142000\/revisions"}],"predecessor-version":[{"id":142007,"href":"https:\/\/www.novaconcursos.com.br\/portal\/wp-json\/wp\/v2\/posts\/142000\/revisions\/142007"}],"wp:featuredmedia":[{"embeddable":true,"href":"https:\/\/www.novaconcursos.com.br\/portal\/wp-json\/wp\/v2\/media\/128521"}],"wp:attachment":[{"href":"https:\/\/www.novaconcursos.com.br\/portal\/wp-json\/wp\/v2\/media?parent=142000"}],"wp:term":[{"taxonomy":"category","embeddable":true,"href":"https:\/\/www.novaconcursos.com.br\/portal\/wp-json\/wp\/v2\/categories?post=142000"},{"taxonomy":"post_tag","embeddable":true,"href":"https:\/\/www.novaconcursos.com.br\/portal\/wp-json\/wp\/v2\/tags?post=142000"}],"curies":[{"name":"wp","href":"https:\/\/api.w.org\/{rel}","templated":true}]}}