{"id":142020,"date":"2021-09-03T07:54:31","date_gmt":"2021-09-03T10:54:31","guid":{"rendered":"https:\/\/www.novaconcursos.com.br\/portal\/?p=142020"},"modified":"2021-09-03T07:54:36","modified_gmt":"2021-09-03T10:54:36","slug":"concurso-alema-edital-de-abertura-previsto-para-dezembro","status":"publish","type":"post","link":"https:\/\/www.novaconcursos.com.br\/portal\/noticias\/concurso-alema-edital-de-abertura-previsto-para-dezembro\/","title":{"rendered":"Concurso Alema: Edital de abertura previsto para dezembro!"},"content":{"rendered":"<p>Novidades para os concurseiros! O edital para o <a href=\"https:\/\/www.novaconcursos.com.br\/portal\/concursos\/concurso-alema\/\">concurso Alema<\/a>, que \u00e9 aguardado desde 2019, pode ser publicado no <strong>m\u00eas de dezembro.<\/strong><\/p>\n\n\n\n<ul class=\"wp-block-list\"><li><strong>Confira: <\/strong><a href=\"https:\/\/www.novaconcursos.com.br\/eventos\/guia-definitivo-como-montar-um-mapa-mental\/\" target=\"_blank\" rel=\"noreferrer noopener\" aria-label=\" (abre numa nova aba)\">Guia Definitivo Como montar um mapa mental \u2013 Gr\u00e1tis<\/a><\/li><\/ul><p><\/p>\n\n\n\n<p>De acordo com Luiz Noleto Chaves, integrante da comiss\u00e3o organizadora, o edital para o concurso da Assembleia Legislativa do Estado do <a href=\"https:\/\/www.novaconcursos.com.br\/portal\/concursos-previstos\/ma\/\">Maranh\u00e3o<\/a> (Alema) tem sua abertura prevista para o <strong>m\u00eas de dezembro.<\/strong><\/p>\n\n\n\n<ul class=\"wp-block-list\"><li><strong>Adquira: <\/strong><a href=\"https:\/\/www.novaconcursos.com.br\/concurso\/alema-assembleia-legislativa-do-estado-do-maranhao\/apostila\">Apostila Concurso Alema<\/a><\/li><\/ul><p><\/p>\n\n\n\n<p>Al\u00e9m disso, o Sindicato dos Servidores da Alema (SINDSALEM) tenta <strong>acelerar o cronograma<\/strong> apresentado pelo Legislativo, que prev\u00ea a divulga\u00e7\u00e3o do edital <strong>ainda em 2021.<\/strong><\/p>\n\n\n\n<h2 class=\"wp-block-heading\" id=\"concurso-alema-detalhes\">Concurso Alema: detalhes<\/h2>\n\n\n\n<p>O concurso Alema \u00e9 aguardado <strong>desde 2019<\/strong>, quando os primeiros preparativos foram realizados, como a forma\u00e7\u00e3o da <strong>comiss\u00e3o organizadora. <\/strong><\/p>\n\n\n\n<p>Tal comiss\u00e3o ficar\u00e1 respons\u00e1vel pela minuta do edital, bem como pelo aux\u00edlio na contrata\u00e7\u00e3o da <strong>banca organizadora<\/strong> para o certame.<\/p>\n\n\n\n<p>At\u00e9 o presente momento, a banca ainda <strong>n\u00e3o foi escolhida<\/strong> e maiores detalhes <strong>n\u00e3o foram revelados<\/strong>, como o quantitativo de vagas e os cargos a serem disponibilizados.<\/p>\n\n\n\n<p>Al\u00e9m disso, os detalhes do concurso est\u00e3o previstos para serem discutidos em uma <strong>audi\u00eancia<\/strong> que ser\u00e1 aberta ao p\u00fablico no dia<strong> 6 de outubro. <\/strong>Anteriormente, a reuni\u00e3o estava agendada para o dia <strong>30 de agosto<\/strong>, mas foi adiada.<\/p>\n\n\n\n<p>De acordo com o presidente do SINDSALEM, Nataniel Serejo, o adiamento dessa audi\u00eancia <strong>n\u00e3o vai de acordo<\/strong> com as expectativas de agilizar os tr\u00e2mites e publicar o edital ainda este ano.<\/p>\n\n\n\n<p><em>\u201cIndependentemente do adiamento da Audi\u00eancia, a Assembleia tem o dever de cumprir o cronograma apresentado \u00e0 Justi\u00e7a no \u00faltimo m\u00eas de maio. Por isso, conclamamos todos os interessados nesse concurso a se manterem mobilizados nas redes sociais, cobrando o cumprimento desse calend\u00e1rio, que prev\u00ea a divulga\u00e7\u00e3o do edital em dezembro\u201d<\/em>, disse Chaves.<\/p>\n\n\n\n<p>O SINDSALEM se esfor\u00e7a para acelerar o cronograma para que <strong>novos atrasos<\/strong> n\u00e3o voltem a ocorrer. Segundo o Sindicato, o melhor \u00e9 que as provas aconte\u00e7am <strong>no in\u00edcio de 2022<\/strong>, j\u00e1 que o pr\u00f3ximo ano contar\u00e1 com <strong>elei\u00e7\u00f5es.<\/strong><\/p>\n\n\n\n<h2 class=\"wp-block-heading\" id=\"ltimo-concurso-alema\">\u00daltimo concurso Alema<\/h2>\n\n\n\n<p>O \u00faltimo concurso da Assembleia Legislativa do <a href=\"https:\/\/www.novaconcursos.com.br\/portal\/concursos-abertos\/ma\/\">Maranh\u00e3o<\/a> aconteceu em <strong>2013. <\/strong>Na \u00e9poca foram ofertadas <strong>92 vagas para todos os n\u00edveis<\/strong> de escolaridade. Os cargos contavam com remunera\u00e7\u00f5es que chegavam a <strong>R$10 mil<\/strong>. Confira:<\/p>\n\n\n\n<p><strong>N\u00edvel fundamental \u2013 Auxiliar Legislativo\nOperacional<\/strong><\/p>\n\n\n\n<ul class=\"wp-block-list\"><li>Motorista;<\/li><li>Operador de Recursos Audiovisuais;<\/li><li>Eletricista de Manuten\u00e7\u00e3o;<\/li><li>Bombeiro Hidr\u00e1ulico; e <\/li><li>Carpinteiro.<\/li><\/ul><p><\/p>\n\n\n\n<p><strong>N\u00edvel m\u00e9dio \u2013 Assistente Legislativo<\/strong><\/p>\n\n\n\n<ul class=\"wp-block-list\"><li>Agente Legislativo;<\/li><li>T\u00e9cnico em Ilumina\u00e7\u00e3o;<\/li><li>Criador e Desenvolvedor em Web e Plataformas Digitais; e<\/li><li>Tradutor e Int\u00e9rprete de Libras.<\/li><\/ul><p><\/p>\n\n\n\n<p><strong>N\u00edvel superior \u2013 T\u00e9cnico de\nGest\u00e3o Administrativa<\/strong><\/p>\n\n\n\n<ul class=\"wp-block-list\"><li>Consultor Legislativo;<\/li><li>Administrador;<\/li><li>Advogado;<\/li><li>Contador;<\/li><li>Engenheiro Civil;<\/li><li>Engenheiro de Seguran\u00e7a do Trabalho;<\/li><li>M\u00e9dico;<\/li><li>Programador de Sistemas;<\/li><li>Analista de Sistemas;<\/li><li>Revisor; e<\/li><li>Taqu\u00edgrafo.<\/li><\/ul>","protected":false},"excerpt":{"rendered":"<p>Novidades para os concurseiros! O edital para o concurso Alema, que \u00e9 aguardado desde 2019, pode ser publicado no m\u00eas de dezembro. Confira: Guia Definitivo Como montar um mapa mental \u2013 Gr\u00e1tis De acordo com Luiz Noleto Chaves, integrante da comiss\u00e3o organizadora, o edital para o concurso da Assembleia Legislativa do Estado do Maranh\u00e3o (Alema) [&hellip;]<\/p>\n","protected":false},"author":54674,"featured_media":142022,"comment_status":"closed","ping_status":"closed","sticky":false,"template":"","format":"standard","meta":{"_acf_changed":false,"footnotes":"","_wp_rev_ctl_limit":""},"categories":[228],"tags":[11950,41024,41028,41027,41026,41023,41025],"class_list":["post-142020","post","type-post","status-publish","format-standard","has-post-thumbnail","hentry","category-noticias","tag-concurso-alema","tag-concurso-alema-2021","tag-concurso-alema-apostila","tag-concurso-alema-comissao-organizadora","tag-concurso-alema-edital","tag-concurso-assembleia-legislativa-do-maranhao","tag-ultimo-concurso-alema"],"acf":[],"_links":{"self":[{"href":"https:\/\/www.novaconcursos.com.br\/portal\/wp-json\/wp\/v2\/posts\/142020","targetHints":{"allow":["GET"]}}],"collection":[{"href":"https:\/\/www.novaconcursos.com.br\/portal\/wp-json\/wp\/v2\/posts"}],"about":[{"href":"https:\/\/www.novaconcursos.com.br\/portal\/wp-json\/wp\/v2\/types\/post"}],"author":[{"embeddable":true,"href":"https:\/\/www.novaconcursos.com.br\/portal\/wp-json\/wp\/v2\/users\/54674"}],"replies":[{"embeddable":true,"href":"https:\/\/www.novaconcursos.com.br\/portal\/wp-json\/wp\/v2\/comments?post=142020"}],"version-history":[{"count":3,"href":"https:\/\/www.novaconcursos.com.br\/portal\/wp-json\/wp\/v2\/posts\/142020\/revisions"}],"predecessor-version":[{"id":142025,"href":"https:\/\/www.novaconcursos.com.br\/portal\/wp-json\/wp\/v2\/posts\/142020\/revisions\/142025"}],"wp:featuredmedia":[{"embeddable":true,"href":"https:\/\/www.novaconcursos.com.br\/portal\/wp-json\/wp\/v2\/media\/142022"}],"wp:attachment":[{"href":"https:\/\/www.novaconcursos.com.br\/portal\/wp-json\/wp\/v2\/media?parent=142020"}],"wp:term":[{"taxonomy":"category","embeddable":true,"href":"https:\/\/www.novaconcursos.com.br\/portal\/wp-json\/wp\/v2\/categories?post=142020"},{"taxonomy":"post_tag","embeddable":true,"href":"https:\/\/www.novaconcursos.com.br\/portal\/wp-json\/wp\/v2\/tags?post=142020"}],"curies":[{"name":"wp","href":"https:\/\/api.w.org\/{rel}","templated":true}]}}