{"id":142253,"date":"2021-09-03T14:38:52","date_gmt":"2021-09-03T17:38:52","guid":{"rendered":"https:\/\/www.novaconcursos.com.br\/portal\/?p=142253"},"modified":"2021-09-03T14:38:56","modified_gmt":"2021-09-03T17:38:56","slug":"concurso-trf3-tem-proposta-banca-analise","status":"publish","type":"post","link":"https:\/\/www.novaconcursos.com.br\/portal\/noticias\/concurso-trf3-tem-proposta-banca-analise\/","title":{"rendered":"Concurso TRF3: Tem proposta de banca em an\u00e1lise!"},"content":{"rendered":"<p>A comiss\u00e3o organizadora do <a href=\"https:\/\/www.novaconcursos.com.br\/portal\/concursos\/concurso-trf-3a-regiao\/\">concurso TRF3<\/a> est\u00e1 analisando a proposta da banca <strong>Instituto ACCESS<\/strong> para estar \u00e0 frente da nova sele\u00e7\u00e3o!<\/p>\n\n\n\n<ul class=\"wp-block-list\"><li><strong>Confira<\/strong>:<a href=\"https:\/\/www.novaconcursos.com.br\/eventos\/guia-definitivo-como-montar-um-mapa-mental\/\" target=\"_blank\" rel=\"noreferrer noopener\" aria-label=\" Como Montar um Mapa Mental (Gr\u00e1tis) (abre numa nova aba)\"> Como Montar um Mapa Mental (Gr\u00e1tis)<\/a><\/li><\/ul><p><\/p>\n\n\n\n<p>O concurso tinha a tradi\u00e7\u00e3o de contratar a <strong>Funda\u00e7\u00e3o Carlos Chagas<\/strong> (FCC) para organizar seus concursos, por\u00e9m essa tradi\u00e7\u00e3o n\u00e3o ser\u00e1 seguida em 2021, aparentemente.<\/p>\n\n\n\n<ul class=\"wp-block-list\"><li><strong>Adquira<\/strong>: <a href=\"https:\/\/www.novaconcursos.com.br\/concurso\/trf-3-regiao-sao-paulo-e-mato-grosso-do-sul\/apostila\">Apostila Concurso TRF 3<\/a><\/li><li><strong>Adquira<\/strong>: <a href=\"https:\/\/www.novaconcursos.com.br\/concurso\/trf-3-regiao-sao-paulo-e-mato-grosso-do-sul\/curso-online\">Curso Online Concurso TRF 3<\/a><\/li><\/ul><p><\/p>\n\n\n\n<p>A comiss\u00e3o j\u00e1 analisou a proposta do Instituto Universal de Desenvolvimento Social (<strong>Iuds<\/strong>), que foi desclassificado, e tamb\u00e9m da banca <strong>Metr\u00f3pole<\/strong>, que tamb\u00e9m n\u00e3o permaneceu no processo.<\/p>\n\n\n\n<p>O Instituto ACCESS \u00e9 a terceira proposta mais barata para organizar o certame e ainda <strong>n\u00e3o h\u00e1 previs\u00e3o para a finaliza\u00e7\u00e3o <\/strong>do processo de escolha de banca.<\/p>\n\n\n\n<p>Ainda existem outras empresas que enviaram suas <strong>propostas <\/strong>para estar \u00e0 frente do <a href=\"https:\/\/www.novaconcursos.com.br\/portal\/concursos-abertos\/\">concurso <\/a>da 3\u00aa Regi\u00e3o da Justi\u00e7a (S\u00e3o Paulo e Mato Grosso do Sul), portanto ainda h\u00e1 bastante o que ser analisado.<\/p>\n\n\n\n<h2 class=\"wp-block-heading\" id=\"edital-de-concurso-trf3-deve-ser-lanado-ainda-em-2021-\">Edital de concurso TRF3 deve ser lan\u00e7ado ainda em 2021! <\/h2>\n\n\n\n<p>O Tribunal Regional Federal da 3\u00aa Regi\u00e3o, ap\u00f3s a \u00faltima edi\u00e7\u00e3o do concurso de 2019, afirmou que teria <strong>planos para realizar um outro certame <\/strong>no segundo semestre de 2021.<\/p>\n\n\n\n<p><em>\u201cInformamos que h\u00e1 previs\u00e3o de realiza\u00e7\u00e3o do concurso p\u00fablico para provimento de cargos desta Justi\u00e7a Federal da 3\u00aa Regi\u00e3o no segundo semestre do presente exerc\u00edcio, ap\u00f3s o processo licitat\u00f3rio para contrata\u00e7\u00e3o de empresa especializada, divulgado nos termos do Aviso de Licita\u00e7\u00e3o do Preg\u00e3o Eletr\u00f4nico n\u00ba 028\/2021, publicado no Di\u00e1rio Oficial da Uni\u00e3o, Se\u00e7\u00e3o 3, de 26\/07\/2021\u201d,<\/em> disse o Tribunal.<\/p>\n\n\n\n<p>A <strong>expectativa <\/strong>\u00e9 de que o edital saia ainda neste ano.<\/p>\n\n\n\n<h2 class=\"wp-block-heading\" id=\"concurso-trf3-j-tem-projeto-bsico-publicado-\">Concurso TRF3 j\u00e1 tem projeto b\u00e1sico publicado! <\/h2>\n\n\n\n<p>Al\u00e9m do processo de licita\u00e7\u00e3o para contratar uma banca para o <a href=\"https:\/\/www.novaconcursos.com.br\/portal\/concursos-previstos\/\">concurso <\/a>TRF da 3\u00aa Regi\u00e3o (S\u00e3o Paulo e Mato Grosso do Sul), a sele\u00e7\u00e3o j\u00e1 tem o <strong>projeto b\u00e1sico publicado<\/strong>, o que aumenta a expectativa sobre a abertura do novo edital.<\/p>\n\n\n\n<p>Os <strong>cargos <\/strong>que ser\u00e3o ofertados no pr\u00f3ximo concurso, de acordo com o Projeto B\u00e1sico, s\u00e3o:<\/p>\n\n\n\n<h3 class=\"wp-block-heading\">N\u00edvel M\u00e9dio <\/h3>\n\n\n\n<ul class=\"wp-block-list\"><li>Administrativa, na \u00e1rea de Seguran\u00e7a e Transporte (5 vagas para S\u00e3o Paulo capital);<\/li><li>Administrativa, na \u00e1rea de Seguran\u00e7a e Transporte (2 vagas para S\u00e3o Paulo interior);<\/li><li>Administrativa, na \u00e1rea de Seguran\u00e7a e Transporte (1 vaga para Mato Groso do Sul);<\/li><li>Apoio Especializado, na \u00e1rea de Enfermagem (1 vaga para S\u00e3o Paulo capital).<\/li><\/ul><p><\/p>\n\n\n\n<h3 class=\"wp-block-heading\">N\u00edvel Superior <\/h3>\n\n\n\n<ul class=\"wp-block-list\"><li>Apoio Especializado, na \u00e1rea de Medicina\/Psiquiatria (1 vaga para S\u00e3o Paulo Capital);<\/li><li>Medicina do Trabalho (1 vaga para S\u00e3o Paulo capital);<\/li><li>Psicologia do Trabalho (1 vaga para S\u00e3o Paulo capital);<\/li><li>Psicologia Cl\u00ednica (1 vaga S\u00e3o Paulo capital);<\/li><li>Servi\u00e7o Social (1 vaga para S\u00e3o Paulo capital);<\/li><li>Medicina Cl\u00ednica Geral (1 vaga para Mato Grosso do Sul).<\/li><\/ul><p><\/p>\n\n\n\n<p>O <strong>sal\u00e1rio <\/strong>para as vagas de n\u00edvel m\u00e9dio \u00e9 de <strong>R$ 7.591,37<\/strong>, enquanto o sal\u00e1rio para as carreiras de n\u00edvel superior s\u00e3o de <strong>R$ 12.455,30.<\/strong><\/p>","protected":false},"excerpt":{"rendered":"<p>A comiss\u00e3o organizadora do concurso TRF3 est\u00e1 analisando a proposta da banca Instituto ACCESS para estar \u00e0 frente da nova sele\u00e7\u00e3o! Confira: Como Montar um Mapa Mental (Gr\u00e1tis) O concurso tinha a tradi\u00e7\u00e3o de contratar a Funda\u00e7\u00e3o Carlos Chagas (FCC) para organizar seus concursos, por\u00e9m essa tradi\u00e7\u00e3o n\u00e3o ser\u00e1 seguida em 2021, aparentemente. Adquira: Apostila [&hellip;]<\/p>\n","protected":false},"author":54673,"featured_media":130508,"comment_status":"closed","ping_status":"closed","sticky":false,"template":"","format":"standard","meta":{"_acf_changed":false,"footnotes":"","_wp_rev_ctl_limit":""},"categories":[228],"tags":[16011,37122,23706,41103,40956,38151,41104,40588,4047,40587,41102,10538,10539],"class_list":["post-142253","post","type-post","status-publish","format-standard","has-post-thumbnail","hentry","category-noticias","tag-concurso-trf-3","tag-concursos-ms","tag-concursos-sp","tag-concursos-trf","tag-editais-ms","tag-editais-sp","tag-editais-trf","tag-edital-trf-3","tag-trf","tag-trf-3","tag-tribunal-de-justica-federal","tag-tribunal-regional-federal","tag-tribunal-regional-federal-3a-regiao"],"acf":[],"_links":{"self":[{"href":"https:\/\/www.novaconcursos.com.br\/portal\/wp-json\/wp\/v2\/posts\/142253","targetHints":{"allow":["GET"]}}],"collection":[{"href":"https:\/\/www.novaconcursos.com.br\/portal\/wp-json\/wp\/v2\/posts"}],"about":[{"href":"https:\/\/www.novaconcursos.com.br\/portal\/wp-json\/wp\/v2\/types\/post"}],"author":[{"embeddable":true,"href":"https:\/\/www.novaconcursos.com.br\/portal\/wp-json\/wp\/v2\/users\/54673"}],"replies":[{"embeddable":true,"href":"https:\/\/www.novaconcursos.com.br\/portal\/wp-json\/wp\/v2\/comments?post=142253"}],"version-history":[{"count":5,"href":"https:\/\/www.novaconcursos.com.br\/portal\/wp-json\/wp\/v2\/posts\/142253\/revisions"}],"predecessor-version":[{"id":142264,"href":"https:\/\/www.novaconcursos.com.br\/portal\/wp-json\/wp\/v2\/posts\/142253\/revisions\/142264"}],"wp:featuredmedia":[{"embeddable":true,"href":"https:\/\/www.novaconcursos.com.br\/portal\/wp-json\/wp\/v2\/media\/130508"}],"wp:attachment":[{"href":"https:\/\/www.novaconcursos.com.br\/portal\/wp-json\/wp\/v2\/media?parent=142253"}],"wp:term":[{"taxonomy":"category","embeddable":true,"href":"https:\/\/www.novaconcursos.com.br\/portal\/wp-json\/wp\/v2\/categories?post=142253"},{"taxonomy":"post_tag","embeddable":true,"href":"https:\/\/www.novaconcursos.com.br\/portal\/wp-json\/wp\/v2\/tags?post=142253"}],"curies":[{"name":"wp","href":"https:\/\/api.w.org\/{rel}","templated":true}]}}