{"id":142340,"date":"2021-09-06T14:55:02","date_gmt":"2021-09-06T17:55:02","guid":{"rendered":"https:\/\/www.novaconcursos.com.br\/portal\/?p=142340"},"modified":"2021-09-06T14:55:06","modified_gmt":"2021-09-06T17:55:06","slug":"concurso-ministerio-da-saude-edital-em-pauta-pode-sair-nos-proximos-meses","status":"publish","type":"post","link":"https:\/\/www.novaconcursos.com.br\/portal\/noticias\/concurso-ministerio-da-saude-edital-em-pauta-pode-sair-nos-proximos-meses\/","title":{"rendered":"Concurso Minist\u00e9rio da Sa\u00fade: Edital em pauta e pode sair nos pr\u00f3ximos meses!"},"content":{"rendered":"<p>Aten\u00e7\u00e3o, concurseiros interessados no pr\u00f3ximo <a href=\"https:\/\/www.novaconcursos.com.br\/portal\/concursos\/concurso-ministerio-da-saude\/\">concurso Minist\u00e9rio da Sa\u00fade<\/a>. O edital para o novo concurso segue previsto para ser aberto neste <strong>segundo semestre de 2021!<\/strong><\/p>\n\n\n\n<ul class=\"wp-block-list\"><li><strong>Confira: <\/strong><a href=\"https:\/\/www.novaconcursos.com.br\/eventos\/guia-definitivo-como-montar-um-mapa-mental\/\" target=\"_blank\" rel=\"noreferrer noopener\" aria-label=\" (abre numa nova aba)\">Guia Definitivo Como montar um mapa mental (Gr\u00e1tis)<\/a><\/li><\/ul><p><\/p>\n\n\n\n<p>De acordo com o Minist\u00e9rio da Sa\u00fade, o edital para seu pr\u00f3ximo concurso com vagas tempor\u00e1rias ser\u00e1 publicado <strong>at\u00e9 o final deste ano:<\/strong><\/p>\n\n\n\n<p><em>\u201cO Minist\u00e9rio da Sa\u00fade informa que o certame deve acontecer neste segundo semestre\u201d<\/em>, disse o \u00f3rg\u00e3o.<\/p>\n\n\n\n<p>Maiores informa\u00e7\u00f5es sobre o certame ainda n\u00e3o foram divulgadas, no entanto, de acordo com Sindicato dos Trabalhadores Federais em Sa\u00fade e Previd\u00eancia no Estado do Rio de Janeiro (Sindsprev RJ), cerca de <strong>3 mil contratos tempor\u00e1rios<\/strong> do \u00f3rg\u00e3o est\u00e3o para terminar.<\/p>\n\n\n\n<p>Isso pode ser um indicativo de quantas vagas o <a href=\"https:\/\/www.novaconcursos.com.br\/portal\/concursos-previstos\/nacional\/\">concurso<\/a> oferecer\u00e1, desde que o \u00f3rg\u00e3o tenha a inten\u00e7\u00e3o de <strong>preencher todos os cargos<\/strong> que estar\u00e3o vagos em breve.<\/p>\n\n\n\n<p>Al\u00e9m disso, vale destacar que a <strong>banca organizadora<\/strong> para o processo j\u00e1 foi escolhida, sendo a <a rel=\"noreferrer noopener\" aria-label=\"Funda\u00e7\u00e3o Get\u00falio Vargas (abre numa nova aba)\" href=\"https:\/\/portal.fgv.br\/\" target=\"_blank\">Funda\u00e7\u00e3o Get\u00falio Vargas<\/a> (FGV).<\/p>\n\n\n\n<h2 class=\"wp-block-heading\" id=\"concurso-ministrio-da-sade-panorama\">Concurso Minist\u00e9rio da Sa\u00fade: panorama<\/h2>\n\n\n\n<p>Uma vez que o edital do novo concurso do Minist\u00e9rio da Sa\u00fade ainda n\u00e3o foi publicado, ainda n\u00e3o se sabe qual ser\u00e1 o<strong> quantitativo de vagas<\/strong> oferecido, nem os<strong> cargos<\/strong> a serem contemplados.<\/p>\n\n\n\n<p>No entanto, o \u00f3rg\u00e3o revelou que o novo certame se basear\u00e1 na <strong>portaria n\u00ba 11.259<\/strong> de maio de 2020, que contava com aval para <strong>4.117 vagas tempor\u00e1rias.<\/strong><\/p>\n\n\n\n<p>Dessa forma, se o novo edital toma como base a portaria do ano passado, \u00e9 poss\u00edvel que as <strong>carreiras<\/strong> contempladas sejam as seguintes:<\/p>\n\n\n\n<ul class=\"wp-block-list\"><li><strong>N\u00edvel intermedi\u00e1rio (m\u00e9dio ou t\u00e9cnico):<\/strong> Atividades de Suporte em Gest\u00e3o e Manuten\u00e7\u00e3o Hospitalar, Apoio T\u00e9cnico e Diagn\u00f3stico e T\u00e9cnico de Enfermagem;<\/li><li><strong>N\u00edvel superior:<\/strong> M\u00e9dico, Enfermeiro e Atividades de Gest\u00e3o e Manuten\u00e7\u00e3o Hospitalar, Apoio T\u00e9cnico e Diagn\u00f3stico.<\/li><\/ul><p><\/p>\n\n\n\n<p>Al\u00e9m disso, as <strong>remunera\u00e7\u00f5es<\/strong> para os cargos chegavam a at\u00e9 <strong>R$11 mil.<\/strong><\/p>\n\n\n\n<h2 class=\"wp-block-heading\" id=\"concurso-ministrio-da-sade-lotaes\">Concurso Minist\u00e9rio da Sa\u00fade: lota\u00e7\u00f5es<\/h2>\n\n\n\n<p>Visto que o novo <a href=\"https:\/\/www.novaconcursos.com.br\/portal\/concursos-abertos\/nacional\/\">concurso p\u00fablico<\/a> poder\u00e1 se basear na portaria do ano passado, \u00e9 prov\u00e1vel que os candidatos aprovados realizem suas atividades nas seguintes <strong>unidades:<\/strong><\/p>\n\n\n\n<ul class=\"wp-block-list\"><li>Hospital Federal do Andara\u00ed (HFA);<\/li><li>Hospital Federal de Bonsucesso (HFB);<\/li><li>Hospital Federal da Lagoa (HFL);<\/li><li>Hospital Federal dos Servidores do Estado (HFSE);<\/li><li>Hospital Federal de Ipanema (HFI);<\/li><li>Hospital Federal Cardoso Fontes (HFCF);<\/li><li>Instituto Nacional de Cardiologia (INC);<\/li><li>Instituto Nacional de Traumatologia e Ortopedia (Into); e<\/li><li>Instituto Nacional de C\u00e2ncer Jos\u00e9 Alencar Gomes da Silva (Inca).<\/li><\/ul><p><\/p>\n\n\n\n<h2 class=\"wp-block-heading\" id=\"ltimo-processo-seletivo\">\u00daltimo processo seletivo<\/h2>\n\n\n\n<p>O \u00faltimo concurso do Minist\u00e9rio da Sa\u00fade aconteceu em <strong>2020<\/strong> e ofereceu <strong>4.117 oportunidades<\/strong> tempor\u00e1rias para <strong>n\u00edveis m\u00e9dio e superior<\/strong>, com lota\u00e7\u00f5es em unidades hospitalares do Rio de Janeiro.<\/p>\n\n\n\n<p>As vagas foram distribu\u00eddas\nentre os cargos ofertados da seguinte maneira:<\/p>\n\n\n\n<ul class=\"wp-block-list\"><li><strong>N\u00edvel M\u00e9dio:<\/strong> T\u00e9cnico de Enfermagem (865 vagas), Atividades de Suporte em Gest\u00e3o e Manuten\u00e7\u00e3o Hospitalar, Apoio T\u00e9cnico e Diagn\u00f3stico (604 vagas);<\/li><li><strong>N\u00edvel Superior:<\/strong> Medicina (1.137 vagas), Enfermagem (996 vagas), Atividades de Gest\u00e3o e Manuten\u00e7\u00e3o Hospitalar, Apoio T\u00e9cnico e Diagn\u00f3stico (604 vagas).<\/li><\/ul><p><\/p>\n\n\n\n<p>Al\u00e9m disso, o concurso contou com mais de <strong>40 mil inscritos<\/strong>, e os candidatos foram avaliados por meio de uma <strong>an\u00e1lise curricular.<\/strong><\/p>","protected":false},"excerpt":{"rendered":"<p>Aten\u00e7\u00e3o, concurseiros interessados no pr\u00f3ximo concurso Minist\u00e9rio da Sa\u00fade. O edital para o novo concurso segue previsto para ser aberto neste segundo semestre de 2021! Confira: Guia Definitivo Como montar um mapa mental (Gr\u00e1tis) De acordo com o Minist\u00e9rio da Sa\u00fade, o edital para seu pr\u00f3ximo concurso com vagas tempor\u00e1rias ser\u00e1 publicado at\u00e9 o final [&hellip;]<\/p>\n","protected":false},"author":54674,"featured_media":134882,"comment_status":"closed","ping_status":"closed","sticky":false,"template":"","format":"standard","meta":{"_acf_changed":false,"footnotes":"","_wp_rev_ctl_limit":""},"categories":[228],"tags":[41132,41135,129,41131,41133,41134,41137,41136,41138,41130],"class_list":["post-142340","post","type-post","status-publish","format-standard","has-post-thumbnail","hentry","category-noticias","tag-cargos-concurso-ministerio-da-saude","tag-concurs-ministerio-da-saude-salario","tag-concurso-ministerio-da-saude","tag-concurso-ministerio-da-saude-2021","tag-concurso-ministerio-da-saude-edital","tag-concurso-ministerio-da-saude-edital-previsto","tag-concurso-ministerio-da-saude-lotacoes","tag-edital-previsto-concurso-ministerio-da-saude","tag-ultimo-concurso-ministerio-da-saude","tag-vagas-concurso-ministerio-da-saude"],"acf":[],"_links":{"self":[{"href":"https:\/\/www.novaconcursos.com.br\/portal\/wp-json\/wp\/v2\/posts\/142340","targetHints":{"allow":["GET"]}}],"collection":[{"href":"https:\/\/www.novaconcursos.com.br\/portal\/wp-json\/wp\/v2\/posts"}],"about":[{"href":"https:\/\/www.novaconcursos.com.br\/portal\/wp-json\/wp\/v2\/types\/post"}],"author":[{"embeddable":true,"href":"https:\/\/www.novaconcursos.com.br\/portal\/wp-json\/wp\/v2\/users\/54674"}],"replies":[{"embeddable":true,"href":"https:\/\/www.novaconcursos.com.br\/portal\/wp-json\/wp\/v2\/comments?post=142340"}],"version-history":[{"count":3,"href":"https:\/\/www.novaconcursos.com.br\/portal\/wp-json\/wp\/v2\/posts\/142340\/revisions"}],"predecessor-version":[{"id":142346,"href":"https:\/\/www.novaconcursos.com.br\/portal\/wp-json\/wp\/v2\/posts\/142340\/revisions\/142346"}],"wp:featuredmedia":[{"embeddable":true,"href":"https:\/\/www.novaconcursos.com.br\/portal\/wp-json\/wp\/v2\/media\/134882"}],"wp:attachment":[{"href":"https:\/\/www.novaconcursos.com.br\/portal\/wp-json\/wp\/v2\/media?parent=142340"}],"wp:term":[{"taxonomy":"category","embeddable":true,"href":"https:\/\/www.novaconcursos.com.br\/portal\/wp-json\/wp\/v2\/categories?post=142340"},{"taxonomy":"post_tag","embeddable":true,"href":"https:\/\/www.novaconcursos.com.br\/portal\/wp-json\/wp\/v2\/tags?post=142340"}],"curies":[{"name":"wp","href":"https:\/\/api.w.org\/{rel}","templated":true}]}}