{"id":142373,"date":"2021-09-06T14:57:14","date_gmt":"2021-09-06T17:57:14","guid":{"rendered":"https:\/\/www.novaconcursos.com.br\/portal\/?p=142373"},"modified":"2021-09-06T14:57:18","modified_gmt":"2021-09-06T17:57:18","slug":"concurso-detran-am-edital-sai-ate-outubro-diz-governador","status":"publish","type":"post","link":"https:\/\/www.novaconcursos.com.br\/portal\/noticias\/concurso-detran-am-edital-sai-ate-outubro-diz-governador\/","title":{"rendered":"Concurso Detran AM: Edital sai at\u00e9 outubro, diz governador!"},"content":{"rendered":"<p>Aten\u00e7\u00e3o, concurseiros! O edital para o novo <a href=\"https:\/\/www.novaconcursos.com.br\/portal\/concursos\/concurso-detran-am\/\">concurso Detran AM<\/a> deve sair at\u00e9 o <strong>m\u00eas de outubro<\/strong>, de acordo com o governador do estado.<\/p>\n\n\n\n<ul class=\"wp-block-list\"><li><strong>Confira: <\/strong><a href=\"https:\/\/www.novaconcursos.com.br\/eventos\/guia-definitivo-plano-de-estudos-passo-a-passo\/\" target=\"_blank\" rel=\"noreferrer noopener\" aria-label=\" (abre numa nova aba)\">Guia Definitivo Plano de Estudos \u2013 Gr\u00e1tis<\/a><\/li><\/ul><p><\/p>\n\n\n\n<p>Na \u00faltima sexta-feira, <strong>03 de setembro de 2021<\/strong>, o governador do <a href=\"https:\/\/www.novaconcursos.com.br\/portal\/concursos-previstos\/am\/\">Amazonas<\/a>, Wilson Lima, anunciou que os editais para concursos voltados \u00e0 Seguran\u00e7a P\u00fablica ser\u00e3o publicados <strong>at\u00e9 o m\u00eas de outubro:<\/strong><\/p>\n\n\n\n<p><em>\u201cAs comiss\u00f5es j\u00e1 foram montadas e estamos na fase final de conclus\u00e3o para o lan\u00e7amento dos editais. No final desse m\u00eas [setembro], no mais tardar, in\u00edcio de outubro, a gente lan\u00e7a os editais.\u201d<\/em><\/p>\n\n\n\n<p>Vale destacar que foram autorizadas <strong>2.525 vagas <\/strong>no total para <strong>Seguran\u00e7a P\u00fablica<\/strong>, distribu\u00eddas entre concursos PM AM, Bombeiros AM, PC AM e Detran AM.<\/p>\n\n\n\n<h2 class=\"wp-block-heading\" id=\"concurso-detran-am-detalhes\">Concurso Detran AM: detalhes<\/h2>\n\n\n\n<p>Para o concurso do Detran AM ser\u00e3o oferecidas <strong>210 vagas<\/strong>, sendo 60 para <strong>n\u00edvel m\u00e9dio<\/strong> e 150 para <strong>n\u00edvel superior.<\/strong><\/p>\n\n\n\n<p>Os cargos a serem contemplados ainda n\u00e3o foram revelados, mas sabe-se que as <strong>remunera\u00e7\u00f5es <\/strong>girar\u00e3o entre <strong>R$2,3 mil e R$5,5 mil.<\/strong><\/p>\n\n\n\n<p>Al\u00e9m disso, a <strong>comiss\u00e3o organizadora<\/strong>, respons\u00e1vel por auxiliar nos tr\u00e2mites para a realiza\u00e7\u00e3o do concurso p\u00fablico, <strong>j\u00e1 foi definida<\/strong>. Confira os membros:<\/p>\n\n\n\n<ul class=\"wp-block-list\"><li>Edsl\u00e2ngela Rodrigues dos Santos (presidente);<\/li><li>Ceceliene Raimunda Pedrosa;<\/li><li>Gleice dos Santos Barros;<\/li><li>Wendell Waughan Monteiro;<\/li><li>Sergio Augusto Gra\u00e7a Cavalcante<\/li><\/ul><p><\/p>\n\n\n\n<h2 class=\"wp-block-heading\" id=\"concurso-aguardado-desde-2017\">Concurso \u00e9 aguardado desde 2017<\/h2>\n\n\n\n<p>\u00c9 importante destacar que o edital para o concurso do Departamento de Tr\u00e2nsito do <a href=\"https:\/\/www.novaconcursos.com.br\/portal\/concursos-abertos\/am\/\">Amazonas<\/a> ser\u00e1 o <strong>primeiro<\/strong> em convocar servidores por meio de <strong>concurso p\u00fablico. <\/strong><\/p>\n\n\n\n<p>Uma sele\u00e7\u00e3o aconteceu em <strong>1995<\/strong>, entretanto, os candidatos aprovados <strong>nunca foram convocados<\/strong>. Sendo assim, atualmente, o \u00f3rg\u00e3o conta com um quadro profissional composto por celetistas, tempor\u00e1rios e estagi\u00e1rios.<\/p>\n\n\n\n<p>Al\u00e9m disso, o concurso \u00e9 aguardado desde <strong>2017,<\/strong> ano em que o Minist\u00e9rio P\u00fablico <strong>solicitou<\/strong> que o processo seletivo acontecesse.<\/p>\n\n\n\n<h2 class=\"wp-block-heading\" id=\"outros-concursos-no-estado-do-amazonas\">Outros concursos no estado do Amazonas<\/h2>\n\n\n\n<p>Al\u00e9m do concurso Detran AM,<strong> outros editais<\/strong> ser\u00e3o abertos at\u00e9 outubro para a Seguran\u00e7a P\u00fablica do estado, que n\u00e3o conta com processo seletivo <strong>h\u00e1 uma d\u00e9cada.<\/strong><\/p>\n\n\n\n<p>O <a href=\"https:\/\/www.novaconcursos.com.br\/portal\/concursos\/concurso-pc-am\/\">concurso PC AM<\/a> tamb\u00e9m j\u00e1 conta com comiss\u00e3o organizadora formada, e oferecer\u00e1 <strong>362 vagas<\/strong> para os cargos de Delegado, Investigador, Escriv\u00e3o e Perito, todos de <strong>n\u00edvel superior<\/strong>. Os sal\u00e1rios ser\u00e3o de at\u00e9 <strong>R$20 mil.<\/strong><\/p>\n\n\n\n<p>J\u00e1 para o <a href=\"https:\/\/www.novaconcursos.com.br\/portal\/concursos\/concurso-pm-am\/\">concurso PM AM<\/a>, ser\u00e3o ofertadas <strong>1.350 vagas de n\u00edveis superior e m\u00e9dio<\/strong> para os cargos de Aluno Soldado e Aluno Oficial, que contar\u00e3o com ganhos entre <strong>R$2.657,28 e R$7.180,34.<\/strong><\/p>\n\n\n\n<p>Al\u00e9m disso, o estado tamb\u00e9m contar\u00e1 com edital para o <a href=\"https:\/\/www.novaconcursos.com.br\/portal\/concursos\/concurso-bombeiros-am\/\">Corpo de Bombeiros<\/a>, que possuir\u00e1<strong> 453 vagas de n\u00edvel m\u00e9dio e superior<\/strong> para os cargos de Soldado e Oficial. Nesse caso, os vencimentos ser\u00e3o de at\u00e9 <strong>R$8 mil <\/strong>ap\u00f3s forma\u00e7\u00e3o.<\/p>","protected":false},"excerpt":{"rendered":"<p>Aten\u00e7\u00e3o, concurseiros! O edital para o novo concurso Detran AM deve sair at\u00e9 o m\u00eas de outubro, de acordo com o governador do estado. Confira: Guia Definitivo Plano de Estudos \u2013 Gr\u00e1tis Na \u00faltima sexta-feira, 03 de setembro de 2021, o governador do Amazonas, Wilson Lima, anunciou que os editais para concursos voltados \u00e0 Seguran\u00e7a [&hellip;]<\/p>\n","protected":false},"author":54674,"featured_media":137457,"comment_status":"closed","ping_status":"closed","sticky":false,"template":"","format":"standard","meta":{"_acf_changed":false,"footnotes":"","_wp_rev_ctl_limit":""},"categories":[228],"tags":[3632,40114,40120,41152,40115,40116,40117],"class_list":["post-142373","post","type-post","status-publish","format-standard","has-post-thumbnail","hentry","category-noticias","tag-concurso-detran","tag-concurso-detran-am","tag-concurso-detran-am-autorizado","tag-concurso-detran-am-previsto","tag-edital-concurso-detran-am","tag-salarios-concurso-detran-am","tag-vagas-concurso-detran-am"],"acf":[],"_links":{"self":[{"href":"https:\/\/www.novaconcursos.com.br\/portal\/wp-json\/wp\/v2\/posts\/142373","targetHints":{"allow":["GET"]}}],"collection":[{"href":"https:\/\/www.novaconcursos.com.br\/portal\/wp-json\/wp\/v2\/posts"}],"about":[{"href":"https:\/\/www.novaconcursos.com.br\/portal\/wp-json\/wp\/v2\/types\/post"}],"author":[{"embeddable":true,"href":"https:\/\/www.novaconcursos.com.br\/portal\/wp-json\/wp\/v2\/users\/54674"}],"replies":[{"embeddable":true,"href":"https:\/\/www.novaconcursos.com.br\/portal\/wp-json\/wp\/v2\/comments?post=142373"}],"version-history":[{"count":3,"href":"https:\/\/www.novaconcursos.com.br\/portal\/wp-json\/wp\/v2\/posts\/142373\/revisions"}],"predecessor-version":[{"id":142380,"href":"https:\/\/www.novaconcursos.com.br\/portal\/wp-json\/wp\/v2\/posts\/142373\/revisions\/142380"}],"wp:featuredmedia":[{"embeddable":true,"href":"https:\/\/www.novaconcursos.com.br\/portal\/wp-json\/wp\/v2\/media\/137457"}],"wp:attachment":[{"href":"https:\/\/www.novaconcursos.com.br\/portal\/wp-json\/wp\/v2\/media?parent=142373"}],"wp:term":[{"taxonomy":"category","embeddable":true,"href":"https:\/\/www.novaconcursos.com.br\/portal\/wp-json\/wp\/v2\/categories?post=142373"},{"taxonomy":"post_tag","embeddable":true,"href":"https:\/\/www.novaconcursos.com.br\/portal\/wp-json\/wp\/v2\/tags?post=142373"}],"curies":[{"name":"wp","href":"https:\/\/api.w.org\/{rel}","templated":true}]}}